{"id":38264,"date":"2019-10-12T07:08:43","date_gmt":"2019-10-12T05:08:43","guid":{"rendered":"http:\/\/www.abmnews.com\/blog\/?p=38264"},"modified":"2019-10-12T07:08:46","modified_gmt":"2019-10-12T05:08:46","slug":"mercato-bmw-group-continua-a-crescere-a-settembre","status":"publish","type":"post","link":"http:\/\/www.abmnews.com\/blog\/mercato-bmw-group-continua-a-crescere-a-settembre\/","title":{"rendered":"Mercato: BMW Group continua a crescere a settembre"},"content":{"rendered":"\n<div>\n<p>Nei primi nove mesi dell&#8217;anno, il BMW Group ha aumentato le sue vendite mondiali dell&#8217;1,7%, raggiungendo 1.866.198 unit\u00e0. Le consegne a settembre sono aumentate del 4,6% rispetto allo stesso mese dell&#8217;anno scorso, con un totale di 248.684 veicoli premium BMW, MINI e Rolls-Royce consegnati ai clienti.<\/p>\n<p>\u201cDopo il successo del lancio sul mercato delle nuove BMW Serie 7, BMW X7, BMW Serie 8 Coup\u00e9 e BMW Serie 8 Cabrio, la BMW Serie 8 Gran Coup\u00e9 \u00e8 da settembre presente anche negli showroom. Con questa offensiva di prodotto, stiamo rafforzando la nostra posizione nel segmento del lusso altamente redditizio&#8221;, ha affermato Pieter Nota, membro del consiglio di amministrazione di BMW AG responsabile per Clienti, Brand e Vendite. \u201cOffriamo anche la pi\u00f9 ampia gamma elettrificata di tutti i nostri concorrenti. Al suo sesto anno, la BMW i3 completamente elettrica sta ancora andando molto bene e continuer\u00e0 quindi a far parte della nostra gamma nei prossimi anni. Lanceremo un altro veicolo esclusivamente elettrico, la MINI Full Electric, verso la fine dell&#8217;anno\u201d.<\/p>\n<p>Le vendite complessive del marchio BMW per i primi tre trimestri dell&#8217;anno sono aumentate del 2,2% a 1.601.397 unit\u00e0. Nel mese di settembre, sono stati consegnati ai clienti 210.427 veicoli BMW (+ 4,8%). La BMW X3 (+ 74,0%) e la BMW X4 (+ 43,4%), in particolare, hanno registrato un&#8217;elevata crescita a doppia cifra nell&#8217;anno fino ad oggi. Entro sei mesi dalla sua introduzione sul mercato, 25.125 nuovi SAV di lusso della BMW X7 sono gi\u00e0 stati consegnati ai clienti di tutto il mondo.<\/p>\n<\/div>\n<p>Le vendite dei modelli elettrificati del BMW Group sono aumentate del 10,1% a settembre per un totale di 16.035 unit\u00e0, in parte grazie alla nuova BMW 330e*. Le vendite della BMW i per il mese di settembre sono aumentate del 23,9% raggiungendo le 4.148 unit\u00e0. Le vendite della MINI Cooper S E Countryman ALL4 * ibrida plug-in sono cresciute del 35,9% nei primi nove mesi dell&#8217;anno per raggiungere un totale di 11.996 unit\u00e0.<\/p>\n<p>Entro la fine del 2021 il BMW Group intende disporre di un milione di veicoli elettrificati sulle strade. Entro la fine di questo anno, la societ\u00e0 prevede di consegnare ai clienti un totale di mezzo milione di veicoli BMW e MINI completamente elettrici e ibridi plug-in. Il BMW Group prevede inoltre di offrire 25 modelli elettrificati entro il 2023 &#8211; pi\u00f9 della met\u00e0 sar\u00e0 completamente elettrica.<\/p>\n<p>Le vendite globali del marchio MINI hanno raggiunto 37.786 unit\u00e0 a settembre: un aumento del 2,9%. In un segmento altamente competitivo e focalizzato sullo sviluppo delle vendite redditizie, le vendite da inizio anno sono state pari a 261.024 unit\u00e0 (-1,8%). Con una crescita di quasi il 20%, la MINI Countryman, una popolare tuttofare, ha fortemente contribuito alle vendite maggiori del marchio a settembre.<\/p>\n<p>La crescita delle vendite \u00e8 continuata per Rolls-Royce, con un totale di 3.777 auto consegnate ai clienti di tutto il mondo (+ 42,0%) da inizio anno ad oggi. La crescita \u00e8 stata osservata in ogni regione del mondo, con una domanda sostenuta per tutte le famiglie di modelli. Le vendite della Rolls Royce Wraith, in particolare nella variante Black Badge, hanno registrato risultati particolarmente positivi nel periodo. Stabile l&#8217;eccezionale domanda dei clienti per la Rolls-Royce Cullinan, che ha portato a un solido portafoglio ordini, che arriva fino al primo trimestre del 2020. Il marchio rimane sulla buona strada per concludere un 2019 caratterizzato da importanti risultati.<\/p>\n<p>BMW Motorrad ha registrato una solida crescita delle vendite ed ha mantenuto l&#8217;alto livello dell&#8217;anno precedente. Nei primi tre trimestri del 2019, sono stati consegnati ai clienti di tutto il mondo 136.932 motocicli e maxi-scooter (+ 8,0%). A settembre, 15.834 unit\u00e0 (+ 12,1%) sono state vendute in tutto il mondo.<\/p>\n<p><strong>Vendite BMW e MINI nelle regioni \/ mercati<\/strong><\/p>\n<p>A settembre il BMW Group ha aumentato le vendite nelle sue tre principali aree di vendita: Europa (+ 4,4%), Americhe (+ 4,0%) e Cina continentale (+ 5,8%). Per la prima volta, oltre mezzo milione di veicoli sono stati venduti nella Cina continentale nei primi tre trimestri dell&#8217;anno. Grazie al successo dei veicoli BMW X e della nuova BMW Serie 3 Berlina, le vendite di settembre del marchio BMW sono aumentate del 6,0% su base annua negli Stati Uniti. In Germania, a causa dei cambi di modello nel segmento compatto, il Gruppo BMW ha registrato una crescita negativa per il mese di settembre (24.445 unit\u00e0 \/ -15% **). Ad oggi, il BMW Group ha registrato un aumento delle vendite del 3,6%, con 240.009 veicoli venduti nel mercato tedesco. In un ambiente di mercato globale che continua a essere volatile e altamente competitivo, l\u2019azienda prevede di ottenere un leggero aumento delle vendite per l&#8217;intero anno e rimane impegnata nella sua strategia che d\u00e0 priorit\u00e0 alla redditivit\u00e0 rispetto ai volumi.<\/p>\n<p>\u00a0<\/p>\n<p><strong>Vendite BMW e MINI<\/strong><\/p>\n<table border=\"1\" width=\"20%\" cellspacing=\"0\" cellpadding=\"0\">\n<tbody>\n<tr>\n<td valign=\"top\" width=\"141\">\n<p><strong>\u00a0<\/strong><\/p>\n<\/td>\n<td valign=\"top\" width=\"107\">\n<p><strong>Settembre<\/strong><\/p>\n<p><strong>2019<\/strong><\/p>\n<\/td>\n<td valign=\"top\" width=\"107\">\n<p><strong>Rispetto al 2018 %<\/strong><\/p>\n<\/td>\n<td valign=\"top\" width=\"107\">\n<p><strong>Da gennaio a settembre 2019<\/strong><\/p>\n<\/td>\n<td valign=\"top\" width=\"122\">\n<p><strong>Rispetto al 2018 %<\/strong><\/p>\n<\/td>\n<\/tr>\n<tr>\n<td width=\"141\">\n<p><strong>Europa<\/strong><\/p>\n<\/td>\n<td width=\"107\">\n<p>118.600<\/p>\n<\/td>\n<td width=\"107\">\n<p>+4,4<\/p>\n<\/td>\n<td width=\"107\">\n<p>808.689<\/p>\n<\/td>\n<td width=\"122\">\n<p>-0,8<\/p>\n<\/td>\n<\/tr>\n<tr>\n<td width=\"141\">\n<p>&#8211;\u00a0\u00a0\u00a0\u00a0\u00a0\u00a0\u00a0<strong>Germania**<\/strong><\/p>\n<\/td>\n<td width=\"107\">\n<p>24.445<\/p>\n<\/td>\n<td width=\"107\">\n<p>-15,0<\/p>\n<\/td>\n<td width=\"107\">\n<p>240.009<\/p>\n<\/td>\n<td width=\"122\">\n<p>+3,6<\/p>\n<\/td>\n<\/tr>\n<tr>\n<td width=\"141\">\n<p>&#8211;\u00a0\u00a0\u00a0\u00a0\u00a0\u00a0\u00a0 <strong>UK<\/strong><\/p>\n<\/td>\n<td width=\"107\">\n<p>37.517<\/p>\n<\/td>\n<td width=\"107\">\n<p>-1,5<\/p>\n<\/td>\n<td width=\"107\">\n<p>177.126<\/p>\n<\/td>\n<td width=\"122\">\n<p>-2,4<\/p>\n<\/td>\n<\/tr>\n<tr>\n<td width=\"141\">\n<p><strong>Asia<\/strong><\/p>\n<\/td>\n<td width=\"107\">\n<p>84.302<\/p>\n<\/td>\n<td width=\"107\">\n<p>+5,2<\/p>\n<\/td>\n<td width=\"107\">\n<p>680.097<\/p>\n<\/td>\n<td width=\"122\">\n<p>+6,7<\/p>\n<\/td>\n<\/tr>\n<tr>\n<td width=\"141\">\n<p>&#8211;\u00a0\u00a0\u00a0\u00a0\u00a0\u00a0\u00a0 <strong>Cina (Continentale)<\/strong><\/p>\n<\/td>\n<td width=\"107\">\n<p>63.083<\/p>\n<\/td>\n<td width=\"107\">\n<p>+5,8<\/p>\n<\/td>\n<td width=\"107\">\n<p>526.017<\/p>\n<\/td>\n<td width=\"122\">\n<p>+14,4<\/p>\n<\/td>\n<\/tr>\n<tr>\n<td width=\"141\">\n<p>&#8211;\u00a0 \u00a0 \u00a0<strong>Giappone\u00a0<\/strong><\/p>\n<\/td>\n<td width=\"107\">\n<p>7.999<\/p>\n<\/td>\n<td width=\"107\">\n<p>-15,8<\/p>\n<\/td>\n<td width=\"107\">\n<p>55.309<\/p>\n<\/td>\n<td width=\"122\">\n<p>-1,7<\/p>\n<\/td>\n<\/tr>\n<tr>\n<td width=\"141\">\n<p><strong>America<\/strong><\/p>\n<\/td>\n<td width=\"107\">\n<p>40.494<\/p>\n<\/td>\n<td width=\"107\">\n<p>+4,0<\/p>\n<\/td>\n<td width=\"107\">\n<p>333.583<\/p>\n<\/td>\n<td width=\"122\">\n<p>-0,5<\/p>\n<\/td>\n<\/tr>\n<tr>\n<td width=\"141\">\n<p>&#8211;\u00a0\u00a0\u00a0\u00a0\u00a0\u00a0\u00a0 <strong>USA<\/strong><\/p>\n<\/td>\n<td width=\"107\">\n<p>30.972<\/p>\n<\/td>\n<td width=\"107\">\n<p>+5,5<\/p>\n<\/td>\n<td width=\"107\">\n<p>260.180<\/p>\n<\/td>\n<td width=\"122\">\n<p>+0,4<\/p>\n<\/td>\n<\/tr>\n<tr>\n<td width=\"141\">\n<p>&#8211;\u00a0\u00a0\u00a0\u00a0\u00a0\u00a0\u00a0 <strong>America Latina<\/strong><\/p>\n<\/td>\n<td width=\"107\">\n<p>4.807<\/p>\n<\/td>\n<td width=\"107\">\n<p>-1,3<\/p>\n<\/td>\n<td width=\"107\">\n<p>39.880<\/p>\n<\/td>\n<td width=\"122\">\n<p>-1,7<\/p>\n<\/td>\n<\/tr>\n<\/tbody>\n<\/table>\n<p>**Dati provvisori<\/p>\n<p><strong>\u00a0<\/strong><\/p>\n<p><strong>Vendite del BMW Group da gennaio a settembre 2019<\/strong><\/p>\n<table border=\"1\" width=\"20%\" cellspacing=\"0\" cellpadding=\"0\">\n<tbody>\n<tr>\n<td valign=\"top\" width=\"170\">\n<p><strong>\u00a0<\/strong><\/p>\n<\/td>\n<td valign=\"top\" width=\"84\">\n<p><strong>Settembre 2019<\/strong><\/p>\n<\/td>\n<td valign=\"top\" width=\"114\">\n<p><strong>Rispetto al 2018 %<\/strong><\/p>\n<\/td>\n<td valign=\"top\" width=\"94\">\n<p><strong>Da gennaio a settembre 2019 <\/strong><\/p>\n<\/td>\n<td valign=\"top\" width=\"113\">\n<p><strong>Rispetto al 2018 %<\/strong><\/p>\n<\/td>\n<\/tr>\n<tr>\n<td width=\"170\">\n<p><strong>BMW Group Automotive<\/strong><\/p>\n<\/td>\n<td width=\"84\">\n<p>248.684<\/p>\n<\/td>\n<td valign=\"top\" width=\"114\">\n<p>+4,6<\/p>\n<\/td>\n<td width=\"94\">\n<p>1.866.198<\/p>\n<\/td>\n<td valign=\"top\" width=\"113\">\n<p>+1,7<\/p>\n<\/td>\n<\/tr>\n<tr>\n<td width=\"170\">\n<p><strong>BMW<\/strong><\/p>\n<\/td>\n<td width=\"84\">\n<p>210.427<\/p>\n<\/td>\n<td valign=\"top\" width=\"114\">\n<p>+4,8<\/p>\n<\/td>\n<td width=\"94\">\n<p>1.601.397<\/p>\n<\/td>\n<td valign=\"top\" width=\"113\">\n<p>+2,2<\/p>\n<\/td>\n<\/tr>\n<tr>\n<td width=\"170\">\n<p><strong>MINI<\/strong><\/p>\n<\/td>\n<td width=\"84\">\n<p>37.786<\/p>\n<\/td>\n<td valign=\"top\" width=\"114\">\n<p>+2,9<\/p>\n<\/td>\n<td width=\"94\">\n<p>261.024<\/p>\n<\/td>\n<td valign=\"top\" width=\"113\">\n<p>-1,8<\/p>\n<\/td>\n<\/tr>\n<tr>\n<td width=\"170\">\n<p><strong>Rolls-Royce<\/strong><\/p>\n<\/td>\n<td width=\"84\">\n<p>471<\/p>\n<\/td>\n<td width=\"114\">\n<p>+38,5<\/p>\n<\/td>\n<td width=\"94\">\n<p>3.777<\/p>\n<\/td>\n<td width=\"113\">\n<p>+42,0<\/p>\n<\/td>\n<\/tr>\n<tr>\n<td width=\"170\">\n<p><strong>BMW Group electrified***<\/strong><\/p>\n<\/td>\n<td width=\"84\">\n<p>16.035<\/p>\n<\/td>\n<td width=\"114\">\n<p>+10,1<\/p>\n<\/td>\n<td width=\"94\">\n<p>96.570<\/p>\n<\/td>\n<td width=\"113\">\n<p>-1,0<\/p>\n<\/td>\n<\/tr>\n<tr>\n<td width=\"170\">\n<p><strong>BMW Motorrad<\/strong><\/p>\n<\/td>\n<td width=\"84\">\n<p>15.834<\/p>\n<\/td>\n<td valign=\"top\" width=\"114\">\n<p>+12,1<\/p>\n<\/td>\n<td width=\"94\">\n<p>136.932<\/p>\n<\/td>\n<td valign=\"top\" width=\"113\">\n<p>+8,0<\/p>\n<\/td>\n<\/tr>\n<\/tbody>\n<\/table>\n<p>***Veicoli BMW e MINI ibridi completamente elettrici e plug-in<\/p>\n<p>\u00a0<\/p>\n","protected":false},"excerpt":{"rendered":"","protected":false},"author":2,"featured_media":38265,"comment_status":"closed","ping_status":"open","sticky":false,"template":"","format":"standard","meta":{"tdm_status":"","tdm_grid_status":"","footnotes":""},"categories":[363,6323,293],"tags":[],"class_list":["post-38264","post","type-post","status-publish","format-standard","has-post-thumbnail","category-bmw","category-mercato","category-news"],"yoast_head":"<!-- This site is optimized with the Yoast SEO plugin v28.0 - https:\/\/yoast.com\/product\/yoast-seo-wordpress\/ -->\n<title>Mercato: BMW Group continua a crescere a settembre - AbmNews<\/title>\n<meta name=\"robots\" content=\"index, follow, max-snippet:-1, max-image-preview:large, max-video-preview:-1\" \/>\n<link rel=\"canonical\" href=\"https:\/\/www.abmnews.com\/blog\/mercato-bmw-group-continua-a-crescere-a-settembre\/\" \/>\n<meta property=\"og:locale\" content=\"it_IT\" \/>\n<meta property=\"og:type\" content=\"article\" \/>\n<meta property=\"og:title\" content=\"Mercato: BMW Group continua a crescere a settembre - AbmNews\" \/>\n<meta property=\"og:url\" content=\"https:\/\/www.abmnews.com\/blog\/mercato-bmw-group-continua-a-crescere-a-settembre\/\" \/>\n<meta property=\"og:site_name\" content=\"AbmNews\" \/>\n<meta property=\"article:publisher\" content=\"https:\/\/www.facebook.com\/ABMnews\" \/>\n<meta property=\"article:published_time\" content=\"2019-10-12T05:08:43+00:00\" \/>\n<meta property=\"article:modified_time\" content=\"2019-10-12T05:08:46+00:00\" \/>\n<meta property=\"og:image\" content=\"https:\/\/www.abmnews.com\/blog\/wp-content\/uploads\/2019\/10\/P90351029_highRes_the-new-bmw-8-series.jpg\" \/>\n\t<meta property=\"og:image:width\" content=\"800\" \/>\n\t<meta property=\"og:image:height\" content=\"533\" \/>\n\t<meta property=\"og:image:type\" content=\"image\/jpeg\" \/>\n<meta name=\"author\" content=\"Redazione\" \/>\n<meta name=\"twitter:card\" content=\"summary_large_image\" \/>\n<meta name=\"twitter:creator\" content=\"@ABMnewscom\" \/>\n<meta name=\"twitter:site\" content=\"@ABMnewscom\" \/>\n<meta name=\"twitter:label1\" content=\"Scritto da\" \/>\n\t<meta name=\"twitter:data1\" content=\"Redazione\" \/>\n\t<meta name=\"twitter:label2\" content=\"Tempo di lettura stimato\" \/>\n\t<meta name=\"twitter:data2\" content=\"4 minuti\" \/>\n<script type=\"application\/ld+json\" class=\"yoast-schema-graph\">{\"@context\":\"https:\\\/\\\/schema.org\",\"@graph\":[{\"@type\":\"Article\",\"@id\":\"https:\\\/\\\/www.abmnews.com\\\/blog\\\/mercato-bmw-group-continua-a-crescere-a-settembre\\\/#article\",\"isPartOf\":{\"@id\":\"https:\\\/\\\/www.abmnews.com\\\/blog\\\/mercato-bmw-group-continua-a-crescere-a-settembre\\\/\"},\"author\":{\"name\":\"Redazione\",\"@id\":\"https:\\\/\\\/www.abmnews.com\\\/blog\\\/#\\\/schema\\\/person\\\/2da21c254d26591b7993648c954826a2\"},\"headline\":\"Mercato: BMW Group continua a crescere a settembre\",\"datePublished\":\"2019-10-12T05:08:43+00:00\",\"dateModified\":\"2019-10-12T05:08:46+00:00\",\"mainEntityOfPage\":{\"@id\":\"https:\\\/\\\/www.abmnews.com\\\/blog\\\/mercato-bmw-group-continua-a-crescere-a-settembre\\\/\"},\"wordCount\":825,\"publisher\":{\"@id\":\"https:\\\/\\\/www.abmnews.com\\\/blog\\\/#organization\"},\"image\":{\"@id\":\"https:\\\/\\\/www.abmnews.com\\\/blog\\\/mercato-bmw-group-continua-a-crescere-a-settembre\\\/#primaryimage\"},\"thumbnailUrl\":\"http:\\\/\\\/www.abmnews.com\\\/blog\\\/wp-content\\\/uploads\\\/2019\\\/10\\\/P90351029_highRes_the-new-bmw-8-series.jpg\",\"articleSection\":[\"BMW\",\"Mercato\",\"News\"],\"inLanguage\":\"it-IT\"},{\"@type\":\"WebPage\",\"@id\":\"https:\\\/\\\/www.abmnews.com\\\/blog\\\/mercato-bmw-group-continua-a-crescere-a-settembre\\\/\",\"url\":\"https:\\\/\\\/www.abmnews.com\\\/blog\\\/mercato-bmw-group-continua-a-crescere-a-settembre\\\/\",\"name\":\"Mercato: BMW Group continua a crescere a settembre - AbmNews\",\"isPartOf\":{\"@id\":\"https:\\\/\\\/www.abmnews.com\\\/blog\\\/#website\"},\"primaryImageOfPage\":{\"@id\":\"https:\\\/\\\/www.abmnews.com\\\/blog\\\/mercato-bmw-group-continua-a-crescere-a-settembre\\\/#primaryimage\"},\"image\":{\"@id\":\"https:\\\/\\\/www.abmnews.com\\\/blog\\\/mercato-bmw-group-continua-a-crescere-a-settembre\\\/#primaryimage\"},\"thumbnailUrl\":\"http:\\\/\\\/www.abmnews.com\\\/blog\\\/wp-content\\\/uploads\\\/2019\\\/10\\\/P90351029_highRes_the-new-bmw-8-series.jpg\",\"datePublished\":\"2019-10-12T05:08:43+00:00\",\"dateModified\":\"2019-10-12T05:08:46+00:00\",\"breadcrumb\":{\"@id\":\"https:\\\/\\\/www.abmnews.com\\\/blog\\\/mercato-bmw-group-continua-a-crescere-a-settembre\\\/#breadcrumb\"},\"inLanguage\":\"it-IT\",\"potentialAction\":[{\"@type\":\"ReadAction\",\"target\":[\"https:\\\/\\\/www.abmnews.com\\\/blog\\\/mercato-bmw-group-continua-a-crescere-a-settembre\\\/\"]}]},{\"@type\":\"ImageObject\",\"inLanguage\":\"it-IT\",\"@id\":\"https:\\\/\\\/www.abmnews.com\\\/blog\\\/mercato-bmw-group-continua-a-crescere-a-settembre\\\/#primaryimage\",\"url\":\"http:\\\/\\\/www.abmnews.com\\\/blog\\\/wp-content\\\/uploads\\\/2019\\\/10\\\/P90351029_highRes_the-new-bmw-8-series.jpg\",\"contentUrl\":\"http:\\\/\\\/www.abmnews.com\\\/blog\\\/wp-content\\\/uploads\\\/2019\\\/10\\\/P90351029_highRes_the-new-bmw-8-series.jpg\",\"width\":800,\"height\":533},{\"@type\":\"BreadcrumbList\",\"@id\":\"https:\\\/\\\/www.abmnews.com\\\/blog\\\/mercato-bmw-group-continua-a-crescere-a-settembre\\\/#breadcrumb\",\"itemListElement\":[{\"@type\":\"ListItem\",\"position\":1,\"name\":\"Home\",\"item\":\"https:\\\/\\\/www.abmnews.com\\\/blog\\\/\"},{\"@type\":\"ListItem\",\"position\":2,\"name\":\"Mercato: BMW Group continua a crescere a settembre\"}]},{\"@type\":\"WebSite\",\"@id\":\"https:\\\/\\\/www.abmnews.com\\\/blog\\\/#website\",\"url\":\"https:\\\/\\\/www.abmnews.com\\\/blog\\\/\",\"name\":\"AbmNews\",\"description\":\"\",\"publisher\":{\"@id\":\"https:\\\/\\\/www.abmnews.com\\\/blog\\\/#organization\"},\"potentialAction\":[{\"@type\":\"SearchAction\",\"target\":{\"@type\":\"EntryPoint\",\"urlTemplate\":\"https:\\\/\\\/www.abmnews.com\\\/blog\\\/?s={search_term_string}\"},\"query-input\":{\"@type\":\"PropertyValueSpecification\",\"valueRequired\":true,\"valueName\":\"search_term_string\"}}],\"inLanguage\":\"it-IT\"},{\"@type\":\"Organization\",\"@id\":\"https:\\\/\\\/www.abmnews.com\\\/blog\\\/#organization\",\"name\":\"AbmNews\",\"url\":\"https:\\\/\\\/www.abmnews.com\\\/blog\\\/\",\"logo\":{\"@type\":\"ImageObject\",\"inLanguage\":\"it-IT\",\"@id\":\"https:\\\/\\\/www.abmnews.com\\\/blog\\\/#\\\/schema\\\/logo\\\/image\\\/\",\"url\":\"http:\\\/\\\/www.abmnews.com\\\/blog\\\/wp-content\\\/uploads\\\/2026\\\/01\\\/logoabmnews544x180.png\",\"contentUrl\":\"http:\\\/\\\/www.abmnews.com\\\/blog\\\/wp-content\\\/uploads\\\/2026\\\/01\\\/logoabmnews544x180.png\",\"width\":544,\"height\":180,\"caption\":\"AbmNews\"},\"image\":{\"@id\":\"https:\\\/\\\/www.abmnews.com\\\/blog\\\/#\\\/schema\\\/logo\\\/image\\\/\"},\"sameAs\":[\"https:\\\/\\\/www.facebook.com\\\/ABMnews\",\"https:\\\/\\\/x.com\\\/ABMnewscom\",\"https:\\\/\\\/www.instagram.com\\\/abmnewsblog\"]},{\"@type\":\"Person\",\"@id\":\"https:\\\/\\\/www.abmnews.com\\\/blog\\\/#\\\/schema\\\/person\\\/2da21c254d26591b7993648c954826a2\",\"name\":\"Redazione\",\"image\":{\"@type\":\"ImageObject\",\"inLanguage\":\"it-IT\",\"@id\":\"https:\\\/\\\/secure.gravatar.com\\\/avatar\\\/888b71ec1a1241930daa72f4c66b40f2390ac7ac3003b2cea4bbb235380b9dc2?s=96&d=mm&r=g\",\"url\":\"https:\\\/\\\/secure.gravatar.com\\\/avatar\\\/888b71ec1a1241930daa72f4c66b40f2390ac7ac3003b2cea4bbb235380b9dc2?s=96&d=mm&r=g\",\"contentUrl\":\"https:\\\/\\\/secure.gravatar.com\\\/avatar\\\/888b71ec1a1241930daa72f4c66b40f2390ac7ac3003b2cea4bbb235380b9dc2?s=96&d=mm&r=g\",\"caption\":\"Redazione\"},\"url\":\"http:\\\/\\\/www.abmnews.com\\\/blog\\\/author\\\/redazione\\\/\"}]}<\/script>\n<!-- \/ Yoast SEO plugin. -->","yoast_head_json":{"title":"Mercato: BMW Group continua a crescere a settembre - AbmNews","robots":{"index":"index","follow":"follow","max-snippet":"max-snippet:-1","max-image-preview":"max-image-preview:large","max-video-preview":"max-video-preview:-1"},"canonical":"https:\/\/www.abmnews.com\/blog\/mercato-bmw-group-continua-a-crescere-a-settembre\/","og_locale":"it_IT","og_type":"article","og_title":"Mercato: BMW Group continua a crescere a settembre - AbmNews","og_url":"https:\/\/www.abmnews.com\/blog\/mercato-bmw-group-continua-a-crescere-a-settembre\/","og_site_name":"AbmNews","article_publisher":"https:\/\/www.facebook.com\/ABMnews","article_published_time":"2019-10-12T05:08:43+00:00","article_modified_time":"2019-10-12T05:08:46+00:00","og_image":[{"width":800,"height":533,"url":"https:\/\/www.abmnews.com\/blog\/wp-content\/uploads\/2019\/10\/P90351029_highRes_the-new-bmw-8-series.jpg","type":"image\/jpeg"}],"author":"Redazione","twitter_card":"summary_large_image","twitter_creator":"@ABMnewscom","twitter_site":"@ABMnewscom","twitter_misc":{"Scritto da":"Redazione","Tempo di lettura stimato":"4 minuti"},"schema":{"@context":"https:\/\/schema.org","@graph":[{"@type":"Article","@id":"https:\/\/www.abmnews.com\/blog\/mercato-bmw-group-continua-a-crescere-a-settembre\/#article","isPartOf":{"@id":"https:\/\/www.abmnews.com\/blog\/mercato-bmw-group-continua-a-crescere-a-settembre\/"},"author":{"name":"Redazione","@id":"https:\/\/www.abmnews.com\/blog\/#\/schema\/person\/2da21c254d26591b7993648c954826a2"},"headline":"Mercato: BMW Group continua a crescere a settembre","datePublished":"2019-10-12T05:08:43+00:00","dateModified":"2019-10-12T05:08:46+00:00","mainEntityOfPage":{"@id":"https:\/\/www.abmnews.com\/blog\/mercato-bmw-group-continua-a-crescere-a-settembre\/"},"wordCount":825,"publisher":{"@id":"https:\/\/www.abmnews.com\/blog\/#organization"},"image":{"@id":"https:\/\/www.abmnews.com\/blog\/mercato-bmw-group-continua-a-crescere-a-settembre\/#primaryimage"},"thumbnailUrl":"http:\/\/www.abmnews.com\/blog\/wp-content\/uploads\/2019\/10\/P90351029_highRes_the-new-bmw-8-series.jpg","articleSection":["BMW","Mercato","News"],"inLanguage":"it-IT"},{"@type":"WebPage","@id":"https:\/\/www.abmnews.com\/blog\/mercato-bmw-group-continua-a-crescere-a-settembre\/","url":"https:\/\/www.abmnews.com\/blog\/mercato-bmw-group-continua-a-crescere-a-settembre\/","name":"Mercato: BMW Group continua a crescere a settembre - AbmNews","isPartOf":{"@id":"https:\/\/www.abmnews.com\/blog\/#website"},"primaryImageOfPage":{"@id":"https:\/\/www.abmnews.com\/blog\/mercato-bmw-group-continua-a-crescere-a-settembre\/#primaryimage"},"image":{"@id":"https:\/\/www.abmnews.com\/blog\/mercato-bmw-group-continua-a-crescere-a-settembre\/#primaryimage"},"thumbnailUrl":"http:\/\/www.abmnews.com\/blog\/wp-content\/uploads\/2019\/10\/P90351029_highRes_the-new-bmw-8-series.jpg","datePublished":"2019-10-12T05:08:43+00:00","dateModified":"2019-10-12T05:08:46+00:00","breadcrumb":{"@id":"https:\/\/www.abmnews.com\/blog\/mercato-bmw-group-continua-a-crescere-a-settembre\/#breadcrumb"},"inLanguage":"it-IT","potentialAction":[{"@type":"ReadAction","target":["https:\/\/www.abmnews.com\/blog\/mercato-bmw-group-continua-a-crescere-a-settembre\/"]}]},{"@type":"ImageObject","inLanguage":"it-IT","@id":"https:\/\/www.abmnews.com\/blog\/mercato-bmw-group-continua-a-crescere-a-settembre\/#primaryimage","url":"http:\/\/www.abmnews.com\/blog\/wp-content\/uploads\/2019\/10\/P90351029_highRes_the-new-bmw-8-series.jpg","contentUrl":"http:\/\/www.abmnews.com\/blog\/wp-content\/uploads\/2019\/10\/P90351029_highRes_the-new-bmw-8-series.jpg","width":800,"height":533},{"@type":"BreadcrumbList","@id":"https:\/\/www.abmnews.com\/blog\/mercato-bmw-group-continua-a-crescere-a-settembre\/#breadcrumb","itemListElement":[{"@type":"ListItem","position":1,"name":"Home","item":"https:\/\/www.abmnews.com\/blog\/"},{"@type":"ListItem","position":2,"name":"Mercato: BMW Group continua a crescere a settembre"}]},{"@type":"WebSite","@id":"https:\/\/www.abmnews.com\/blog\/#website","url":"https:\/\/www.abmnews.com\/blog\/","name":"AbmNews","description":"","publisher":{"@id":"https:\/\/www.abmnews.com\/blog\/#organization"},"potentialAction":[{"@type":"SearchAction","target":{"@type":"EntryPoint","urlTemplate":"https:\/\/www.abmnews.com\/blog\/?s={search_term_string}"},"query-input":{"@type":"PropertyValueSpecification","valueRequired":true,"valueName":"search_term_string"}}],"inLanguage":"it-IT"},{"@type":"Organization","@id":"https:\/\/www.abmnews.com\/blog\/#organization","name":"AbmNews","url":"https:\/\/www.abmnews.com\/blog\/","logo":{"@type":"ImageObject","inLanguage":"it-IT","@id":"https:\/\/www.abmnews.com\/blog\/#\/schema\/logo\/image\/","url":"http:\/\/www.abmnews.com\/blog\/wp-content\/uploads\/2026\/01\/logoabmnews544x180.png","contentUrl":"http:\/\/www.abmnews.com\/blog\/wp-content\/uploads\/2026\/01\/logoabmnews544x180.png","width":544,"height":180,"caption":"AbmNews"},"image":{"@id":"https:\/\/www.abmnews.com\/blog\/#\/schema\/logo\/image\/"},"sameAs":["https:\/\/www.facebook.com\/ABMnews","https:\/\/x.com\/ABMnewscom","https:\/\/www.instagram.com\/abmnewsblog"]},{"@type":"Person","@id":"https:\/\/www.abmnews.com\/blog\/#\/schema\/person\/2da21c254d26591b7993648c954826a2","name":"Redazione","image":{"@type":"ImageObject","inLanguage":"it-IT","@id":"https:\/\/secure.gravatar.com\/avatar\/888b71ec1a1241930daa72f4c66b40f2390ac7ac3003b2cea4bbb235380b9dc2?s=96&d=mm&r=g","url":"https:\/\/secure.gravatar.com\/avatar\/888b71ec1a1241930daa72f4c66b40f2390ac7ac3003b2cea4bbb235380b9dc2?s=96&d=mm&r=g","contentUrl":"https:\/\/secure.gravatar.com\/avatar\/888b71ec1a1241930daa72f4c66b40f2390ac7ac3003b2cea4bbb235380b9dc2?s=96&d=mm&r=g","caption":"Redazione"},"url":"http:\/\/www.abmnews.com\/blog\/author\/redazione\/"}]}},"_links":{"self":[{"href":"http:\/\/www.abmnews.com\/blog\/wp-json\/wp\/v2\/posts\/38264","targetHints":{"allow":["GET"]}}],"collection":[{"href":"http:\/\/www.abmnews.com\/blog\/wp-json\/wp\/v2\/posts"}],"about":[{"href":"http:\/\/www.abmnews.com\/blog\/wp-json\/wp\/v2\/types\/post"}],"author":[{"embeddable":true,"href":"http:\/\/www.abmnews.com\/blog\/wp-json\/wp\/v2\/users\/2"}],"replies":[{"embeddable":true,"href":"http:\/\/www.abmnews.com\/blog\/wp-json\/wp\/v2\/comments?post=38264"}],"version-history":[{"count":1,"href":"http:\/\/www.abmnews.com\/blog\/wp-json\/wp\/v2\/posts\/38264\/revisions"}],"predecessor-version":[{"id":38266,"href":"http:\/\/www.abmnews.com\/blog\/wp-json\/wp\/v2\/posts\/38264\/revisions\/38266"}],"wp:featuredmedia":[{"embeddable":true,"href":"http:\/\/www.abmnews.com\/blog\/wp-json\/wp\/v2\/media\/38265"}],"wp:attachment":[{"href":"http:\/\/www.abmnews.com\/blog\/wp-json\/wp\/v2\/media?parent=38264"}],"wp:term":[{"taxonomy":"category","embeddable":true,"href":"http:\/\/www.abmnews.com\/blog\/wp-json\/wp\/v2\/categories?post=38264"},{"taxonomy":"post_tag","embeddable":true,"href":"http:\/\/www.abmnews.com\/blog\/wp-json\/wp\/v2\/tags?post=38264"}],"curies":[{"name":"wp","href":"https:\/\/api.w.org\/{rel}","templated":true}]}}