{"id":38350,"date":"2019-10-13T20:51:04","date_gmt":"2019-10-13T18:51:04","guid":{"rendered":"http:\/\/www.abmnews.com\/blog\/?p=38350"},"modified":"2019-10-13T20:51:07","modified_gmt":"2019-10-13T18:51:07","slug":"autunno-caldo-lamborghini-titolo-costruttori-nellimsa-gtd-e-doppietta-in-gt-open","status":"publish","type":"post","link":"http:\/\/www.abmnews.com\/blog\/autunno-caldo-lamborghini-titolo-costruttori-nellimsa-gtd-e-doppietta-in-gt-open\/","title":{"rendered":"Autunno caldo Lamborghini: titolo costruttori nell\u2019IMSA GTD e doppietta in GT Open"},"content":{"rendered":"\n<div>Titolo costruttori nel campionato americano IMSA in classe GTD mentre Giacomo Alto\u00e9 e Albert Costa vincono a Monza il titolo piloti nell&#8217;International GT Open, con la scuderia Emil Frey che festeggia il primato nella classifica team. Lamborghini celebra un nuovo weekend di successi, dopo la Tripla Corona di fine settembre conquistata nel Blancpain GT Series, sottolineando quanto la nuova Hurac\u00e1n GT3 Evo sia diventata gi\u00e0 nella stagione d\u2019esordio una delle vetture di riferimento nel panorama GT Internazionale.<\/div>\n<div>\u00a0<\/div>\n<div>Le prime buone notizie sono arrivate dal Road Atlanta Raceway, dove Corey Lewis ha centrato la pole nella Petit Le Mans al volante della Hurac\u00e1n GT3 Evo n. 48 del team Paul Miller Racing. Lewis, affiancato dai compagni di squadra Bryan Sellers e Marco Seefried, ha concluso le 10 ore al 6\u00b0 posto di categoria, sufficiente per regalare a Lamborghini il secondo titolo consecutivo in GTD, al termine di una stagione iniziata lo scorso gennaio con il trionfo del Grasser Racing Team alla 24 Ore di Daytona.<\/div>\n<div>\u00a0<\/div>\n<div>Dopo i successi ottenuti nel 2016 e 2017 Lamborghini vince il terzo titolo in quattro anni nel GT Open con Emil Frey Racing, team alla prima stagione con le vetture di Sant\u2019Agata Bolognese. Alto\u00e8 a soli 19 anni vince il secondo titolo GT in carriera, dopo avere conquistato il Campionato Italiano Gran Turismo ed essersi laureato campione 2018 del Lamborghini Super Trofeo. Il giovane pilota veneto e lo spagnolo Costa, entrambi GT3 Junior driver Lamborghini Squadra Corse, si sono assicurati lo scettro al termine dell\u2019ultima gara in calendario, precedendo in classifica i compagni di squadra Mikael Grenier e Norbert Siedler.<\/div>\n<div>\u00a0<\/div>\n<div>Giorgio Sanna, Head of Motorsport Lamborghini, ha commentato: \u201cTanto il successo nell\u2019IMSA, quanto la vittoria nel GT Open mettono un ulteriore sigillo su una stagione straordinaria, che ci ha visto dominatori nei pi\u00f9 importanti campionati GT al mondo. Voglio ringraziare i team che hanno permesso tutto questo: Grasser Racing Team, Paul Miller Racing e Magnus Racing in America e il team Emil Frey in Europa. La partnership con la scuderia guidata da Lorenz Frey \u00e8 partita nel \u00e8 iniziata nel migliore dei modi e siamo sempre pi\u00f9 motivati per rafforzarla nel prossimo futuro\u201d.<\/div>\n<div>\u00a0<\/div>\n<div>Il risultato nel GT Open \u00e8 arrivato dopo la splendida pole di Costa nelle qualifiche del sabato mattina, con Alto\u00e8 che ha perso poi la leadership nel corso dei pit-stop in seguito all&#8217;handicap tempo obbligatorio. A rivelarsi decisivo \u00e8 stato il sorpasso che nelle fasi finali ha permesso allo stesso Alto\u00e8 di prendersi la quarta posizione e di arrivare a un punto dalla certezza matematica del titolo. Finalmente agguantato al termine di Gara 2, terminata al quarto posto alle spalle di Siedler e Grenier, secondi in\u00a0 classifica generale a 12 punti dai leader, a completare la vittoriosa stagione del team Emil Frey.<\/div>\n<div>\u00a0<\/div>\n<div>Al termine del weekend Giacomo Alto\u00e9 ha dichiarato: \u201cSono cos\u00ec emozionato, non posso credere di aver vinto il titolo qui a Monza. E il sorpasso all\u2019ultimo giro in Gara 1 \u00e8 stato veramente pazzesco. Abbiamo fatto veramente un gran lavoro durante tutta la stagione: i miei ringraziamenti al team\u201d.<\/div>\n<div>\u00a0<\/div>\n<div>\u201cNon ho parole &#8211; ha commentato Albert Costa &#8211; \u00e8 il mio primo titolo in un campionato GT e sono molto orgoglioso sia di me stesso che del team. Giacomo inoltre ha fatto un gran lavoro con quel sorpasso che ci ha dato l\u2019ultima spinta verso il titolo\u201d.<\/div>\n<div>\u00a0<\/div>\n<p>\u201cUna vittoria incredibile \u2013 ha detto il Team Principal Lorenz Frey -, soprattutto perch\u00e9 \u00e8 il nostro primo anno con Lamborghini. Voglio ringraziare Squadra Corse per il grande supporto che ci ha dato durante tutta questa stagione, veramente tiratissima, e per la Hurac\u00e1n GT3 Evo, che ha un potenziale veramente enorme\u201d.<\/p>\n","protected":false},"excerpt":{"rendered":"","protected":false},"author":2,"featured_media":38351,"comment_status":"closed","ping_status":"open","sticky":false,"template":"","format":"standard","meta":{"tdm_status":"","tdm_grid_status":"","footnotes":""},"categories":[7853,293],"tags":[],"class_list":["post-38350","post","type-post","status-publish","format-standard","has-post-thumbnail","category-motorsport","category-news"],"yoast_head":"<!-- This site is optimized with the Yoast SEO plugin v28.0 - https:\/\/yoast.com\/product\/yoast-seo-wordpress\/ -->\n<title>Autunno caldo Lamborghini: titolo costruttori nell\u2019IMSA GTD e doppietta in GT Open - AbmNews<\/title>\n<meta name=\"robots\" content=\"index, follow, max-snippet:-1, max-image-preview:large, max-video-preview:-1\" \/>\n<link rel=\"canonical\" href=\"http:\/\/www.abmnews.com\/blog\/autunno-caldo-lamborghini-titolo-costruttori-nellimsa-gtd-e-doppietta-in-gt-open\/\" \/>\n<meta property=\"og:locale\" content=\"it_IT\" \/>\n<meta property=\"og:type\" content=\"article\" \/>\n<meta property=\"og:title\" content=\"Autunno caldo Lamborghini: titolo costruttori nell\u2019IMSA GTD e doppietta in GT Open - AbmNews\" \/>\n<meta property=\"og:url\" content=\"http:\/\/www.abmnews.com\/blog\/autunno-caldo-lamborghini-titolo-costruttori-nellimsa-gtd-e-doppietta-in-gt-open\/\" \/>\n<meta property=\"og:site_name\" content=\"AbmNews\" \/>\n<meta property=\"article:publisher\" content=\"https:\/\/www.facebook.com\/ABMnews\" \/>\n<meta property=\"article:published_time\" content=\"2019-10-13T18:51:04+00:00\" \/>\n<meta property=\"article:modified_time\" content=\"2019-10-13T18:51:07+00:00\" \/>\n<meta property=\"og:image\" content=\"http:\/\/www.abmnews.com\/blog\/wp-content\/uploads\/2019\/10\/549902.jpg\" \/>\n\t<meta property=\"og:image:width\" content=\"800\" \/>\n\t<meta property=\"og:image:height\" content=\"533\" \/>\n\t<meta property=\"og:image:type\" content=\"image\/jpeg\" \/>\n<meta name=\"author\" content=\"Redazione\" \/>\n<meta name=\"twitter:card\" content=\"summary_large_image\" \/>\n<meta name=\"twitter:creator\" content=\"@ABMnewscom\" \/>\n<meta name=\"twitter:site\" content=\"@ABMnewscom\" \/>\n<meta name=\"twitter:label1\" content=\"Scritto da\" \/>\n\t<meta name=\"twitter:data1\" content=\"Redazione\" \/>\n\t<meta name=\"twitter:label2\" content=\"Tempo di lettura stimato\" \/>\n\t<meta name=\"twitter:data2\" content=\"3 minuti\" \/>\n<script type=\"application\/ld+json\" class=\"yoast-schema-graph\">{\"@context\":\"https:\\\/\\\/schema.org\",\"@graph\":[{\"@type\":\"Article\",\"@id\":\"http:\\\/\\\/www.abmnews.com\\\/blog\\\/autunno-caldo-lamborghini-titolo-costruttori-nellimsa-gtd-e-doppietta-in-gt-open\\\/#article\",\"isPartOf\":{\"@id\":\"http:\\\/\\\/www.abmnews.com\\\/blog\\\/autunno-caldo-lamborghini-titolo-costruttori-nellimsa-gtd-e-doppietta-in-gt-open\\\/\"},\"author\":{\"name\":\"Redazione\",\"@id\":\"https:\\\/\\\/www.abmnews.com\\\/blog\\\/#\\\/schema\\\/person\\\/2da21c254d26591b7993648c954826a2\"},\"headline\":\"Autunno caldo Lamborghini: titolo costruttori nell\u2019IMSA GTD e doppietta in GT Open\",\"datePublished\":\"2019-10-13T18:51:04+00:00\",\"dateModified\":\"2019-10-13T18:51:07+00:00\",\"mainEntityOfPage\":{\"@id\":\"http:\\\/\\\/www.abmnews.com\\\/blog\\\/autunno-caldo-lamborghini-titolo-costruttori-nellimsa-gtd-e-doppietta-in-gt-open\\\/\"},\"wordCount\":612,\"publisher\":{\"@id\":\"https:\\\/\\\/www.abmnews.com\\\/blog\\\/#organization\"},\"image\":{\"@id\":\"http:\\\/\\\/www.abmnews.com\\\/blog\\\/autunno-caldo-lamborghini-titolo-costruttori-nellimsa-gtd-e-doppietta-in-gt-open\\\/#primaryimage\"},\"thumbnailUrl\":\"http:\\\/\\\/www.abmnews.com\\\/blog\\\/wp-content\\\/uploads\\\/2019\\\/10\\\/549902.jpg\",\"articleSection\":[\"Motorsport\",\"News\"],\"inLanguage\":\"it-IT\"},{\"@type\":\"WebPage\",\"@id\":\"http:\\\/\\\/www.abmnews.com\\\/blog\\\/autunno-caldo-lamborghini-titolo-costruttori-nellimsa-gtd-e-doppietta-in-gt-open\\\/\",\"url\":\"http:\\\/\\\/www.abmnews.com\\\/blog\\\/autunno-caldo-lamborghini-titolo-costruttori-nellimsa-gtd-e-doppietta-in-gt-open\\\/\",\"name\":\"Autunno caldo Lamborghini: titolo costruttori nell\u2019IMSA GTD e doppietta in GT Open - AbmNews\",\"isPartOf\":{\"@id\":\"https:\\\/\\\/www.abmnews.com\\\/blog\\\/#website\"},\"primaryImageOfPage\":{\"@id\":\"http:\\\/\\\/www.abmnews.com\\\/blog\\\/autunno-caldo-lamborghini-titolo-costruttori-nellimsa-gtd-e-doppietta-in-gt-open\\\/#primaryimage\"},\"image\":{\"@id\":\"http:\\\/\\\/www.abmnews.com\\\/blog\\\/autunno-caldo-lamborghini-titolo-costruttori-nellimsa-gtd-e-doppietta-in-gt-open\\\/#primaryimage\"},\"thumbnailUrl\":\"http:\\\/\\\/www.abmnews.com\\\/blog\\\/wp-content\\\/uploads\\\/2019\\\/10\\\/549902.jpg\",\"datePublished\":\"2019-10-13T18:51:04+00:00\",\"dateModified\":\"2019-10-13T18:51:07+00:00\",\"breadcrumb\":{\"@id\":\"http:\\\/\\\/www.abmnews.com\\\/blog\\\/autunno-caldo-lamborghini-titolo-costruttori-nellimsa-gtd-e-doppietta-in-gt-open\\\/#breadcrumb\"},\"inLanguage\":\"it-IT\",\"potentialAction\":[{\"@type\":\"ReadAction\",\"target\":[\"http:\\\/\\\/www.abmnews.com\\\/blog\\\/autunno-caldo-lamborghini-titolo-costruttori-nellimsa-gtd-e-doppietta-in-gt-open\\\/\"]}]},{\"@type\":\"ImageObject\",\"inLanguage\":\"it-IT\",\"@id\":\"http:\\\/\\\/www.abmnews.com\\\/blog\\\/autunno-caldo-lamborghini-titolo-costruttori-nellimsa-gtd-e-doppietta-in-gt-open\\\/#primaryimage\",\"url\":\"http:\\\/\\\/www.abmnews.com\\\/blog\\\/wp-content\\\/uploads\\\/2019\\\/10\\\/549902.jpg\",\"contentUrl\":\"http:\\\/\\\/www.abmnews.com\\\/blog\\\/wp-content\\\/uploads\\\/2019\\\/10\\\/549902.jpg\",\"width\":800,\"height\":533},{\"@type\":\"BreadcrumbList\",\"@id\":\"http:\\\/\\\/www.abmnews.com\\\/blog\\\/autunno-caldo-lamborghini-titolo-costruttori-nellimsa-gtd-e-doppietta-in-gt-open\\\/#breadcrumb\",\"itemListElement\":[{\"@type\":\"ListItem\",\"position\":1,\"name\":\"Home\",\"item\":\"https:\\\/\\\/www.abmnews.com\\\/blog\\\/\"},{\"@type\":\"ListItem\",\"position\":2,\"name\":\"Autunno caldo Lamborghini: titolo costruttori nell\u2019IMSA GTD e doppietta in GT Open\"}]},{\"@type\":\"WebSite\",\"@id\":\"https:\\\/\\\/www.abmnews.com\\\/blog\\\/#website\",\"url\":\"https:\\\/\\\/www.abmnews.com\\\/blog\\\/\",\"name\":\"AbmNews\",\"description\":\"\",\"publisher\":{\"@id\":\"https:\\\/\\\/www.abmnews.com\\\/blog\\\/#organization\"},\"potentialAction\":[{\"@type\":\"SearchAction\",\"target\":{\"@type\":\"EntryPoint\",\"urlTemplate\":\"https:\\\/\\\/www.abmnews.com\\\/blog\\\/?s={search_term_string}\"},\"query-input\":{\"@type\":\"PropertyValueSpecification\",\"valueRequired\":true,\"valueName\":\"search_term_string\"}}],\"inLanguage\":\"it-IT\"},{\"@type\":\"Organization\",\"@id\":\"https:\\\/\\\/www.abmnews.com\\\/blog\\\/#organization\",\"name\":\"AbmNews\",\"url\":\"https:\\\/\\\/www.abmnews.com\\\/blog\\\/\",\"logo\":{\"@type\":\"ImageObject\",\"inLanguage\":\"it-IT\",\"@id\":\"https:\\\/\\\/www.abmnews.com\\\/blog\\\/#\\\/schema\\\/logo\\\/image\\\/\",\"url\":\"http:\\\/\\\/www.abmnews.com\\\/blog\\\/wp-content\\\/uploads\\\/2026\\\/01\\\/logoabmnews544x180.png\",\"contentUrl\":\"http:\\\/\\\/www.abmnews.com\\\/blog\\\/wp-content\\\/uploads\\\/2026\\\/01\\\/logoabmnews544x180.png\",\"width\":544,\"height\":180,\"caption\":\"AbmNews\"},\"image\":{\"@id\":\"https:\\\/\\\/www.abmnews.com\\\/blog\\\/#\\\/schema\\\/logo\\\/image\\\/\"},\"sameAs\":[\"https:\\\/\\\/www.facebook.com\\\/ABMnews\",\"https:\\\/\\\/x.com\\\/ABMnewscom\",\"https:\\\/\\\/www.instagram.com\\\/abmnewsblog\"]},{\"@type\":\"Person\",\"@id\":\"https:\\\/\\\/www.abmnews.com\\\/blog\\\/#\\\/schema\\\/person\\\/2da21c254d26591b7993648c954826a2\",\"name\":\"Redazione\",\"image\":{\"@type\":\"ImageObject\",\"inLanguage\":\"it-IT\",\"@id\":\"https:\\\/\\\/secure.gravatar.com\\\/avatar\\\/888b71ec1a1241930daa72f4c66b40f2390ac7ac3003b2cea4bbb235380b9dc2?s=96&d=mm&r=g\",\"url\":\"https:\\\/\\\/secure.gravatar.com\\\/avatar\\\/888b71ec1a1241930daa72f4c66b40f2390ac7ac3003b2cea4bbb235380b9dc2?s=96&d=mm&r=g\",\"contentUrl\":\"https:\\\/\\\/secure.gravatar.com\\\/avatar\\\/888b71ec1a1241930daa72f4c66b40f2390ac7ac3003b2cea4bbb235380b9dc2?s=96&d=mm&r=g\",\"caption\":\"Redazione\"},\"url\":\"http:\\\/\\\/www.abmnews.com\\\/blog\\\/author\\\/redazione\\\/\"}]}<\/script>\n<!-- \/ Yoast SEO plugin. -->","yoast_head_json":{"title":"Autunno caldo Lamborghini: titolo costruttori nell\u2019IMSA GTD e doppietta in GT Open - AbmNews","robots":{"index":"index","follow":"follow","max-snippet":"max-snippet:-1","max-image-preview":"max-image-preview:large","max-video-preview":"max-video-preview:-1"},"canonical":"http:\/\/www.abmnews.com\/blog\/autunno-caldo-lamborghini-titolo-costruttori-nellimsa-gtd-e-doppietta-in-gt-open\/","og_locale":"it_IT","og_type":"article","og_title":"Autunno caldo Lamborghini: titolo costruttori nell\u2019IMSA GTD e doppietta in GT Open - AbmNews","og_url":"http:\/\/www.abmnews.com\/blog\/autunno-caldo-lamborghini-titolo-costruttori-nellimsa-gtd-e-doppietta-in-gt-open\/","og_site_name":"AbmNews","article_publisher":"https:\/\/www.facebook.com\/ABMnews","article_published_time":"2019-10-13T18:51:04+00:00","article_modified_time":"2019-10-13T18:51:07+00:00","og_image":[{"width":800,"height":533,"url":"http:\/\/www.abmnews.com\/blog\/wp-content\/uploads\/2019\/10\/549902.jpg","type":"image\/jpeg"}],"author":"Redazione","twitter_card":"summary_large_image","twitter_creator":"@ABMnewscom","twitter_site":"@ABMnewscom","twitter_misc":{"Scritto da":"Redazione","Tempo di lettura stimato":"3 minuti"},"schema":{"@context":"https:\/\/schema.org","@graph":[{"@type":"Article","@id":"http:\/\/www.abmnews.com\/blog\/autunno-caldo-lamborghini-titolo-costruttori-nellimsa-gtd-e-doppietta-in-gt-open\/#article","isPartOf":{"@id":"http:\/\/www.abmnews.com\/blog\/autunno-caldo-lamborghini-titolo-costruttori-nellimsa-gtd-e-doppietta-in-gt-open\/"},"author":{"name":"Redazione","@id":"https:\/\/www.abmnews.com\/blog\/#\/schema\/person\/2da21c254d26591b7993648c954826a2"},"headline":"Autunno caldo Lamborghini: titolo costruttori nell\u2019IMSA GTD e doppietta in GT Open","datePublished":"2019-10-13T18:51:04+00:00","dateModified":"2019-10-13T18:51:07+00:00","mainEntityOfPage":{"@id":"http:\/\/www.abmnews.com\/blog\/autunno-caldo-lamborghini-titolo-costruttori-nellimsa-gtd-e-doppietta-in-gt-open\/"},"wordCount":612,"publisher":{"@id":"https:\/\/www.abmnews.com\/blog\/#organization"},"image":{"@id":"http:\/\/www.abmnews.com\/blog\/autunno-caldo-lamborghini-titolo-costruttori-nellimsa-gtd-e-doppietta-in-gt-open\/#primaryimage"},"thumbnailUrl":"http:\/\/www.abmnews.com\/blog\/wp-content\/uploads\/2019\/10\/549902.jpg","articleSection":["Motorsport","News"],"inLanguage":"it-IT"},{"@type":"WebPage","@id":"http:\/\/www.abmnews.com\/blog\/autunno-caldo-lamborghini-titolo-costruttori-nellimsa-gtd-e-doppietta-in-gt-open\/","url":"http:\/\/www.abmnews.com\/blog\/autunno-caldo-lamborghini-titolo-costruttori-nellimsa-gtd-e-doppietta-in-gt-open\/","name":"Autunno caldo Lamborghini: titolo costruttori nell\u2019IMSA GTD e doppietta in GT Open - AbmNews","isPartOf":{"@id":"https:\/\/www.abmnews.com\/blog\/#website"},"primaryImageOfPage":{"@id":"http:\/\/www.abmnews.com\/blog\/autunno-caldo-lamborghini-titolo-costruttori-nellimsa-gtd-e-doppietta-in-gt-open\/#primaryimage"},"image":{"@id":"http:\/\/www.abmnews.com\/blog\/autunno-caldo-lamborghini-titolo-costruttori-nellimsa-gtd-e-doppietta-in-gt-open\/#primaryimage"},"thumbnailUrl":"http:\/\/www.abmnews.com\/blog\/wp-content\/uploads\/2019\/10\/549902.jpg","datePublished":"2019-10-13T18:51:04+00:00","dateModified":"2019-10-13T18:51:07+00:00","breadcrumb":{"@id":"http:\/\/www.abmnews.com\/blog\/autunno-caldo-lamborghini-titolo-costruttori-nellimsa-gtd-e-doppietta-in-gt-open\/#breadcrumb"},"inLanguage":"it-IT","potentialAction":[{"@type":"ReadAction","target":["http:\/\/www.abmnews.com\/blog\/autunno-caldo-lamborghini-titolo-costruttori-nellimsa-gtd-e-doppietta-in-gt-open\/"]}]},{"@type":"ImageObject","inLanguage":"it-IT","@id":"http:\/\/www.abmnews.com\/blog\/autunno-caldo-lamborghini-titolo-costruttori-nellimsa-gtd-e-doppietta-in-gt-open\/#primaryimage","url":"http:\/\/www.abmnews.com\/blog\/wp-content\/uploads\/2019\/10\/549902.jpg","contentUrl":"http:\/\/www.abmnews.com\/blog\/wp-content\/uploads\/2019\/10\/549902.jpg","width":800,"height":533},{"@type":"BreadcrumbList","@id":"http:\/\/www.abmnews.com\/blog\/autunno-caldo-lamborghini-titolo-costruttori-nellimsa-gtd-e-doppietta-in-gt-open\/#breadcrumb","itemListElement":[{"@type":"ListItem","position":1,"name":"Home","item":"https:\/\/www.abmnews.com\/blog\/"},{"@type":"ListItem","position":2,"name":"Autunno caldo Lamborghini: titolo costruttori nell\u2019IMSA GTD e doppietta in GT Open"}]},{"@type":"WebSite","@id":"https:\/\/www.abmnews.com\/blog\/#website","url":"https:\/\/www.abmnews.com\/blog\/","name":"AbmNews","description":"","publisher":{"@id":"https:\/\/www.abmnews.com\/blog\/#organization"},"potentialAction":[{"@type":"SearchAction","target":{"@type":"EntryPoint","urlTemplate":"https:\/\/www.abmnews.com\/blog\/?s={search_term_string}"},"query-input":{"@type":"PropertyValueSpecification","valueRequired":true,"valueName":"search_term_string"}}],"inLanguage":"it-IT"},{"@type":"Organization","@id":"https:\/\/www.abmnews.com\/blog\/#organization","name":"AbmNews","url":"https:\/\/www.abmnews.com\/blog\/","logo":{"@type":"ImageObject","inLanguage":"it-IT","@id":"https:\/\/www.abmnews.com\/blog\/#\/schema\/logo\/image\/","url":"http:\/\/www.abmnews.com\/blog\/wp-content\/uploads\/2026\/01\/logoabmnews544x180.png","contentUrl":"http:\/\/www.abmnews.com\/blog\/wp-content\/uploads\/2026\/01\/logoabmnews544x180.png","width":544,"height":180,"caption":"AbmNews"},"image":{"@id":"https:\/\/www.abmnews.com\/blog\/#\/schema\/logo\/image\/"},"sameAs":["https:\/\/www.facebook.com\/ABMnews","https:\/\/x.com\/ABMnewscom","https:\/\/www.instagram.com\/abmnewsblog"]},{"@type":"Person","@id":"https:\/\/www.abmnews.com\/blog\/#\/schema\/person\/2da21c254d26591b7993648c954826a2","name":"Redazione","image":{"@type":"ImageObject","inLanguage":"it-IT","@id":"https:\/\/secure.gravatar.com\/avatar\/888b71ec1a1241930daa72f4c66b40f2390ac7ac3003b2cea4bbb235380b9dc2?s=96&d=mm&r=g","url":"https:\/\/secure.gravatar.com\/avatar\/888b71ec1a1241930daa72f4c66b40f2390ac7ac3003b2cea4bbb235380b9dc2?s=96&d=mm&r=g","contentUrl":"https:\/\/secure.gravatar.com\/avatar\/888b71ec1a1241930daa72f4c66b40f2390ac7ac3003b2cea4bbb235380b9dc2?s=96&d=mm&r=g","caption":"Redazione"},"url":"http:\/\/www.abmnews.com\/blog\/author\/redazione\/"}]}},"_links":{"self":[{"href":"http:\/\/www.abmnews.com\/blog\/wp-json\/wp\/v2\/posts\/38350","targetHints":{"allow":["GET"]}}],"collection":[{"href":"http:\/\/www.abmnews.com\/blog\/wp-json\/wp\/v2\/posts"}],"about":[{"href":"http:\/\/www.abmnews.com\/blog\/wp-json\/wp\/v2\/types\/post"}],"author":[{"embeddable":true,"href":"http:\/\/www.abmnews.com\/blog\/wp-json\/wp\/v2\/users\/2"}],"replies":[{"embeddable":true,"href":"http:\/\/www.abmnews.com\/blog\/wp-json\/wp\/v2\/comments?post=38350"}],"version-history":[{"count":1,"href":"http:\/\/www.abmnews.com\/blog\/wp-json\/wp\/v2\/posts\/38350\/revisions"}],"predecessor-version":[{"id":38352,"href":"http:\/\/www.abmnews.com\/blog\/wp-json\/wp\/v2\/posts\/38350\/revisions\/38352"}],"wp:featuredmedia":[{"embeddable":true,"href":"http:\/\/www.abmnews.com\/blog\/wp-json\/wp\/v2\/media\/38351"}],"wp:attachment":[{"href":"http:\/\/www.abmnews.com\/blog\/wp-json\/wp\/v2\/media?parent=38350"}],"wp:term":[{"taxonomy":"category","embeddable":true,"href":"http:\/\/www.abmnews.com\/blog\/wp-json\/wp\/v2\/categories?post=38350"},{"taxonomy":"post_tag","embeddable":true,"href":"http:\/\/www.abmnews.com\/blog\/wp-json\/wp\/v2\/tags?post=38350"}],"curies":[{"name":"wp","href":"https:\/\/api.w.org\/{rel}","templated":true}]}}