{"id":38545,"date":"2019-10-16T18:01:42","date_gmt":"2019-10-16T16:01:42","guid":{"rendered":"http:\/\/www.abmnews.com\/blog\/?p=38545"},"modified":"2019-10-16T18:02:26","modified_gmt":"2019-10-16T16:02:26","slug":"recupera-a-settembre-il-mercato-europeo-ma-nei-nove-mesi-resta-negativo-a-16","status":"publish","type":"post","link":"http:\/\/www.abmnews.com\/blog\/recupera-a-settembre-il-mercato-europeo-ma-nei-nove-mesi-resta-negativo-a-16\/","title":{"rendered":"Recupera a settembre il mercato europeo ma nei nove mesi resta negativo a -1,6%."},"content":{"rendered":"\n<p>Rimbalza a settembre il mercato Europeo dell\u2019automobile: al forte calo di agosto (-8,6%) segue infatti un consistente aumento della domanda di autovetture (+14,4% con un guadagno di 62.140 unit\u00e0 rispetto allo stesso mese del 2018). Pesa tuttavia sul confronto dei due mesi appena trascorsi con i corrispondenti mesi dell\u2019anno scorso l\u2019entrata in vigore a Settembre 2018 delle nuove regole in tema di omologazione e immatricolazione (WLTP)<\/p>\n<p>Secondo i dati diffusi oggi dall\u2019ACEA, l\u2019Associazione dei Costruttori Europei, a settembre le vendite di auto nuove nell\u2019Europa dei 28+EFTA sono state pari a 1.285.494 unit\u00e0 rispetto alle 1.123.354 unit\u00e0 di 12 mesi prima. Con questo risultato si attenua la dinamica negativa della domanda di autovetture nel cumulato annuo, che archivia 12.115.927 immatricolazioni, l\u20191,6% in meno dei 12.308.191 veicoli del periodo gennaio-settembre dello scorso anno.<\/p>\n<p>Dall\u2019analisi dei risultati del mese per paese, si nota un generalizzato aumento delle vendite con 28 dei 30 paesi analizzati in crescita (con l\u2019eccezione di Bulgaria e Islanda, due mercati marginali).<\/p>\n<p>Analizzando i <em>5 Major Markets<\/em> si evincono per il mese di settembre le rilevanti performance, in doppia cifra, di Germania, Francia, Spagna e Italia e il pi\u00f9 contenuto incremento del Regno Unito (+1,3%). L\u2019Italia guadagna il 13,4% delle vendite rispetto a settembre 2018, con un calo nei 9 mesi in linea con la depressa tendenza del mercato complessivo (-1,6%).<\/p>\n<p>\u201c<em>Sull\u2019industria automotive globale, paventa una nota societ\u00e0 di consulenza, rischia di abbattersi una \u201ctempesta perfetta\u201d <\/em>\u2013 commenta Andrea Cardinali, Direttore Generale dell\u2019UNRAE, l\u2019Associazione delle Case automobilistiche estere \u2013<em>innescata da importanti cambiamenti normativi, tecnologici, economici, geopolitici e sociali in un contesto di declino strutturale della domanda Europea di autovetture\u201d.<\/em><\/p>\n<p><em>\u201cAppare sempre pi\u00f9 evidente e pressante, quindi, la necessit\u00e0 di mettere in campo politiche a supporto di un settore che ha enorme valenza sociale, economica e tecnologica anche in Italia. L\u2019auspicio <\/em>\u2013 conclude Cardinali \u2013<em> \u00e8 che con il tavolo automotive convocato per il 18 ottobre dal Ministro Patuanelli si inizi finalmente ad affrontare in modo serio il problema, e che presto vedano la luce misure sostanziali e strutturali tese efficacemente al rinnovo di un parco tra i pi\u00f9 vecchi in Europa<\/em>\u201d.<\/p>\n<p><strong>Germania &#8211; A settembre consolida la crescita il mercato tedesco (+2,5% nei 9 mesi)<\/strong><\/p>\n<p>Dopo il crollo di settembre dello scorso anno (-30,5%) a causa dell\u2019entrata in vigore delle nuove norme WLTP, il mese che chiude il terzo trimestre del 2019 registra un risultato a doppia cifra, con una crescita del 22,2% grazie alle 244.622 immatricolazioni di auto nuove, contro le 200.134 di settembre 2018. I primi nove mesi chiudono con un saldo positivo del 2,5% e 2.740.158 unit\u00e0 verso le 2.673.418 del gennaio-settembre 2018. Di queste quasi il 60% \u00e8 equipaggiato con motore a benzina (59,5%), il 32,3% con il diesel. La rappresentativit\u00e0 dell\u2019ibrido \u00e8 del 6,0% con 163.352 veicoli, dell\u20191,7% dell\u2019elettrico con quasi 47.903 auto nuove. Nel mese di settembre crescono a tripla cifra il metano (+213%) e l\u2019elettrico (+150%), rimanendo comunque scelte di nicchia. Nei primi nove mesi, infine, si registra il 64,5% degli acquisti da parte di persone giuridiche con 1.767.213 unit\u00e0, a fronte del 35,5% da parte di privati con 972.010 veicoli.<\/p>\n<p><strong>Regno Unito &#8211; La modesta crescita di settembre conferma il trend negativo degli ultimi 30 mesi<\/strong><\/p>\n<p>A settembre, con una performance peggiore rispetto agli altri grandi mercati europei, crescono timidamente gli acquisti di auto nuove nel Regno Unito a causa dell\u2019incertezza politica ed economica legata alla Brexit, alla base del calo di fiducia dei consumatori. Nel mese che segna il cambio targa aumentano, infatti, dell\u20191,3% le immatricolazioni, a 343.255 unit\u00e0, rispetto allo stesso mese del 2018, che aveva registrato una flessione del 20,5% per l\u2019entrata in vigore delle norme WLTP. Nel cumulato la flessione \u00e8 del 2,5% a 1.862.271 veicoli, il peggior risultato dal 2013, con una perdita di circa 49.000 unit\u00e0. SMMT, l\u2019associazione rappresentativa dell\u2019industria automotive nazionale, auspica la stabilizzazione del mercato, evitando una \u201cno deal\u201d Brexit e favorendo un accordo senza barriere tariffarie. Analizzando il mix per canali, nei 9 mesi si evidenzia il calo sia delle societ\u00e0, con il 37,4% dei volumi in meno e una quota al 2,6% (-1,4 p.p), sia dei privati, con il 2,4% in meno dei volumi e una quota stabile al 45,0%, a fronte di un +0,1% del noleggio, in salita al 52,4% di rappresentativit\u00e0. Sul fronte delle alimentazioni, prosegue nei 9 mesi l\u2019accentuato calo del diesel (-20,6%) che cede quasi 6 p.p., al 25,8% con 480.388 vendite, a fronte di un +2,6% del benzina al 65,4% (1.217.577 unit\u00e0).<\/p>\n<p><strong>Francia &#8211; Resta in territorio negativo la domanda nonostante il recupero di settembre<\/strong><\/p>\n<p>Dopo il -13% di settembre 2018, che aveva visto l\u2019introduzione delle norme WLTP e l\u2019indisponibilit\u00e0 di alcuni prodotti, a settembre 2019 recupera e registra un +16,6% con 173.443 unit\u00e0 il mercato francese, in linea con quanto registrato due anni fa con circa 171.000 vendite. Il periodo gennaio-settembre totalizza quindi 1.641.367 immatricolazioni di auto nuove, con una flessione dell\u20191,3%. Continua il trend al ribasso delle vendite di vetture diesel, che sono passate da una rappresentativit\u00e0 del 64% nel 2014 al 34,1% dei primi 9 mesi del 2019 con 559.294 unit\u00e0, a fronte di una quota del 58,5% delle vetture con motore benzina e 959.673 veicoli. Sale di 0,7 p.p la quota sia delle ibride, al 5,3% con 87.331 unit\u00e0, sia delle elettriche, all\u20191,9% con 30.378 acquisti. In aumento nel periodo gennaio-settembre la rappresentativit\u00e0 delle piccole autovetture, al 57%, in leggero calo quella delle medie-inferiori al 25% e delle medie superiori al 12%, leggero recupero delle superiori-lusso al 6%.<\/p>\n<p><strong>Spagna &#8211; Nonostante il rimbalzo di settembre, \u00e8 ancora negativa la dinamica del mercato spagnolo <\/strong><\/p>\n<p>Le immatricolazioni di autovetture nuove in Spagna nel mese di settembre sono state 81.751, in crescita del 18,3% rispetto allo stesso periodo dello scorso anno, quando, grazie all\u2019effetto WLTP, se ne immatricolarono 69.128 con un calo del 17%. Il rimbalzo di settembre in parte compensa la dinamica discendente in atto dall\u2019inizio del 2019. Purtuttavia, resta il segno negativo nel cumulato annuo, con una contrazione della domanda che si attesta al 7,4% a 965.339 unit\u00e0. Dalla scomposizione per canale dei primi tre trimestri emerge il calo a doppia cifra dei privati (-12,9%) con 435.917 acquisti, a fronte di un calo del 2,6% dei noleggi (210.153 unit\u00e0) e del 2,1% delle societ\u00e0 (319.269 unit\u00e0). Analizzando la domanda per alimentazione nello stesso periodo, si nota la tenuta del benzina (+2,0% a 590.000 vendite) e il crollo del diesel (-31,0% a 266.000 vendite).<\/p>\n<p>\u00a0<\/p>\n","protected":false},"excerpt":{"rendered":"","protected":false},"author":2,"featured_media":38546,"comment_status":"closed","ping_status":"open","sticky":false,"template":"","format":"standard","meta":{"tdm_status":"","tdm_grid_status":"","footnotes":""},"categories":[6323,293],"tags":[],"class_list":["post-38545","post","type-post","status-publish","format-standard","has-post-thumbnail","category-mercato","category-news"],"yoast_head":"<!-- This site is optimized with the Yoast SEO plugin v28.0 - https:\/\/yoast.com\/product\/yoast-seo-wordpress\/ -->\n<title>Recupera a settembre il mercato europeo ma nei nove mesi resta negativo a -1,6%. - AbmNews<\/title>\n<meta name=\"robots\" content=\"index, follow, max-snippet:-1, max-image-preview:large, max-video-preview:-1\" \/>\n<link rel=\"canonical\" href=\"https:\/\/www.abmnews.com\/blog\/recupera-a-settembre-il-mercato-europeo-ma-nei-nove-mesi-resta-negativo-a-16\/\" \/>\n<meta property=\"og:locale\" content=\"it_IT\" \/>\n<meta property=\"og:type\" content=\"article\" \/>\n<meta property=\"og:title\" content=\"Recupera a settembre il mercato europeo ma nei nove mesi resta negativo a -1,6%. - AbmNews\" \/>\n<meta property=\"og:url\" content=\"https:\/\/www.abmnews.com\/blog\/recupera-a-settembre-il-mercato-europeo-ma-nei-nove-mesi-resta-negativo-a-16\/\" \/>\n<meta property=\"og:site_name\" content=\"AbmNews\" \/>\n<meta property=\"article:publisher\" content=\"https:\/\/www.facebook.com\/ABMnews\" \/>\n<meta property=\"article:published_time\" content=\"2019-10-16T16:01:42+00:00\" \/>\n<meta property=\"article:modified_time\" content=\"2019-10-16T16:02:26+00:00\" \/>\n<meta property=\"og:image\" content=\"https:\/\/www.abmnews.com\/blog\/wp-content\/uploads\/2019\/10\/5da6ed0d94b5b_CS_eu_maggio14.jpg\" \/>\n\t<meta property=\"og:image:width\" content=\"594\" \/>\n\t<meta property=\"og:image:height\" content=\"356\" \/>\n\t<meta property=\"og:image:type\" content=\"image\/jpeg\" \/>\n<meta name=\"author\" content=\"Redazione\" \/>\n<meta name=\"twitter:card\" content=\"summary_large_image\" \/>\n<meta name=\"twitter:creator\" content=\"@ABMnewscom\" \/>\n<meta name=\"twitter:site\" content=\"@ABMnewscom\" \/>\n<meta name=\"twitter:label1\" content=\"Scritto da\" \/>\n\t<meta name=\"twitter:data1\" content=\"Redazione\" \/>\n\t<meta name=\"twitter:label2\" content=\"Tempo di lettura stimato\" \/>\n\t<meta name=\"twitter:data2\" content=\"5 minuti\" \/>\n<script type=\"application\/ld+json\" class=\"yoast-schema-graph\">{\"@context\":\"https:\\\/\\\/schema.org\",\"@graph\":[{\"@type\":\"Article\",\"@id\":\"https:\\\/\\\/www.abmnews.com\\\/blog\\\/recupera-a-settembre-il-mercato-europeo-ma-nei-nove-mesi-resta-negativo-a-16\\\/#article\",\"isPartOf\":{\"@id\":\"https:\\\/\\\/www.abmnews.com\\\/blog\\\/recupera-a-settembre-il-mercato-europeo-ma-nei-nove-mesi-resta-negativo-a-16\\\/\"},\"author\":{\"name\":\"Redazione\",\"@id\":\"https:\\\/\\\/www.abmnews.com\\\/blog\\\/#\\\/schema\\\/person\\\/2da21c254d26591b7993648c954826a2\"},\"headline\":\"Recupera a settembre il mercato europeo ma nei nove mesi resta negativo a -1,6%.\",\"datePublished\":\"2019-10-16T16:01:42+00:00\",\"dateModified\":\"2019-10-16T16:02:26+00:00\",\"mainEntityOfPage\":{\"@id\":\"https:\\\/\\\/www.abmnews.com\\\/blog\\\/recupera-a-settembre-il-mercato-europeo-ma-nei-nove-mesi-resta-negativo-a-16\\\/\"},\"wordCount\":1005,\"publisher\":{\"@id\":\"https:\\\/\\\/www.abmnews.com\\\/blog\\\/#organization\"},\"image\":{\"@id\":\"https:\\\/\\\/www.abmnews.com\\\/blog\\\/recupera-a-settembre-il-mercato-europeo-ma-nei-nove-mesi-resta-negativo-a-16\\\/#primaryimage\"},\"thumbnailUrl\":\"http:\\\/\\\/www.abmnews.com\\\/blog\\\/wp-content\\\/uploads\\\/2019\\\/10\\\/5da6ed0d94b5b_CS_eu_maggio14.jpg\",\"articleSection\":[\"Mercato\",\"News\"],\"inLanguage\":\"it-IT\"},{\"@type\":\"WebPage\",\"@id\":\"https:\\\/\\\/www.abmnews.com\\\/blog\\\/recupera-a-settembre-il-mercato-europeo-ma-nei-nove-mesi-resta-negativo-a-16\\\/\",\"url\":\"https:\\\/\\\/www.abmnews.com\\\/blog\\\/recupera-a-settembre-il-mercato-europeo-ma-nei-nove-mesi-resta-negativo-a-16\\\/\",\"name\":\"Recupera a settembre il mercato europeo ma nei nove mesi resta negativo a -1,6%. - AbmNews\",\"isPartOf\":{\"@id\":\"https:\\\/\\\/www.abmnews.com\\\/blog\\\/#website\"},\"primaryImageOfPage\":{\"@id\":\"https:\\\/\\\/www.abmnews.com\\\/blog\\\/recupera-a-settembre-il-mercato-europeo-ma-nei-nove-mesi-resta-negativo-a-16\\\/#primaryimage\"},\"image\":{\"@id\":\"https:\\\/\\\/www.abmnews.com\\\/blog\\\/recupera-a-settembre-il-mercato-europeo-ma-nei-nove-mesi-resta-negativo-a-16\\\/#primaryimage\"},\"thumbnailUrl\":\"http:\\\/\\\/www.abmnews.com\\\/blog\\\/wp-content\\\/uploads\\\/2019\\\/10\\\/5da6ed0d94b5b_CS_eu_maggio14.jpg\",\"datePublished\":\"2019-10-16T16:01:42+00:00\",\"dateModified\":\"2019-10-16T16:02:26+00:00\",\"breadcrumb\":{\"@id\":\"https:\\\/\\\/www.abmnews.com\\\/blog\\\/recupera-a-settembre-il-mercato-europeo-ma-nei-nove-mesi-resta-negativo-a-16\\\/#breadcrumb\"},\"inLanguage\":\"it-IT\",\"potentialAction\":[{\"@type\":\"ReadAction\",\"target\":[\"https:\\\/\\\/www.abmnews.com\\\/blog\\\/recupera-a-settembre-il-mercato-europeo-ma-nei-nove-mesi-resta-negativo-a-16\\\/\"]}]},{\"@type\":\"ImageObject\",\"inLanguage\":\"it-IT\",\"@id\":\"https:\\\/\\\/www.abmnews.com\\\/blog\\\/recupera-a-settembre-il-mercato-europeo-ma-nei-nove-mesi-resta-negativo-a-16\\\/#primaryimage\",\"url\":\"http:\\\/\\\/www.abmnews.com\\\/blog\\\/wp-content\\\/uploads\\\/2019\\\/10\\\/5da6ed0d94b5b_CS_eu_maggio14.jpg\",\"contentUrl\":\"http:\\\/\\\/www.abmnews.com\\\/blog\\\/wp-content\\\/uploads\\\/2019\\\/10\\\/5da6ed0d94b5b_CS_eu_maggio14.jpg\",\"width\":594,\"height\":356},{\"@type\":\"BreadcrumbList\",\"@id\":\"https:\\\/\\\/www.abmnews.com\\\/blog\\\/recupera-a-settembre-il-mercato-europeo-ma-nei-nove-mesi-resta-negativo-a-16\\\/#breadcrumb\",\"itemListElement\":[{\"@type\":\"ListItem\",\"position\":1,\"name\":\"Home\",\"item\":\"https:\\\/\\\/www.abmnews.com\\\/blog\\\/\"},{\"@type\":\"ListItem\",\"position\":2,\"name\":\"Recupera a settembre il mercato europeo ma nei nove mesi resta negativo a -1,6%.\"}]},{\"@type\":\"WebSite\",\"@id\":\"https:\\\/\\\/www.abmnews.com\\\/blog\\\/#website\",\"url\":\"https:\\\/\\\/www.abmnews.com\\\/blog\\\/\",\"name\":\"AbmNews\",\"description\":\"\",\"publisher\":{\"@id\":\"https:\\\/\\\/www.abmnews.com\\\/blog\\\/#organization\"},\"potentialAction\":[{\"@type\":\"SearchAction\",\"target\":{\"@type\":\"EntryPoint\",\"urlTemplate\":\"https:\\\/\\\/www.abmnews.com\\\/blog\\\/?s={search_term_string}\"},\"query-input\":{\"@type\":\"PropertyValueSpecification\",\"valueRequired\":true,\"valueName\":\"search_term_string\"}}],\"inLanguage\":\"it-IT\"},{\"@type\":\"Organization\",\"@id\":\"https:\\\/\\\/www.abmnews.com\\\/blog\\\/#organization\",\"name\":\"AbmNews\",\"url\":\"https:\\\/\\\/www.abmnews.com\\\/blog\\\/\",\"logo\":{\"@type\":\"ImageObject\",\"inLanguage\":\"it-IT\",\"@id\":\"https:\\\/\\\/www.abmnews.com\\\/blog\\\/#\\\/schema\\\/logo\\\/image\\\/\",\"url\":\"http:\\\/\\\/www.abmnews.com\\\/blog\\\/wp-content\\\/uploads\\\/2026\\\/01\\\/logoabmnews544x180.png\",\"contentUrl\":\"http:\\\/\\\/www.abmnews.com\\\/blog\\\/wp-content\\\/uploads\\\/2026\\\/01\\\/logoabmnews544x180.png\",\"width\":544,\"height\":180,\"caption\":\"AbmNews\"},\"image\":{\"@id\":\"https:\\\/\\\/www.abmnews.com\\\/blog\\\/#\\\/schema\\\/logo\\\/image\\\/\"},\"sameAs\":[\"https:\\\/\\\/www.facebook.com\\\/ABMnews\",\"https:\\\/\\\/x.com\\\/ABMnewscom\",\"https:\\\/\\\/www.instagram.com\\\/abmnewsblog\"]},{\"@type\":\"Person\",\"@id\":\"https:\\\/\\\/www.abmnews.com\\\/blog\\\/#\\\/schema\\\/person\\\/2da21c254d26591b7993648c954826a2\",\"name\":\"Redazione\",\"image\":{\"@type\":\"ImageObject\",\"inLanguage\":\"it-IT\",\"@id\":\"https:\\\/\\\/secure.gravatar.com\\\/avatar\\\/888b71ec1a1241930daa72f4c66b40f2390ac7ac3003b2cea4bbb235380b9dc2?s=96&d=mm&r=g\",\"url\":\"https:\\\/\\\/secure.gravatar.com\\\/avatar\\\/888b71ec1a1241930daa72f4c66b40f2390ac7ac3003b2cea4bbb235380b9dc2?s=96&d=mm&r=g\",\"contentUrl\":\"https:\\\/\\\/secure.gravatar.com\\\/avatar\\\/888b71ec1a1241930daa72f4c66b40f2390ac7ac3003b2cea4bbb235380b9dc2?s=96&d=mm&r=g\",\"caption\":\"Redazione\"},\"url\":\"http:\\\/\\\/www.abmnews.com\\\/blog\\\/author\\\/redazione\\\/\"}]}<\/script>\n<!-- \/ Yoast SEO plugin. -->","yoast_head_json":{"title":"Recupera a settembre il mercato europeo ma nei nove mesi resta negativo a -1,6%. - AbmNews","robots":{"index":"index","follow":"follow","max-snippet":"max-snippet:-1","max-image-preview":"max-image-preview:large","max-video-preview":"max-video-preview:-1"},"canonical":"https:\/\/www.abmnews.com\/blog\/recupera-a-settembre-il-mercato-europeo-ma-nei-nove-mesi-resta-negativo-a-16\/","og_locale":"it_IT","og_type":"article","og_title":"Recupera a settembre il mercato europeo ma nei nove mesi resta negativo a -1,6%. - AbmNews","og_url":"https:\/\/www.abmnews.com\/blog\/recupera-a-settembre-il-mercato-europeo-ma-nei-nove-mesi-resta-negativo-a-16\/","og_site_name":"AbmNews","article_publisher":"https:\/\/www.facebook.com\/ABMnews","article_published_time":"2019-10-16T16:01:42+00:00","article_modified_time":"2019-10-16T16:02:26+00:00","og_image":[{"width":594,"height":356,"url":"https:\/\/www.abmnews.com\/blog\/wp-content\/uploads\/2019\/10\/5da6ed0d94b5b_CS_eu_maggio14.jpg","type":"image\/jpeg"}],"author":"Redazione","twitter_card":"summary_large_image","twitter_creator":"@ABMnewscom","twitter_site":"@ABMnewscom","twitter_misc":{"Scritto da":"Redazione","Tempo di lettura stimato":"5 minuti"},"schema":{"@context":"https:\/\/schema.org","@graph":[{"@type":"Article","@id":"https:\/\/www.abmnews.com\/blog\/recupera-a-settembre-il-mercato-europeo-ma-nei-nove-mesi-resta-negativo-a-16\/#article","isPartOf":{"@id":"https:\/\/www.abmnews.com\/blog\/recupera-a-settembre-il-mercato-europeo-ma-nei-nove-mesi-resta-negativo-a-16\/"},"author":{"name":"Redazione","@id":"https:\/\/www.abmnews.com\/blog\/#\/schema\/person\/2da21c254d26591b7993648c954826a2"},"headline":"Recupera a settembre il mercato europeo ma nei nove mesi resta negativo a -1,6%.","datePublished":"2019-10-16T16:01:42+00:00","dateModified":"2019-10-16T16:02:26+00:00","mainEntityOfPage":{"@id":"https:\/\/www.abmnews.com\/blog\/recupera-a-settembre-il-mercato-europeo-ma-nei-nove-mesi-resta-negativo-a-16\/"},"wordCount":1005,"publisher":{"@id":"https:\/\/www.abmnews.com\/blog\/#organization"},"image":{"@id":"https:\/\/www.abmnews.com\/blog\/recupera-a-settembre-il-mercato-europeo-ma-nei-nove-mesi-resta-negativo-a-16\/#primaryimage"},"thumbnailUrl":"http:\/\/www.abmnews.com\/blog\/wp-content\/uploads\/2019\/10\/5da6ed0d94b5b_CS_eu_maggio14.jpg","articleSection":["Mercato","News"],"inLanguage":"it-IT"},{"@type":"WebPage","@id":"https:\/\/www.abmnews.com\/blog\/recupera-a-settembre-il-mercato-europeo-ma-nei-nove-mesi-resta-negativo-a-16\/","url":"https:\/\/www.abmnews.com\/blog\/recupera-a-settembre-il-mercato-europeo-ma-nei-nove-mesi-resta-negativo-a-16\/","name":"Recupera a settembre il mercato europeo ma nei nove mesi resta negativo a -1,6%. - AbmNews","isPartOf":{"@id":"https:\/\/www.abmnews.com\/blog\/#website"},"primaryImageOfPage":{"@id":"https:\/\/www.abmnews.com\/blog\/recupera-a-settembre-il-mercato-europeo-ma-nei-nove-mesi-resta-negativo-a-16\/#primaryimage"},"image":{"@id":"https:\/\/www.abmnews.com\/blog\/recupera-a-settembre-il-mercato-europeo-ma-nei-nove-mesi-resta-negativo-a-16\/#primaryimage"},"thumbnailUrl":"http:\/\/www.abmnews.com\/blog\/wp-content\/uploads\/2019\/10\/5da6ed0d94b5b_CS_eu_maggio14.jpg","datePublished":"2019-10-16T16:01:42+00:00","dateModified":"2019-10-16T16:02:26+00:00","breadcrumb":{"@id":"https:\/\/www.abmnews.com\/blog\/recupera-a-settembre-il-mercato-europeo-ma-nei-nove-mesi-resta-negativo-a-16\/#breadcrumb"},"inLanguage":"it-IT","potentialAction":[{"@type":"ReadAction","target":["https:\/\/www.abmnews.com\/blog\/recupera-a-settembre-il-mercato-europeo-ma-nei-nove-mesi-resta-negativo-a-16\/"]}]},{"@type":"ImageObject","inLanguage":"it-IT","@id":"https:\/\/www.abmnews.com\/blog\/recupera-a-settembre-il-mercato-europeo-ma-nei-nove-mesi-resta-negativo-a-16\/#primaryimage","url":"http:\/\/www.abmnews.com\/blog\/wp-content\/uploads\/2019\/10\/5da6ed0d94b5b_CS_eu_maggio14.jpg","contentUrl":"http:\/\/www.abmnews.com\/blog\/wp-content\/uploads\/2019\/10\/5da6ed0d94b5b_CS_eu_maggio14.jpg","width":594,"height":356},{"@type":"BreadcrumbList","@id":"https:\/\/www.abmnews.com\/blog\/recupera-a-settembre-il-mercato-europeo-ma-nei-nove-mesi-resta-negativo-a-16\/#breadcrumb","itemListElement":[{"@type":"ListItem","position":1,"name":"Home","item":"https:\/\/www.abmnews.com\/blog\/"},{"@type":"ListItem","position":2,"name":"Recupera a settembre il mercato europeo ma nei nove mesi resta negativo a -1,6%."}]},{"@type":"WebSite","@id":"https:\/\/www.abmnews.com\/blog\/#website","url":"https:\/\/www.abmnews.com\/blog\/","name":"AbmNews","description":"","publisher":{"@id":"https:\/\/www.abmnews.com\/blog\/#organization"},"potentialAction":[{"@type":"SearchAction","target":{"@type":"EntryPoint","urlTemplate":"https:\/\/www.abmnews.com\/blog\/?s={search_term_string}"},"query-input":{"@type":"PropertyValueSpecification","valueRequired":true,"valueName":"search_term_string"}}],"inLanguage":"it-IT"},{"@type":"Organization","@id":"https:\/\/www.abmnews.com\/blog\/#organization","name":"AbmNews","url":"https:\/\/www.abmnews.com\/blog\/","logo":{"@type":"ImageObject","inLanguage":"it-IT","@id":"https:\/\/www.abmnews.com\/blog\/#\/schema\/logo\/image\/","url":"http:\/\/www.abmnews.com\/blog\/wp-content\/uploads\/2026\/01\/logoabmnews544x180.png","contentUrl":"http:\/\/www.abmnews.com\/blog\/wp-content\/uploads\/2026\/01\/logoabmnews544x180.png","width":544,"height":180,"caption":"AbmNews"},"image":{"@id":"https:\/\/www.abmnews.com\/blog\/#\/schema\/logo\/image\/"},"sameAs":["https:\/\/www.facebook.com\/ABMnews","https:\/\/x.com\/ABMnewscom","https:\/\/www.instagram.com\/abmnewsblog"]},{"@type":"Person","@id":"https:\/\/www.abmnews.com\/blog\/#\/schema\/person\/2da21c254d26591b7993648c954826a2","name":"Redazione","image":{"@type":"ImageObject","inLanguage":"it-IT","@id":"https:\/\/secure.gravatar.com\/avatar\/888b71ec1a1241930daa72f4c66b40f2390ac7ac3003b2cea4bbb235380b9dc2?s=96&d=mm&r=g","url":"https:\/\/secure.gravatar.com\/avatar\/888b71ec1a1241930daa72f4c66b40f2390ac7ac3003b2cea4bbb235380b9dc2?s=96&d=mm&r=g","contentUrl":"https:\/\/secure.gravatar.com\/avatar\/888b71ec1a1241930daa72f4c66b40f2390ac7ac3003b2cea4bbb235380b9dc2?s=96&d=mm&r=g","caption":"Redazione"},"url":"http:\/\/www.abmnews.com\/blog\/author\/redazione\/"}]}},"_links":{"self":[{"href":"http:\/\/www.abmnews.com\/blog\/wp-json\/wp\/v2\/posts\/38545","targetHints":{"allow":["GET"]}}],"collection":[{"href":"http:\/\/www.abmnews.com\/blog\/wp-json\/wp\/v2\/posts"}],"about":[{"href":"http:\/\/www.abmnews.com\/blog\/wp-json\/wp\/v2\/types\/post"}],"author":[{"embeddable":true,"href":"http:\/\/www.abmnews.com\/blog\/wp-json\/wp\/v2\/users\/2"}],"replies":[{"embeddable":true,"href":"http:\/\/www.abmnews.com\/blog\/wp-json\/wp\/v2\/comments?post=38545"}],"version-history":[{"count":1,"href":"http:\/\/www.abmnews.com\/blog\/wp-json\/wp\/v2\/posts\/38545\/revisions"}],"predecessor-version":[{"id":38547,"href":"http:\/\/www.abmnews.com\/blog\/wp-json\/wp\/v2\/posts\/38545\/revisions\/38547"}],"wp:featuredmedia":[{"embeddable":true,"href":"http:\/\/www.abmnews.com\/blog\/wp-json\/wp\/v2\/media\/38546"}],"wp:attachment":[{"href":"http:\/\/www.abmnews.com\/blog\/wp-json\/wp\/v2\/media?parent=38545"}],"wp:term":[{"taxonomy":"category","embeddable":true,"href":"http:\/\/www.abmnews.com\/blog\/wp-json\/wp\/v2\/categories?post=38545"},{"taxonomy":"post_tag","embeddable":true,"href":"http:\/\/www.abmnews.com\/blog\/wp-json\/wp\/v2\/tags?post=38545"}],"curies":[{"name":"wp","href":"https:\/\/api.w.org\/{rel}","templated":true}]}}