{"id":51541,"date":"2020-11-19T10:54:18","date_gmt":"2020-11-19T09:54:18","guid":{"rendered":"http:\/\/www.abmnews.com\/blog\/?p=51541"},"modified":"2020-11-19T10:54:21","modified_gmt":"2020-11-19T09:54:21","slug":"ancma-mobilita-urbana-parma-la-citta-piu-a-misura-di-bici-dellanno","status":"publish","type":"post","link":"http:\/\/www.abmnews.com\/blog\/ancma-mobilita-urbana-parma-la-citta-piu-a-misura-di-bici-dellanno\/","title":{"rendered":"ANCMA: MOBILIT\u00c0 URBANA, PARMA LA CITT\u00c0 PI\u00d9 A MISURA DI BICI DELL\u2019ANNO"},"content":{"rendered":"\n<p class=\"m_3588525044774358130MsoNoSpacing\">\u00c8 Parma la citt\u00e0 italiana pi\u00f9 attenta alle biciclette di quest\u2019anno. Il Comune emiliano ha infatti vinto l\u2019Edizione 2020 dell\u2019Urban Award, il <i>contest<\/i> ideato da Ludovica Casellati e organizzato con Anci (Associazione Nazionale Comuni Italiani), che premia ogni anno i migliori progetti legati alla bicicletta e alla mobilit\u00e0 sostenibile realizzati delle amministrazioni comunali sul territorio nazionale. <u><\/u><u><\/u><\/p>\n<p class=\"m_3588525044774358130MsoNoSpacing\">A convincere la giuria composta da esperti del settore e giornalisti \u00e8 stata la completezza delle iniziative per promuovere l\u2019utilizzo quotidiano delle due ruote, con particolare riferimento ai tragitti casa-lavoro e casa-scuola, messe in campo dal municipio parmense. Tra le altre motivazioni del conferimento del premio le opere di infrastrutturazione ciclabile, gli interventi di manutenzione sui percorsi esistenti e l\u2019implementazione del <i>bike sharing<\/i>, ma anche i progetti di comunicazione sulla sicurezza e la promozione turistica della citt\u00e0 legati alla bicicletta.\u00a0<u><\/u><u><\/u><\/p>\n<p class=\"m_3588525044774358130MsoNoSpacing\">Al secondo posto Francavilla Fontana, in provincia di Brindisi, con il progetto \u201cAdotta una bici\u201d, la terza piazza \u00e8 andata invece alla citt\u00e0 di Pesaro per la sua Bicipolitana, mentre una menzione \u00e8 stata assegnata infine ai percorsi ciclabili di Cosenza.<u><\/u><u><\/u><\/p>\n<p class=\"m_3588525044774358130MsoNoSpacing\"><u><\/u>\u00a0<u><\/u><\/p>\n<p class=\"m_3588525044774358130MsoNoSpacing\">Con la vittoria dell\u2019Urban Award 2020, Parma riceve in premio, per la prima volta nella storia del <i>contest<\/i>, una dotazione di <b>30 biciclette offerte da una cordata di quattro imprese associate a Confindustria ANCMA<\/b> (Associazione Nazionale Ciclo Motociclo Accessori). La siciliana Cicli Lombardo, insieme ai produttori di componenti RMS, Selle Royal, e Vittoria, ha infatti costruito una bici appositamente progettata per l\u2019Urban Award (foto in allegato), \u201csegno \u2013 si legge in una nota diffusa stamane da ANCMA \u2013 di un\u2019impronta culturale che le nostre imprese hanno voluto trasmettere con questo gesto, di quanto pubblico e privato possano potenzialmente creare sinergie importanti per la diffusione dell\u2019utilizzo della bicicletta nei centri urbani e di quanto i nostri associati siano dentro questo processo in modo attivo\u201d.<u><\/u><u><\/u><\/p>\n<p class=\"m_3588525044774358130MsoNoSpacing\"><u><\/u>\u00a0<u><\/u><\/p>\n<p class=\"m_3588525044774358130MsoNoSpacing\">\u201cL\u2019industria del settore c\u2019\u00e8 ed \u00e8 forte della propria associazione: abbiamo deciso di compiere uno sforzo per accendere a nostro modo un riflettore sulle buone pratiche che premia questo concorso e \u2013 hanno confermato gli imprenditori coinvolti \u2013 lo abbiamo fatto mettendo assieme le nostre energie, ognuno con le proprie peculiarit\u00e0 produttive, per donare queste trenta biciclette al Comune di Parma. Per noi rappresenta un investimento tangibile e significativo su questa citt\u00e0, ma \u00e8 anche un messaggio simbolico per tutti gli altri Comuni che si stanno muovendo in questa direzione\u201d.<u><\/u><u><\/u><\/p>\n<p class=\"m_3588525044774358130MsoNoSpacing\"><u><\/u>\u00a0<\/p>\n","protected":false},"excerpt":{"rendered":"","protected":false},"author":2,"featured_media":51542,"comment_status":"closed","ping_status":"open","sticky":false,"template":"","format":"standard","meta":{"tdm_status":"","tdm_grid_status":"","footnotes":""},"categories":[7913,293],"tags":[],"class_list":["post-51541","post","type-post","status-publish","format-standard","has-post-thumbnail","category-ancma","category-news"],"yoast_head":"<!-- This site is optimized with the Yoast SEO plugin v28.0 - https:\/\/yoast.com\/product\/yoast-seo-wordpress\/ -->\n<title>ANCMA: MOBILIT\u00c0 URBANA, PARMA LA CITT\u00c0 PI\u00d9 A MISURA DI BICI DELL\u2019ANNO - AbmNews<\/title>\n<meta name=\"robots\" content=\"index, follow, max-snippet:-1, max-image-preview:large, max-video-preview:-1\" \/>\n<link rel=\"canonical\" href=\"https:\/\/www.abmnews.com\/blog\/ancma-mobilita-urbana-parma-la-citta-piu-a-misura-di-bici-dellanno\/\" \/>\n<meta property=\"og:locale\" content=\"it_IT\" \/>\n<meta property=\"og:type\" content=\"article\" \/>\n<meta property=\"og:title\" content=\"ANCMA: MOBILIT\u00c0 URBANA, PARMA LA CITT\u00c0 PI\u00d9 A MISURA DI BICI DELL\u2019ANNO - AbmNews\" \/>\n<meta property=\"og:url\" content=\"https:\/\/www.abmnews.com\/blog\/ancma-mobilita-urbana-parma-la-citta-piu-a-misura-di-bici-dellanno\/\" \/>\n<meta property=\"og:site_name\" content=\"AbmNews\" \/>\n<meta property=\"article:publisher\" content=\"https:\/\/www.facebook.com\/ABMnews\" \/>\n<meta property=\"article:published_time\" content=\"2020-11-19T09:54:18+00:00\" \/>\n<meta property=\"article:modified_time\" content=\"2020-11-19T09:54:21+00:00\" \/>\n<meta property=\"og:image\" content=\"https:\/\/www.abmnews.com\/blog\/wp-content\/uploads\/2020\/11\/Rimini-soluzione-B.jpg\" \/>\n\t<meta property=\"og:image:width\" content=\"800\" \/>\n\t<meta property=\"og:image:height\" content=\"559\" \/>\n\t<meta property=\"og:image:type\" content=\"image\/jpeg\" \/>\n<meta name=\"author\" content=\"Redazione\" \/>\n<meta name=\"twitter:card\" content=\"summary_large_image\" \/>\n<meta name=\"twitter:creator\" content=\"@ABMnewscom\" \/>\n<meta name=\"twitter:site\" content=\"@ABMnewscom\" \/>\n<meta name=\"twitter:label1\" content=\"Scritto da\" \/>\n\t<meta name=\"twitter:data1\" content=\"Redazione\" \/>\n\t<meta name=\"twitter:label2\" content=\"Tempo di lettura stimato\" \/>\n\t<meta name=\"twitter:data2\" content=\"2 minuti\" \/>\n<script type=\"application\/ld+json\" class=\"yoast-schema-graph\">{\"@context\":\"https:\\\/\\\/schema.org\",\"@graph\":[{\"@type\":\"Article\",\"@id\":\"https:\\\/\\\/www.abmnews.com\\\/blog\\\/ancma-mobilita-urbana-parma-la-citta-piu-a-misura-di-bici-dellanno\\\/#article\",\"isPartOf\":{\"@id\":\"https:\\\/\\\/www.abmnews.com\\\/blog\\\/ancma-mobilita-urbana-parma-la-citta-piu-a-misura-di-bici-dellanno\\\/\"},\"author\":{\"name\":\"Redazione\",\"@id\":\"https:\\\/\\\/www.abmnews.com\\\/blog\\\/#\\\/schema\\\/person\\\/2da21c254d26591b7993648c954826a2\"},\"headline\":\"ANCMA: MOBILIT\u00c0 URBANA, PARMA LA CITT\u00c0 PI\u00d9 A MISURA DI BICI DELL\u2019ANNO\",\"datePublished\":\"2020-11-19T09:54:18+00:00\",\"dateModified\":\"2020-11-19T09:54:21+00:00\",\"mainEntityOfPage\":{\"@id\":\"https:\\\/\\\/www.abmnews.com\\\/blog\\\/ancma-mobilita-urbana-parma-la-citta-piu-a-misura-di-bici-dellanno\\\/\"},\"wordCount\":400,\"publisher\":{\"@id\":\"https:\\\/\\\/www.abmnews.com\\\/blog\\\/#organization\"},\"image\":{\"@id\":\"https:\\\/\\\/www.abmnews.com\\\/blog\\\/ancma-mobilita-urbana-parma-la-citta-piu-a-misura-di-bici-dellanno\\\/#primaryimage\"},\"thumbnailUrl\":\"http:\\\/\\\/www.abmnews.com\\\/blog\\\/wp-content\\\/uploads\\\/2020\\\/11\\\/Rimini-soluzione-B.jpg\",\"articleSection\":[\"Ancma\",\"News\"],\"inLanguage\":\"it-IT\"},{\"@type\":\"WebPage\",\"@id\":\"https:\\\/\\\/www.abmnews.com\\\/blog\\\/ancma-mobilita-urbana-parma-la-citta-piu-a-misura-di-bici-dellanno\\\/\",\"url\":\"https:\\\/\\\/www.abmnews.com\\\/blog\\\/ancma-mobilita-urbana-parma-la-citta-piu-a-misura-di-bici-dellanno\\\/\",\"name\":\"ANCMA: MOBILIT\u00c0 URBANA, PARMA LA CITT\u00c0 PI\u00d9 A MISURA DI BICI DELL\u2019ANNO - AbmNews\",\"isPartOf\":{\"@id\":\"https:\\\/\\\/www.abmnews.com\\\/blog\\\/#website\"},\"primaryImageOfPage\":{\"@id\":\"https:\\\/\\\/www.abmnews.com\\\/blog\\\/ancma-mobilita-urbana-parma-la-citta-piu-a-misura-di-bici-dellanno\\\/#primaryimage\"},\"image\":{\"@id\":\"https:\\\/\\\/www.abmnews.com\\\/blog\\\/ancma-mobilita-urbana-parma-la-citta-piu-a-misura-di-bici-dellanno\\\/#primaryimage\"},\"thumbnailUrl\":\"http:\\\/\\\/www.abmnews.com\\\/blog\\\/wp-content\\\/uploads\\\/2020\\\/11\\\/Rimini-soluzione-B.jpg\",\"datePublished\":\"2020-11-19T09:54:18+00:00\",\"dateModified\":\"2020-11-19T09:54:21+00:00\",\"breadcrumb\":{\"@id\":\"https:\\\/\\\/www.abmnews.com\\\/blog\\\/ancma-mobilita-urbana-parma-la-citta-piu-a-misura-di-bici-dellanno\\\/#breadcrumb\"},\"inLanguage\":\"it-IT\",\"potentialAction\":[{\"@type\":\"ReadAction\",\"target\":[\"https:\\\/\\\/www.abmnews.com\\\/blog\\\/ancma-mobilita-urbana-parma-la-citta-piu-a-misura-di-bici-dellanno\\\/\"]}]},{\"@type\":\"ImageObject\",\"inLanguage\":\"it-IT\",\"@id\":\"https:\\\/\\\/www.abmnews.com\\\/blog\\\/ancma-mobilita-urbana-parma-la-citta-piu-a-misura-di-bici-dellanno\\\/#primaryimage\",\"url\":\"http:\\\/\\\/www.abmnews.com\\\/blog\\\/wp-content\\\/uploads\\\/2020\\\/11\\\/Rimini-soluzione-B.jpg\",\"contentUrl\":\"http:\\\/\\\/www.abmnews.com\\\/blog\\\/wp-content\\\/uploads\\\/2020\\\/11\\\/Rimini-soluzione-B.jpg\",\"width\":800,\"height\":559},{\"@type\":\"BreadcrumbList\",\"@id\":\"https:\\\/\\\/www.abmnews.com\\\/blog\\\/ancma-mobilita-urbana-parma-la-citta-piu-a-misura-di-bici-dellanno\\\/#breadcrumb\",\"itemListElement\":[{\"@type\":\"ListItem\",\"position\":1,\"name\":\"Home\",\"item\":\"https:\\\/\\\/www.abmnews.com\\\/blog\\\/\"},{\"@type\":\"ListItem\",\"position\":2,\"name\":\"ANCMA: MOBILIT\u00c0 URBANA, PARMA LA CITT\u00c0 PI\u00d9 A MISURA DI BICI DELL\u2019ANNO\"}]},{\"@type\":\"WebSite\",\"@id\":\"https:\\\/\\\/www.abmnews.com\\\/blog\\\/#website\",\"url\":\"https:\\\/\\\/www.abmnews.com\\\/blog\\\/\",\"name\":\"AbmNews\",\"description\":\"\",\"publisher\":{\"@id\":\"https:\\\/\\\/www.abmnews.com\\\/blog\\\/#organization\"},\"potentialAction\":[{\"@type\":\"SearchAction\",\"target\":{\"@type\":\"EntryPoint\",\"urlTemplate\":\"https:\\\/\\\/www.abmnews.com\\\/blog\\\/?s={search_term_string}\"},\"query-input\":{\"@type\":\"PropertyValueSpecification\",\"valueRequired\":true,\"valueName\":\"search_term_string\"}}],\"inLanguage\":\"it-IT\"},{\"@type\":\"Organization\",\"@id\":\"https:\\\/\\\/www.abmnews.com\\\/blog\\\/#organization\",\"name\":\"AbmNews\",\"url\":\"https:\\\/\\\/www.abmnews.com\\\/blog\\\/\",\"logo\":{\"@type\":\"ImageObject\",\"inLanguage\":\"it-IT\",\"@id\":\"https:\\\/\\\/www.abmnews.com\\\/blog\\\/#\\\/schema\\\/logo\\\/image\\\/\",\"url\":\"http:\\\/\\\/www.abmnews.com\\\/blog\\\/wp-content\\\/uploads\\\/2026\\\/01\\\/logoabmnews544x180.png\",\"contentUrl\":\"http:\\\/\\\/www.abmnews.com\\\/blog\\\/wp-content\\\/uploads\\\/2026\\\/01\\\/logoabmnews544x180.png\",\"width\":544,\"height\":180,\"caption\":\"AbmNews\"},\"image\":{\"@id\":\"https:\\\/\\\/www.abmnews.com\\\/blog\\\/#\\\/schema\\\/logo\\\/image\\\/\"},\"sameAs\":[\"https:\\\/\\\/www.facebook.com\\\/ABMnews\",\"https:\\\/\\\/x.com\\\/ABMnewscom\",\"https:\\\/\\\/www.instagram.com\\\/abmnewsblog\"]},{\"@type\":\"Person\",\"@id\":\"https:\\\/\\\/www.abmnews.com\\\/blog\\\/#\\\/schema\\\/person\\\/2da21c254d26591b7993648c954826a2\",\"name\":\"Redazione\",\"image\":{\"@type\":\"ImageObject\",\"inLanguage\":\"it-IT\",\"@id\":\"https:\\\/\\\/secure.gravatar.com\\\/avatar\\\/888b71ec1a1241930daa72f4c66b40f2390ac7ac3003b2cea4bbb235380b9dc2?s=96&d=mm&r=g\",\"url\":\"https:\\\/\\\/secure.gravatar.com\\\/avatar\\\/888b71ec1a1241930daa72f4c66b40f2390ac7ac3003b2cea4bbb235380b9dc2?s=96&d=mm&r=g\",\"contentUrl\":\"https:\\\/\\\/secure.gravatar.com\\\/avatar\\\/888b71ec1a1241930daa72f4c66b40f2390ac7ac3003b2cea4bbb235380b9dc2?s=96&d=mm&r=g\",\"caption\":\"Redazione\"},\"url\":\"http:\\\/\\\/www.abmnews.com\\\/blog\\\/author\\\/redazione\\\/\"}]}<\/script>\n<!-- \/ Yoast SEO plugin. -->","yoast_head_json":{"title":"ANCMA: MOBILIT\u00c0 URBANA, PARMA LA CITT\u00c0 PI\u00d9 A MISURA DI BICI DELL\u2019ANNO - AbmNews","robots":{"index":"index","follow":"follow","max-snippet":"max-snippet:-1","max-image-preview":"max-image-preview:large","max-video-preview":"max-video-preview:-1"},"canonical":"https:\/\/www.abmnews.com\/blog\/ancma-mobilita-urbana-parma-la-citta-piu-a-misura-di-bici-dellanno\/","og_locale":"it_IT","og_type":"article","og_title":"ANCMA: MOBILIT\u00c0 URBANA, PARMA LA CITT\u00c0 PI\u00d9 A MISURA DI BICI DELL\u2019ANNO - AbmNews","og_url":"https:\/\/www.abmnews.com\/blog\/ancma-mobilita-urbana-parma-la-citta-piu-a-misura-di-bici-dellanno\/","og_site_name":"AbmNews","article_publisher":"https:\/\/www.facebook.com\/ABMnews","article_published_time":"2020-11-19T09:54:18+00:00","article_modified_time":"2020-11-19T09:54:21+00:00","og_image":[{"width":800,"height":559,"url":"https:\/\/www.abmnews.com\/blog\/wp-content\/uploads\/2020\/11\/Rimini-soluzione-B.jpg","type":"image\/jpeg"}],"author":"Redazione","twitter_card":"summary_large_image","twitter_creator":"@ABMnewscom","twitter_site":"@ABMnewscom","twitter_misc":{"Scritto da":"Redazione","Tempo di lettura stimato":"2 minuti"},"schema":{"@context":"https:\/\/schema.org","@graph":[{"@type":"Article","@id":"https:\/\/www.abmnews.com\/blog\/ancma-mobilita-urbana-parma-la-citta-piu-a-misura-di-bici-dellanno\/#article","isPartOf":{"@id":"https:\/\/www.abmnews.com\/blog\/ancma-mobilita-urbana-parma-la-citta-piu-a-misura-di-bici-dellanno\/"},"author":{"name":"Redazione","@id":"https:\/\/www.abmnews.com\/blog\/#\/schema\/person\/2da21c254d26591b7993648c954826a2"},"headline":"ANCMA: MOBILIT\u00c0 URBANA, PARMA LA CITT\u00c0 PI\u00d9 A MISURA DI BICI DELL\u2019ANNO","datePublished":"2020-11-19T09:54:18+00:00","dateModified":"2020-11-19T09:54:21+00:00","mainEntityOfPage":{"@id":"https:\/\/www.abmnews.com\/blog\/ancma-mobilita-urbana-parma-la-citta-piu-a-misura-di-bici-dellanno\/"},"wordCount":400,"publisher":{"@id":"https:\/\/www.abmnews.com\/blog\/#organization"},"image":{"@id":"https:\/\/www.abmnews.com\/blog\/ancma-mobilita-urbana-parma-la-citta-piu-a-misura-di-bici-dellanno\/#primaryimage"},"thumbnailUrl":"http:\/\/www.abmnews.com\/blog\/wp-content\/uploads\/2020\/11\/Rimini-soluzione-B.jpg","articleSection":["Ancma","News"],"inLanguage":"it-IT"},{"@type":"WebPage","@id":"https:\/\/www.abmnews.com\/blog\/ancma-mobilita-urbana-parma-la-citta-piu-a-misura-di-bici-dellanno\/","url":"https:\/\/www.abmnews.com\/blog\/ancma-mobilita-urbana-parma-la-citta-piu-a-misura-di-bici-dellanno\/","name":"ANCMA: MOBILIT\u00c0 URBANA, PARMA LA CITT\u00c0 PI\u00d9 A MISURA DI BICI DELL\u2019ANNO - AbmNews","isPartOf":{"@id":"https:\/\/www.abmnews.com\/blog\/#website"},"primaryImageOfPage":{"@id":"https:\/\/www.abmnews.com\/blog\/ancma-mobilita-urbana-parma-la-citta-piu-a-misura-di-bici-dellanno\/#primaryimage"},"image":{"@id":"https:\/\/www.abmnews.com\/blog\/ancma-mobilita-urbana-parma-la-citta-piu-a-misura-di-bici-dellanno\/#primaryimage"},"thumbnailUrl":"http:\/\/www.abmnews.com\/blog\/wp-content\/uploads\/2020\/11\/Rimini-soluzione-B.jpg","datePublished":"2020-11-19T09:54:18+00:00","dateModified":"2020-11-19T09:54:21+00:00","breadcrumb":{"@id":"https:\/\/www.abmnews.com\/blog\/ancma-mobilita-urbana-parma-la-citta-piu-a-misura-di-bici-dellanno\/#breadcrumb"},"inLanguage":"it-IT","potentialAction":[{"@type":"ReadAction","target":["https:\/\/www.abmnews.com\/blog\/ancma-mobilita-urbana-parma-la-citta-piu-a-misura-di-bici-dellanno\/"]}]},{"@type":"ImageObject","inLanguage":"it-IT","@id":"https:\/\/www.abmnews.com\/blog\/ancma-mobilita-urbana-parma-la-citta-piu-a-misura-di-bici-dellanno\/#primaryimage","url":"http:\/\/www.abmnews.com\/blog\/wp-content\/uploads\/2020\/11\/Rimini-soluzione-B.jpg","contentUrl":"http:\/\/www.abmnews.com\/blog\/wp-content\/uploads\/2020\/11\/Rimini-soluzione-B.jpg","width":800,"height":559},{"@type":"BreadcrumbList","@id":"https:\/\/www.abmnews.com\/blog\/ancma-mobilita-urbana-parma-la-citta-piu-a-misura-di-bici-dellanno\/#breadcrumb","itemListElement":[{"@type":"ListItem","position":1,"name":"Home","item":"https:\/\/www.abmnews.com\/blog\/"},{"@type":"ListItem","position":2,"name":"ANCMA: MOBILIT\u00c0 URBANA, PARMA LA CITT\u00c0 PI\u00d9 A MISURA DI BICI DELL\u2019ANNO"}]},{"@type":"WebSite","@id":"https:\/\/www.abmnews.com\/blog\/#website","url":"https:\/\/www.abmnews.com\/blog\/","name":"AbmNews","description":"","publisher":{"@id":"https:\/\/www.abmnews.com\/blog\/#organization"},"potentialAction":[{"@type":"SearchAction","target":{"@type":"EntryPoint","urlTemplate":"https:\/\/www.abmnews.com\/blog\/?s={search_term_string}"},"query-input":{"@type":"PropertyValueSpecification","valueRequired":true,"valueName":"search_term_string"}}],"inLanguage":"it-IT"},{"@type":"Organization","@id":"https:\/\/www.abmnews.com\/blog\/#organization","name":"AbmNews","url":"https:\/\/www.abmnews.com\/blog\/","logo":{"@type":"ImageObject","inLanguage":"it-IT","@id":"https:\/\/www.abmnews.com\/blog\/#\/schema\/logo\/image\/","url":"http:\/\/www.abmnews.com\/blog\/wp-content\/uploads\/2026\/01\/logoabmnews544x180.png","contentUrl":"http:\/\/www.abmnews.com\/blog\/wp-content\/uploads\/2026\/01\/logoabmnews544x180.png","width":544,"height":180,"caption":"AbmNews"},"image":{"@id":"https:\/\/www.abmnews.com\/blog\/#\/schema\/logo\/image\/"},"sameAs":["https:\/\/www.facebook.com\/ABMnews","https:\/\/x.com\/ABMnewscom","https:\/\/www.instagram.com\/abmnewsblog"]},{"@type":"Person","@id":"https:\/\/www.abmnews.com\/blog\/#\/schema\/person\/2da21c254d26591b7993648c954826a2","name":"Redazione","image":{"@type":"ImageObject","inLanguage":"it-IT","@id":"https:\/\/secure.gravatar.com\/avatar\/888b71ec1a1241930daa72f4c66b40f2390ac7ac3003b2cea4bbb235380b9dc2?s=96&d=mm&r=g","url":"https:\/\/secure.gravatar.com\/avatar\/888b71ec1a1241930daa72f4c66b40f2390ac7ac3003b2cea4bbb235380b9dc2?s=96&d=mm&r=g","contentUrl":"https:\/\/secure.gravatar.com\/avatar\/888b71ec1a1241930daa72f4c66b40f2390ac7ac3003b2cea4bbb235380b9dc2?s=96&d=mm&r=g","caption":"Redazione"},"url":"http:\/\/www.abmnews.com\/blog\/author\/redazione\/"}]}},"_links":{"self":[{"href":"http:\/\/www.abmnews.com\/blog\/wp-json\/wp\/v2\/posts\/51541","targetHints":{"allow":["GET"]}}],"collection":[{"href":"http:\/\/www.abmnews.com\/blog\/wp-json\/wp\/v2\/posts"}],"about":[{"href":"http:\/\/www.abmnews.com\/blog\/wp-json\/wp\/v2\/types\/post"}],"author":[{"embeddable":true,"href":"http:\/\/www.abmnews.com\/blog\/wp-json\/wp\/v2\/users\/2"}],"replies":[{"embeddable":true,"href":"http:\/\/www.abmnews.com\/blog\/wp-json\/wp\/v2\/comments?post=51541"}],"version-history":[{"count":1,"href":"http:\/\/www.abmnews.com\/blog\/wp-json\/wp\/v2\/posts\/51541\/revisions"}],"predecessor-version":[{"id":51543,"href":"http:\/\/www.abmnews.com\/blog\/wp-json\/wp\/v2\/posts\/51541\/revisions\/51543"}],"wp:featuredmedia":[{"embeddable":true,"href":"http:\/\/www.abmnews.com\/blog\/wp-json\/wp\/v2\/media\/51542"}],"wp:attachment":[{"href":"http:\/\/www.abmnews.com\/blog\/wp-json\/wp\/v2\/media?parent=51541"}],"wp:term":[{"taxonomy":"category","embeddable":true,"href":"http:\/\/www.abmnews.com\/blog\/wp-json\/wp\/v2\/categories?post=51541"},{"taxonomy":"post_tag","embeddable":true,"href":"http:\/\/www.abmnews.com\/blog\/wp-json\/wp\/v2\/tags?post=51541"}],"curies":[{"name":"wp","href":"https:\/\/api.w.org\/{rel}","templated":true}]}}