{"id":58055,"date":"2021-05-26T13:41:07","date_gmt":"2021-05-26T11:41:07","guid":{"rendered":"http:\/\/www.abmnews.com\/blog\/?p=58055"},"modified":"2021-05-26T13:41:10","modified_gmt":"2021-05-26T11:41:10","slug":"il-pilota-nissan-di-formula-e-sebastien-buemi-vive-la-mobilita-elettrica-dentro-e-fuori-la-pista-con-la-sua-nissan-leaf","status":"publish","type":"post","link":"http:\/\/www.abmnews.com\/blog\/il-pilota-nissan-di-formula-e-sebastien-buemi-vive-la-mobilita-elettrica-dentro-e-fuori-la-pista-con-la-sua-nissan-leaf\/","title":{"rendered":"Il pilota Nissan di Formula E S\u00e9bastien Buemi vive la mobilit\u00e0 elettrica dentro e fuori la pista con la sua Nissan LEAF"},"content":{"rendered":"\n<p>S\u00e9bastien Buemi, uno dei piloti di maggior successo nella storia della Formula E, nonch\u00e9 proprietario di una LEAF, svela, nell\u2019ambito della serie \u201cLa mia vita con una Nissan LEAF\u201d, la sua esperienza di mobilit\u00e0 elettrica dentro e fuori la pista, allo scopo di ispirare altri automobilisti a passare a un veicolo 100% elettrico.<\/p>\n<p>La grande passione di S\u00e9bastien per i veicoli elettrici lo unisce al marchio Nissan, impegnato nell&#8217;elettrificazione e nella decarbonizzazione. Quale ambasciatore globale Nissan, e attuale pilota di Nissan Formula E, i veicoli elettrici sono parte integrante della vita professionale e familiare di S\u00e9bastien.<\/p>\n<p>&#8220;Guido elettrico ogni giorno, non solo in pista, ma anche quando faccio commissioni nella mia citt\u00e0 natale in Svizzera. La mia Nissan LEAF mi regala emozioni anche quando non sono in pista&#8221; ha commentato S\u00e9bastien Buemi.<\/p>\n<p>Da quando gareggia in Formula E, S\u00e9bastien \u00e8 stato completamente conquistato dalla potenza e dall&#8217;efficienza dei veicoli elettrici. E, come per la sua auto da corsa, la tecnologia avanzata della sua LEAF gli permette di ottimizzare l&#8217;efficienza su strada.<\/p>\n<p>&#8220;Correndo per Nissan in Formula E, sono stato colpito dall&#8217;erogazione della potenza, dall&#8217;accelerazione e dalla gestione dell&#8217;energia che i veicoli elettrici sono in grado di offrire&#8221;, spiega S\u00e9bastien.<\/p>\n<p>&#8220;La LEAF porta emozione nella guida di tutti i giorni! L\u2019innovativo e-Pedal permette di godere di una accelerazione brillante e allo stesso tempo, insieme alla frenata rigenerativa, migliora l\u2019efficienza della batteria. Guidare LEAF \u00e8 divertente e rassicurante.\u201d<\/p>\n<p>S\u00e9bastien \u00e8 sorpreso da quanti chilometri la sua LEAF riesca a percorrere con una sola carica e lo stesso accade a tanti proprietari di auto elettriche. Infatti, come rivela una ricerca Nissan, il 70%<sup>1<\/sup> di chi possiede un veicolo elettrico ha dichiarato che l&#8217;autonomia della sua vettura \u00e8 superiore rispetto a quanto immaginato prima dell&#8217;acquisto.<\/p>\n<p>Per S\u00e9bastien Buemi, inoltre, ricaricare la sua LEAF \u00e8 facile e privo di stress, grazie alle varie modalit\u00e0 di ricarica disponibili e a un&#8217;infrastruttura che cresce anno dopo anno. &#8220;Negli ultimi 10 anni, l&#8217;infrastruttura di ricarica \u00e8 migliorata enormemente. Ora ci sono molti punti di ricarica ed \u00e8 davvero facile trovarne uno, anche in Svizzera, dove io vivo&#8221; aggiunge S\u00e9bastien.<\/p>\n<p>Con la sua partecipazione alla serie \u201c<u>La mia vita con una Nissan LEAF\u201d<\/u>, S\u00e9bastien vuole dare evidenza delle potenzialit\u00e0 e dei vantaggi offerti dai veicoli elettrici.<\/p>\n<p>Si unisce cos\u00ec al famoso allenatore di calcio <a href=\"https:\/\/europe.nissannews.com\/en-GB\/releases\/pep-guardiola-feels-the-thrill-of-an-electrified-future-with-the-sustainable-power-of-the-all-electric-nissan-leaf\">Pep Guardiola<\/a> e al calciatore professionista <a href=\"https:\/\/www.youtube.com\/watch?v=ZvWwQCwLq14\">Eden Hazard<\/a> per motivare le persone a passare alla mobilit\u00e0 elettrica.<\/p>\n<p>Tommaso Volpe, Nissan Global Motorsports Director per la Formula E ha commentato: &#8220;Per noi, la Formula E vuol dire emozione, energia e ambiente. \u00c8 bello vedere S\u00e9bastien adottare questi principi e mostrare come questi possano essere integrati nella vita di tutti i giorni con la sua Nissan LEAF&#8221;.<\/p>\n<p>&#8220;Nissan mira a sfruttare la propria esperienza, trasferendo conoscenze e tecnologie tra la pista e la strada. Ispirata all&#8217;energia e all&#8217;ambiente della Formula E, Nissan LEAF \u00e8 un veicolo elettrico amato sia dai clienti che dai piloti di Formula E!&#8221;<\/p>\n","protected":false},"excerpt":{"rendered":"","protected":false},"author":2,"featured_media":58056,"comment_status":"closed","ping_status":"open","sticky":false,"template":"","format":"standard","meta":{"tdm_status":"","tdm_grid_status":"","footnotes":""},"categories":[294,262],"tags":[],"class_list":["post-58055","post","type-post","status-publish","format-standard","has-post-thumbnail","category-nissan","category-novita"],"yoast_head":"<!-- This site is optimized with the Yoast SEO plugin v28.0 - https:\/\/yoast.com\/product\/yoast-seo-wordpress\/ -->\n<title>Il pilota Nissan di Formula E S\u00e9bastien Buemi vive la mobilit\u00e0 elettrica dentro e fuori la pista con la sua Nissan LEAF - AbmNews<\/title>\n<meta name=\"robots\" content=\"index, follow, max-snippet:-1, max-image-preview:large, max-video-preview:-1\" \/>\n<link rel=\"canonical\" href=\"http:\/\/www.abmnews.com\/blog\/il-pilota-nissan-di-formula-e-sebastien-buemi-vive-la-mobilita-elettrica-dentro-e-fuori-la-pista-con-la-sua-nissan-leaf\/\" \/>\n<meta property=\"og:locale\" content=\"it_IT\" \/>\n<meta property=\"og:type\" content=\"article\" \/>\n<meta property=\"og:title\" content=\"Il pilota Nissan di Formula E S\u00e9bastien Buemi vive la mobilit\u00e0 elettrica dentro e fuori la pista con la sua Nissan LEAF - AbmNews\" \/>\n<meta property=\"og:url\" content=\"http:\/\/www.abmnews.com\/blog\/il-pilota-nissan-di-formula-e-sebastien-buemi-vive-la-mobilita-elettrica-dentro-e-fuori-la-pista-con-la-sua-nissan-leaf\/\" \/>\n<meta property=\"og:site_name\" content=\"AbmNews\" \/>\n<meta property=\"article:publisher\" content=\"https:\/\/www.facebook.com\/ABMnews\" \/>\n<meta property=\"article:published_time\" content=\"2021-05-26T11:41:07+00:00\" \/>\n<meta property=\"article:modified_time\" content=\"2021-05-26T11:41:10+00:00\" \/>\n<meta property=\"og:image\" content=\"http:\/\/www.abmnews.com\/blog\/wp-content\/uploads\/2021\/05\/Sebastien-Buemi-and-his-Nissan-LEAF-1-source.jpg\" \/>\n\t<meta property=\"og:image:width\" content=\"1024\" \/>\n\t<meta property=\"og:image:height\" content=\"607\" \/>\n\t<meta property=\"og:image:type\" content=\"image\/jpeg\" \/>\n<meta name=\"author\" content=\"Redazione\" \/>\n<meta name=\"twitter:card\" content=\"summary_large_image\" \/>\n<meta name=\"twitter:creator\" content=\"@ABMnewscom\" \/>\n<meta name=\"twitter:site\" content=\"@ABMnewscom\" \/>\n<meta name=\"twitter:label1\" content=\"Scritto da\" \/>\n\t<meta name=\"twitter:data1\" content=\"Redazione\" \/>\n\t<meta name=\"twitter:label2\" content=\"Tempo di lettura stimato\" \/>\n\t<meta name=\"twitter:data2\" content=\"2 minuti\" \/>\n<script type=\"application\/ld+json\" class=\"yoast-schema-graph\">{\"@context\":\"https:\\\/\\\/schema.org\",\"@graph\":[{\"@type\":\"Article\",\"@id\":\"http:\\\/\\\/www.abmnews.com\\\/blog\\\/il-pilota-nissan-di-formula-e-sebastien-buemi-vive-la-mobilita-elettrica-dentro-e-fuori-la-pista-con-la-sua-nissan-leaf\\\/#article\",\"isPartOf\":{\"@id\":\"http:\\\/\\\/www.abmnews.com\\\/blog\\\/il-pilota-nissan-di-formula-e-sebastien-buemi-vive-la-mobilita-elettrica-dentro-e-fuori-la-pista-con-la-sua-nissan-leaf\\\/\"},\"author\":{\"name\":\"Redazione\",\"@id\":\"https:\\\/\\\/www.abmnews.com\\\/blog\\\/#\\\/schema\\\/person\\\/2da21c254d26591b7993648c954826a2\"},\"headline\":\"Il pilota Nissan di Formula E S\u00e9bastien Buemi vive la mobilit\u00e0 elettrica dentro e fuori la pista con la sua Nissan LEAF\",\"datePublished\":\"2021-05-26T11:41:07+00:00\",\"dateModified\":\"2021-05-26T11:41:10+00:00\",\"mainEntityOfPage\":{\"@id\":\"http:\\\/\\\/www.abmnews.com\\\/blog\\\/il-pilota-nissan-di-formula-e-sebastien-buemi-vive-la-mobilita-elettrica-dentro-e-fuori-la-pista-con-la-sua-nissan-leaf\\\/\"},\"wordCount\":527,\"publisher\":{\"@id\":\"https:\\\/\\\/www.abmnews.com\\\/blog\\\/#organization\"},\"image\":{\"@id\":\"http:\\\/\\\/www.abmnews.com\\\/blog\\\/il-pilota-nissan-di-formula-e-sebastien-buemi-vive-la-mobilita-elettrica-dentro-e-fuori-la-pista-con-la-sua-nissan-leaf\\\/#primaryimage\"},\"thumbnailUrl\":\"http:\\\/\\\/www.abmnews.com\\\/blog\\\/wp-content\\\/uploads\\\/2021\\\/05\\\/Sebastien-Buemi-and-his-Nissan-LEAF-1-source.jpg\",\"articleSection\":[\"Nissan\",\"Novit\u00e0\"],\"inLanguage\":\"it-IT\"},{\"@type\":\"WebPage\",\"@id\":\"http:\\\/\\\/www.abmnews.com\\\/blog\\\/il-pilota-nissan-di-formula-e-sebastien-buemi-vive-la-mobilita-elettrica-dentro-e-fuori-la-pista-con-la-sua-nissan-leaf\\\/\",\"url\":\"http:\\\/\\\/www.abmnews.com\\\/blog\\\/il-pilota-nissan-di-formula-e-sebastien-buemi-vive-la-mobilita-elettrica-dentro-e-fuori-la-pista-con-la-sua-nissan-leaf\\\/\",\"name\":\"Il pilota Nissan di Formula E S\u00e9bastien Buemi vive la mobilit\u00e0 elettrica dentro e fuori la pista con la sua Nissan LEAF - AbmNews\",\"isPartOf\":{\"@id\":\"https:\\\/\\\/www.abmnews.com\\\/blog\\\/#website\"},\"primaryImageOfPage\":{\"@id\":\"http:\\\/\\\/www.abmnews.com\\\/blog\\\/il-pilota-nissan-di-formula-e-sebastien-buemi-vive-la-mobilita-elettrica-dentro-e-fuori-la-pista-con-la-sua-nissan-leaf\\\/#primaryimage\"},\"image\":{\"@id\":\"http:\\\/\\\/www.abmnews.com\\\/blog\\\/il-pilota-nissan-di-formula-e-sebastien-buemi-vive-la-mobilita-elettrica-dentro-e-fuori-la-pista-con-la-sua-nissan-leaf\\\/#primaryimage\"},\"thumbnailUrl\":\"http:\\\/\\\/www.abmnews.com\\\/blog\\\/wp-content\\\/uploads\\\/2021\\\/05\\\/Sebastien-Buemi-and-his-Nissan-LEAF-1-source.jpg\",\"datePublished\":\"2021-05-26T11:41:07+00:00\",\"dateModified\":\"2021-05-26T11:41:10+00:00\",\"breadcrumb\":{\"@id\":\"http:\\\/\\\/www.abmnews.com\\\/blog\\\/il-pilota-nissan-di-formula-e-sebastien-buemi-vive-la-mobilita-elettrica-dentro-e-fuori-la-pista-con-la-sua-nissan-leaf\\\/#breadcrumb\"},\"inLanguage\":\"it-IT\",\"potentialAction\":[{\"@type\":\"ReadAction\",\"target\":[\"http:\\\/\\\/www.abmnews.com\\\/blog\\\/il-pilota-nissan-di-formula-e-sebastien-buemi-vive-la-mobilita-elettrica-dentro-e-fuori-la-pista-con-la-sua-nissan-leaf\\\/\"]}]},{\"@type\":\"ImageObject\",\"inLanguage\":\"it-IT\",\"@id\":\"http:\\\/\\\/www.abmnews.com\\\/blog\\\/il-pilota-nissan-di-formula-e-sebastien-buemi-vive-la-mobilita-elettrica-dentro-e-fuori-la-pista-con-la-sua-nissan-leaf\\\/#primaryimage\",\"url\":\"http:\\\/\\\/www.abmnews.com\\\/blog\\\/wp-content\\\/uploads\\\/2021\\\/05\\\/Sebastien-Buemi-and-his-Nissan-LEAF-1-source.jpg\",\"contentUrl\":\"http:\\\/\\\/www.abmnews.com\\\/blog\\\/wp-content\\\/uploads\\\/2021\\\/05\\\/Sebastien-Buemi-and-his-Nissan-LEAF-1-source.jpg\",\"width\":1024,\"height\":607},{\"@type\":\"BreadcrumbList\",\"@id\":\"http:\\\/\\\/www.abmnews.com\\\/blog\\\/il-pilota-nissan-di-formula-e-sebastien-buemi-vive-la-mobilita-elettrica-dentro-e-fuori-la-pista-con-la-sua-nissan-leaf\\\/#breadcrumb\",\"itemListElement\":[{\"@type\":\"ListItem\",\"position\":1,\"name\":\"Home\",\"item\":\"https:\\\/\\\/www.abmnews.com\\\/blog\\\/\"},{\"@type\":\"ListItem\",\"position\":2,\"name\":\"Il pilota Nissan di Formula E S\u00e9bastien Buemi vive la mobilit\u00e0 elettrica dentro e fuori la pista con la sua Nissan LEAF\"}]},{\"@type\":\"WebSite\",\"@id\":\"https:\\\/\\\/www.abmnews.com\\\/blog\\\/#website\",\"url\":\"https:\\\/\\\/www.abmnews.com\\\/blog\\\/\",\"name\":\"AbmNews\",\"description\":\"\",\"publisher\":{\"@id\":\"https:\\\/\\\/www.abmnews.com\\\/blog\\\/#organization\"},\"potentialAction\":[{\"@type\":\"SearchAction\",\"target\":{\"@type\":\"EntryPoint\",\"urlTemplate\":\"https:\\\/\\\/www.abmnews.com\\\/blog\\\/?s={search_term_string}\"},\"query-input\":{\"@type\":\"PropertyValueSpecification\",\"valueRequired\":true,\"valueName\":\"search_term_string\"}}],\"inLanguage\":\"it-IT\"},{\"@type\":\"Organization\",\"@id\":\"https:\\\/\\\/www.abmnews.com\\\/blog\\\/#organization\",\"name\":\"AbmNews\",\"url\":\"https:\\\/\\\/www.abmnews.com\\\/blog\\\/\",\"logo\":{\"@type\":\"ImageObject\",\"inLanguage\":\"it-IT\",\"@id\":\"https:\\\/\\\/www.abmnews.com\\\/blog\\\/#\\\/schema\\\/logo\\\/image\\\/\",\"url\":\"http:\\\/\\\/www.abmnews.com\\\/blog\\\/wp-content\\\/uploads\\\/2026\\\/01\\\/logoabmnews544x180.png\",\"contentUrl\":\"http:\\\/\\\/www.abmnews.com\\\/blog\\\/wp-content\\\/uploads\\\/2026\\\/01\\\/logoabmnews544x180.png\",\"width\":544,\"height\":180,\"caption\":\"AbmNews\"},\"image\":{\"@id\":\"https:\\\/\\\/www.abmnews.com\\\/blog\\\/#\\\/schema\\\/logo\\\/image\\\/\"},\"sameAs\":[\"https:\\\/\\\/www.facebook.com\\\/ABMnews\",\"https:\\\/\\\/x.com\\\/ABMnewscom\",\"https:\\\/\\\/www.instagram.com\\\/abmnewsblog\"]},{\"@type\":\"Person\",\"@id\":\"https:\\\/\\\/www.abmnews.com\\\/blog\\\/#\\\/schema\\\/person\\\/2da21c254d26591b7993648c954826a2\",\"name\":\"Redazione\",\"image\":{\"@type\":\"ImageObject\",\"inLanguage\":\"it-IT\",\"@id\":\"https:\\\/\\\/secure.gravatar.com\\\/avatar\\\/888b71ec1a1241930daa72f4c66b40f2390ac7ac3003b2cea4bbb235380b9dc2?s=96&d=mm&r=g\",\"url\":\"https:\\\/\\\/secure.gravatar.com\\\/avatar\\\/888b71ec1a1241930daa72f4c66b40f2390ac7ac3003b2cea4bbb235380b9dc2?s=96&d=mm&r=g\",\"contentUrl\":\"https:\\\/\\\/secure.gravatar.com\\\/avatar\\\/888b71ec1a1241930daa72f4c66b40f2390ac7ac3003b2cea4bbb235380b9dc2?s=96&d=mm&r=g\",\"caption\":\"Redazione\"},\"url\":\"http:\\\/\\\/www.abmnews.com\\\/blog\\\/author\\\/redazione\\\/\"}]}<\/script>\n<!-- \/ Yoast SEO plugin. -->","yoast_head_json":{"title":"Il pilota Nissan di Formula E S\u00e9bastien Buemi vive la mobilit\u00e0 elettrica dentro e fuori la pista con la sua Nissan LEAF - AbmNews","robots":{"index":"index","follow":"follow","max-snippet":"max-snippet:-1","max-image-preview":"max-image-preview:large","max-video-preview":"max-video-preview:-1"},"canonical":"http:\/\/www.abmnews.com\/blog\/il-pilota-nissan-di-formula-e-sebastien-buemi-vive-la-mobilita-elettrica-dentro-e-fuori-la-pista-con-la-sua-nissan-leaf\/","og_locale":"it_IT","og_type":"article","og_title":"Il pilota Nissan di Formula E S\u00e9bastien Buemi vive la mobilit\u00e0 elettrica dentro e fuori la pista con la sua Nissan LEAF - AbmNews","og_url":"http:\/\/www.abmnews.com\/blog\/il-pilota-nissan-di-formula-e-sebastien-buemi-vive-la-mobilita-elettrica-dentro-e-fuori-la-pista-con-la-sua-nissan-leaf\/","og_site_name":"AbmNews","article_publisher":"https:\/\/www.facebook.com\/ABMnews","article_published_time":"2021-05-26T11:41:07+00:00","article_modified_time":"2021-05-26T11:41:10+00:00","og_image":[{"width":1024,"height":607,"url":"http:\/\/www.abmnews.com\/blog\/wp-content\/uploads\/2021\/05\/Sebastien-Buemi-and-his-Nissan-LEAF-1-source.jpg","type":"image\/jpeg"}],"author":"Redazione","twitter_card":"summary_large_image","twitter_creator":"@ABMnewscom","twitter_site":"@ABMnewscom","twitter_misc":{"Scritto da":"Redazione","Tempo di lettura stimato":"2 minuti"},"schema":{"@context":"https:\/\/schema.org","@graph":[{"@type":"Article","@id":"http:\/\/www.abmnews.com\/blog\/il-pilota-nissan-di-formula-e-sebastien-buemi-vive-la-mobilita-elettrica-dentro-e-fuori-la-pista-con-la-sua-nissan-leaf\/#article","isPartOf":{"@id":"http:\/\/www.abmnews.com\/blog\/il-pilota-nissan-di-formula-e-sebastien-buemi-vive-la-mobilita-elettrica-dentro-e-fuori-la-pista-con-la-sua-nissan-leaf\/"},"author":{"name":"Redazione","@id":"https:\/\/www.abmnews.com\/blog\/#\/schema\/person\/2da21c254d26591b7993648c954826a2"},"headline":"Il pilota Nissan di Formula E S\u00e9bastien Buemi vive la mobilit\u00e0 elettrica dentro e fuori la pista con la sua Nissan LEAF","datePublished":"2021-05-26T11:41:07+00:00","dateModified":"2021-05-26T11:41:10+00:00","mainEntityOfPage":{"@id":"http:\/\/www.abmnews.com\/blog\/il-pilota-nissan-di-formula-e-sebastien-buemi-vive-la-mobilita-elettrica-dentro-e-fuori-la-pista-con-la-sua-nissan-leaf\/"},"wordCount":527,"publisher":{"@id":"https:\/\/www.abmnews.com\/blog\/#organization"},"image":{"@id":"http:\/\/www.abmnews.com\/blog\/il-pilota-nissan-di-formula-e-sebastien-buemi-vive-la-mobilita-elettrica-dentro-e-fuori-la-pista-con-la-sua-nissan-leaf\/#primaryimage"},"thumbnailUrl":"http:\/\/www.abmnews.com\/blog\/wp-content\/uploads\/2021\/05\/Sebastien-Buemi-and-his-Nissan-LEAF-1-source.jpg","articleSection":["Nissan","Novit\u00e0"],"inLanguage":"it-IT"},{"@type":"WebPage","@id":"http:\/\/www.abmnews.com\/blog\/il-pilota-nissan-di-formula-e-sebastien-buemi-vive-la-mobilita-elettrica-dentro-e-fuori-la-pista-con-la-sua-nissan-leaf\/","url":"http:\/\/www.abmnews.com\/blog\/il-pilota-nissan-di-formula-e-sebastien-buemi-vive-la-mobilita-elettrica-dentro-e-fuori-la-pista-con-la-sua-nissan-leaf\/","name":"Il pilota Nissan di Formula E S\u00e9bastien Buemi vive la mobilit\u00e0 elettrica dentro e fuori la pista con la sua Nissan LEAF - AbmNews","isPartOf":{"@id":"https:\/\/www.abmnews.com\/blog\/#website"},"primaryImageOfPage":{"@id":"http:\/\/www.abmnews.com\/blog\/il-pilota-nissan-di-formula-e-sebastien-buemi-vive-la-mobilita-elettrica-dentro-e-fuori-la-pista-con-la-sua-nissan-leaf\/#primaryimage"},"image":{"@id":"http:\/\/www.abmnews.com\/blog\/il-pilota-nissan-di-formula-e-sebastien-buemi-vive-la-mobilita-elettrica-dentro-e-fuori-la-pista-con-la-sua-nissan-leaf\/#primaryimage"},"thumbnailUrl":"http:\/\/www.abmnews.com\/blog\/wp-content\/uploads\/2021\/05\/Sebastien-Buemi-and-his-Nissan-LEAF-1-source.jpg","datePublished":"2021-05-26T11:41:07+00:00","dateModified":"2021-05-26T11:41:10+00:00","breadcrumb":{"@id":"http:\/\/www.abmnews.com\/blog\/il-pilota-nissan-di-formula-e-sebastien-buemi-vive-la-mobilita-elettrica-dentro-e-fuori-la-pista-con-la-sua-nissan-leaf\/#breadcrumb"},"inLanguage":"it-IT","potentialAction":[{"@type":"ReadAction","target":["http:\/\/www.abmnews.com\/blog\/il-pilota-nissan-di-formula-e-sebastien-buemi-vive-la-mobilita-elettrica-dentro-e-fuori-la-pista-con-la-sua-nissan-leaf\/"]}]},{"@type":"ImageObject","inLanguage":"it-IT","@id":"http:\/\/www.abmnews.com\/blog\/il-pilota-nissan-di-formula-e-sebastien-buemi-vive-la-mobilita-elettrica-dentro-e-fuori-la-pista-con-la-sua-nissan-leaf\/#primaryimage","url":"http:\/\/www.abmnews.com\/blog\/wp-content\/uploads\/2021\/05\/Sebastien-Buemi-and-his-Nissan-LEAF-1-source.jpg","contentUrl":"http:\/\/www.abmnews.com\/blog\/wp-content\/uploads\/2021\/05\/Sebastien-Buemi-and-his-Nissan-LEAF-1-source.jpg","width":1024,"height":607},{"@type":"BreadcrumbList","@id":"http:\/\/www.abmnews.com\/blog\/il-pilota-nissan-di-formula-e-sebastien-buemi-vive-la-mobilita-elettrica-dentro-e-fuori-la-pista-con-la-sua-nissan-leaf\/#breadcrumb","itemListElement":[{"@type":"ListItem","position":1,"name":"Home","item":"https:\/\/www.abmnews.com\/blog\/"},{"@type":"ListItem","position":2,"name":"Il pilota Nissan di Formula E S\u00e9bastien Buemi vive la mobilit\u00e0 elettrica dentro e fuori la pista con la sua Nissan LEAF"}]},{"@type":"WebSite","@id":"https:\/\/www.abmnews.com\/blog\/#website","url":"https:\/\/www.abmnews.com\/blog\/","name":"AbmNews","description":"","publisher":{"@id":"https:\/\/www.abmnews.com\/blog\/#organization"},"potentialAction":[{"@type":"SearchAction","target":{"@type":"EntryPoint","urlTemplate":"https:\/\/www.abmnews.com\/blog\/?s={search_term_string}"},"query-input":{"@type":"PropertyValueSpecification","valueRequired":true,"valueName":"search_term_string"}}],"inLanguage":"it-IT"},{"@type":"Organization","@id":"https:\/\/www.abmnews.com\/blog\/#organization","name":"AbmNews","url":"https:\/\/www.abmnews.com\/blog\/","logo":{"@type":"ImageObject","inLanguage":"it-IT","@id":"https:\/\/www.abmnews.com\/blog\/#\/schema\/logo\/image\/","url":"http:\/\/www.abmnews.com\/blog\/wp-content\/uploads\/2026\/01\/logoabmnews544x180.png","contentUrl":"http:\/\/www.abmnews.com\/blog\/wp-content\/uploads\/2026\/01\/logoabmnews544x180.png","width":544,"height":180,"caption":"AbmNews"},"image":{"@id":"https:\/\/www.abmnews.com\/blog\/#\/schema\/logo\/image\/"},"sameAs":["https:\/\/www.facebook.com\/ABMnews","https:\/\/x.com\/ABMnewscom","https:\/\/www.instagram.com\/abmnewsblog"]},{"@type":"Person","@id":"https:\/\/www.abmnews.com\/blog\/#\/schema\/person\/2da21c254d26591b7993648c954826a2","name":"Redazione","image":{"@type":"ImageObject","inLanguage":"it-IT","@id":"https:\/\/secure.gravatar.com\/avatar\/888b71ec1a1241930daa72f4c66b40f2390ac7ac3003b2cea4bbb235380b9dc2?s=96&d=mm&r=g","url":"https:\/\/secure.gravatar.com\/avatar\/888b71ec1a1241930daa72f4c66b40f2390ac7ac3003b2cea4bbb235380b9dc2?s=96&d=mm&r=g","contentUrl":"https:\/\/secure.gravatar.com\/avatar\/888b71ec1a1241930daa72f4c66b40f2390ac7ac3003b2cea4bbb235380b9dc2?s=96&d=mm&r=g","caption":"Redazione"},"url":"http:\/\/www.abmnews.com\/blog\/author\/redazione\/"}]}},"_links":{"self":[{"href":"http:\/\/www.abmnews.com\/blog\/wp-json\/wp\/v2\/posts\/58055","targetHints":{"allow":["GET"]}}],"collection":[{"href":"http:\/\/www.abmnews.com\/blog\/wp-json\/wp\/v2\/posts"}],"about":[{"href":"http:\/\/www.abmnews.com\/blog\/wp-json\/wp\/v2\/types\/post"}],"author":[{"embeddable":true,"href":"http:\/\/www.abmnews.com\/blog\/wp-json\/wp\/v2\/users\/2"}],"replies":[{"embeddable":true,"href":"http:\/\/www.abmnews.com\/blog\/wp-json\/wp\/v2\/comments?post=58055"}],"version-history":[{"count":1,"href":"http:\/\/www.abmnews.com\/blog\/wp-json\/wp\/v2\/posts\/58055\/revisions"}],"predecessor-version":[{"id":58057,"href":"http:\/\/www.abmnews.com\/blog\/wp-json\/wp\/v2\/posts\/58055\/revisions\/58057"}],"wp:featuredmedia":[{"embeddable":true,"href":"http:\/\/www.abmnews.com\/blog\/wp-json\/wp\/v2\/media\/58056"}],"wp:attachment":[{"href":"http:\/\/www.abmnews.com\/blog\/wp-json\/wp\/v2\/media?parent=58055"}],"wp:term":[{"taxonomy":"category","embeddable":true,"href":"http:\/\/www.abmnews.com\/blog\/wp-json\/wp\/v2\/categories?post=58055"},{"taxonomy":"post_tag","embeddable":true,"href":"http:\/\/www.abmnews.com\/blog\/wp-json\/wp\/v2\/tags?post=58055"}],"curies":[{"name":"wp","href":"https:\/\/api.w.org\/{rel}","templated":true}]}}