{"id":61710,"date":"2021-09-21T21:08:39","date_gmt":"2021-09-21T19:08:39","guid":{"rendered":"http:\/\/www.abmnews.com\/blog\/?p=61710"},"modified":"2021-09-21T21:08:41","modified_gmt":"2021-09-21T19:08:41","slug":"electricity-leccellenza-industriale-al-servizio-dei-veicoli-elettrici","status":"publish","type":"post","link":"http:\/\/www.abmnews.com\/blog\/electricity-leccellenza-industriale-al-servizio-dei-veicoli-elettrici\/","title":{"rendered":"ELECTRICITY: L\u2019ECCELLENZA INDUSTRIALE AL SERVIZIO DEI VEICOLI ELETTRICI"},"content":{"rendered":"\n<div id=\"jumbotron_w1\" class=\"section section--jumbotron section--jumbotron-content section--jumbotron-web_publication section--odd\">\n<div class=\"section-container\">\n<div class=\"section-wrapper\">\n<div class=\"section-block\">\n<div class=\"section-text\">\n<p><strong>Puntare alle zero emissioni, creare un ecosistema sostenibile e diventare il centro di produzione di veicoli elettrici pi\u00f9 importante e competitivo d\u2019Europa\u2026 sono questi gli obiettivi ambiziosi della nuova entit\u00e0 ElectriCity, che riunisce i tre stabilimenti di Douai, Maubeuge e Ruitz nella regione dell\u2019Alta Francia. Una \u201cragion d\u2019essere\u201d che rientra perfettamente nel piano Renaulution, svelato ad inizio 2021, con cui l\u2019elettrificazione diventa una priorit\u00e0, una leva strategica. Un primo modello \u00e8 in preparazione sulle linee di produzione dello stabilimento di Douai: si tratta di Nuova M\u00e9gane E-Tech Electric, che sar\u00e0 commercializzata a partire dall\u2019anno prossimo. <\/strong><strong>\u0116<\/strong><strong> solo l\u2019inizio di una bella rinascita del settore elettrico, fondata sul know-how e sull\u2019eccellenza dei 5.000 collaboratori che compongono il centro ElectriCity!\u00a0\u00a0\u00a0\u00a0 <\/strong><\/p>\n<\/div>\n<\/div>\n<div class=\"overlay-share\">\u00a0<\/div>\n<\/div>\n<\/div>\n<\/div>\n<div id=\"composite_w3\" class=\"section section--composite layout-hook layout-hook--content section--odd\">\n<div class=\"section-container\">\n<div class=\"section-wrapper\">\n<div class=\"section-composite section--content sections-topic-show\">\n<div class=\"section-block \">\n<div class=\"content-text js-publication-responsive\">\n<div class=\"embed-container embed-container--youtube-be\"><iframe loading=\"lazy\" src=\"https:\/\/www.youtube.com\/embed\/FhBC7RlVlY0\" width=\"560\" height=\"315\" frameborder=\"0\" allowfullscreen=\"allowfullscreen\" data-mce-fragment=\"1\"><\/iframe><\/div>\n<p>Per ElectriCity, la sfida \u00e8 ambiziosa: <strong>democratizzare i veicoli elettrici e produrre oltre 400.000 veicoli elettrici all\u2019anno<\/strong> entro il 2025 nella regione dell\u2019Alta Francia. Il nuovo centro intende diventare l\u2019unit\u00e0 di produzione pi\u00f9 importante e competitiva d\u2019Europa. Ma per raggiungere questo obiettivo, era prima necessario ottimizzare l\u2019impianto industriale per incrementare l\u2019efficacia operativa e costruire un intero ecosistema per ridurre i tanti costi fissi. Con la nuova organizzazione, Renault Group ElectriCity intende dare un marchio di qualit\u00e0 alla sua produzione e garantirsi una maggiore competitivit\u00e0.\u00a0<\/p>\n<blockquote>\n<p><strong><img decoding=\"async\" src=\"https:\/\/www.wiztopic.eu\/file\/2fc81c9yxw-phpp3hy3l\" alt=\"\" \/>\u00a0<\/strong><em>Per introdurre i veicoli elettrici, abbiamo trasformato lo stabilimento di Douai, con investimenti per oltre 550 milioni di euro. Abbiamo lavorato anche sull\u2019<strong>ergonomia delle postazioni di lavoro<\/strong><\/em><\/p>\n<p><strong>Luciano Biondo, Direttore di Renault Group ElectriCity\u00a0<\/strong>\u00a0\u00a0<\/p>\n<p>\u00a0<\/p>\n<p>\u00a0<\/p>\n<\/blockquote>\n<h2><strong>Una metamorfosi elettrica\u00a0<\/strong><\/h2>\n<p>Cinquant\u2019anni di esperienza. Oltre 10 milioni di leggendari veicoli usciti dalla catena di produzione. Ecco riassunta la storia dello stabilimento di Douai, ma anche quella di milioni di famiglie che hanno guidato gli emblematici modelli qui prodotti: dalla Renault 5 a Sc\u00e9nic, passando per la mitica Fuego e la Renault 19&#8230;<\/p>\n<p><img decoding=\"async\" src=\"https:\/\/www.wiztopic.eu\/file\/ezk9bikirq-phpp4i4hw\" alt=\"\" \/><\/p>\n<p><em>Modelli leggendari sono stati prodotti nella fabbrica di Douai negli ultimi 50 anni<\/em><\/p>\n<p>Successi notevoli, memorabili. Uno stabilimento che \u00e8 stato in grado di trasformarsi e adattarsi a tutte le esigenze, a tutte le evoluzioni. E oggi, pi\u00f9 che mai, ecco una nuova svolta nella sua storia con l\u2019arrivo della <strong>piattaforma modulare CMF-EV dedicata alla produzione dei veicoli elettrici. <\/strong>Dalle sue linee uscir\u00e0 un primo modello gi\u00e0 dal 2022, <strong>Nuova M\u00e9gane E-Tech Electric<\/strong>, presentata di recente al Salone IAA Mobility 2021 di Monaco. Decisamente una svolta!<\/p>\n<p>Per passare dalla produzione termica a quella elettrica, le officine e le linee dello stabilimento di Douai sono state modificate, trasformate ed aggiornate. Oltre 550 milioni di euro sono stati investiti per <strong>introdurre le versioni elettriche <\/strong>e garantire un\u2019ergonomia impeccabile alle postazioni di lavoro. I primi interventi sono iniziati con la realizzazione di <strong>una linea di assemblaggio conforme agli standard dell\u2019Alleanza<\/strong> che, grazie alla sua flessibilit\u00e0, pu\u00f2 accogliere una grande variet\u00e0 di veicoli, di diversi segmenti. Nuova M\u00e9gane E-Tech Electric sar\u00e0 uno di questi e sar\u00e0 prodotta in esclusiva nello stabilimento di Douai.\u00a0<\/p>\n<p><img decoding=\"async\" src=\"https:\/\/www.wiztopic.eu\/file\/da337ad70s-phpc8ue3s\" alt=\"\" \/><\/p>\n<p><em>Nuova Megane E-TECH 100% Electric sar\u00e0 prodotta esclusivamente\u00a0nella fabbrica di Douai<\/em><\/p>\n<p>Aprire le porte delle officine vuol dire scoprire tutto un mondo connesso. I carrelli automatizzati si spostano con migliaia di codici prodotto dei componenti, ognuno repertoriato e destinato a raggiungere il veicolo giusto nel momento giusto lungo la catena. Al piano superiore, il nuovissimo <strong>reparto di assemblaggio delle batterie <\/strong>preannuncia una nuova era. Qui i collaboratori, formati e iniziati allo sviluppo dell\u2019elettrico, preparano ogni singola batteria per inviarla all\u2019impianto di aggancio che la inserisce direttamente nel veicolo.<\/p>\n<p><img decoding=\"async\" src=\"https:\/\/www.wiztopic.eu\/file\/kany7kh27h-phpwrjkrc\" alt=\"\" \/><\/p>\n<p><em>Un&#8217;officina di assemblaggio\u00a0batterie di nuova costruzione<\/em><\/p>\n<p>Nuovi robot e dispositivi di automazione vengono utilizzati nel reparto carrozzeria per incrementare la modularit\u00e0 e la flessibilit\u00e0. \u0116 proprio qui che ogni veicolo, piccolo o grande che sia, pu\u00f2 passare sulla linea che si adatta perfettamente alle sue dimensioni. \u0116 un calcolo millimetrico, per una geometria perfetta. Anche il reparto verniciatura ha sub\u00ecto una metamorfosi, con le modifiche apportate al bagno di cataforesi, i nuovi robot mastice e l\u2019inedita linea di finitura. Una vera e propria rivoluzione!<\/p>\n<p>Per accompagnare queste trasformazioni, diverse postazioni di lavoro sono state riorganizzate, cambiate e modernizzate per garantire la migliore ergonomia e qualit\u00e0 di produzione. I veicoli si spostano su piattaforme integrate per evitare agli operatori di muoversi, le linee di produzione sono ergonomiche e si adattano all\u2019altezza dei singoli lavoratori, alle postazioni e ai vincoli di montaggio.<\/p>\n<p><img decoding=\"async\" src=\"https:\/\/www.wiztopic.eu\/file\/8hwhdt1caj-phpzufdio\" alt=\"\" \/><\/p>\n<p><em>Linee di produzione ergonomiche che si adattano all&#8217;altezza di ogni operatore<\/em><\/p>\n<blockquote>\n<p><em>Abbiamo obiettivi di qualit\u00e0 ambiziosi per i singoli veicoli, in tutte le fasi del processo di produzione, grazie al coinvolgimento di ogni collaboratore. Questa \u00e8 la promessa che facciamo al cliente con questa nuova generazione di veicoli elettrici<\/em><\/p>\n<p><em><strong>Luciano Biondo, Direttore di Renault Group ElectriCity<\/strong>\u00a0\u00a0\u00a0 \u00a0 \u00a0<\/em><\/p>\n<\/blockquote>\n<h2><strong>Batterie Made in Douai<\/strong><\/h2>\n<p>Ma dove ci sono i veicoli elettrici, ci sono anche le batterie! Per rispondere alle nuove sfide ambientali ed aumentare la competitivit\u00e0 e l\u2019efficacia, le trasformazioni non devono interessare solo le linee di assemblaggio, ma anche la produzione e il completamento delle batterie. Grazie alla <strong>partnership strategica tra il Gruppo Renault ed Envision AESC, sul sito di Douai sar\u00e0 installata una gigafactory di batterie<\/strong>, che permetter\u00e0 di realizzare le batterie dei futuri modelli elettrici, a meno di 50 metri di distanza. I vantaggi del nuovo impianto sono molteplici: bassissimo tasso di CO2 per il trasporto, costi fissi ottimizzati e risposta rapida alla domanda dei clienti. \u00a0\u00a0\u00a0<\/p>\n<p><img decoding=\"async\" src=\"https:\/\/www.wiztopic.eu\/file\/cawd2o6vcf-phpw6cpqz\" alt=\"\" \/><\/p>\n<p><em>Una Gigafactory per i veicoli elettrici sar\u00e0 creata nel sito di Douai\u00a0<\/em><\/p>\n<p>Nuova M\u00e9gane E-Tech Electric apre la strada della rinascita di Douai. Ed altri modelli, come <strong>la futura city car Renault 5 elettrica, completeranno a breve la produzione di ElectriCity!<\/strong> Diamo il benvenuto alla \u201cNouvelle Vague\u201d dei veicoli elettrici!<\/p>\n<p><img decoding=\"async\" src=\"https:\/\/www.wiztopic.eu\/file\/9oy953t5qv-phpfrks2j\" alt=\"\" \/><\/p>\n<p><em>Nuova Megane E-TECH Electric<\/em><\/p>\n<\/div>\n<\/div>\n<\/div>\n<div class=\"section-composite section--wiztrust \">\n<div class=\"section-block\">\n<div class=\"section-wiz\">\u00a0<\/div>\n<\/div>\n<\/div>\n<\/div>\n<\/div>\n<\/div>\n","protected":false},"excerpt":{"rendered":"","protected":false},"author":2,"featured_media":61711,"comment_status":"closed","ping_status":"open","sticky":false,"template":"","format":"standard","meta":{"tdm_status":"","tdm_grid_status":"","footnotes":""},"categories":[293,307],"tags":[],"class_list":["post-61710","post","type-post","status-publish","format-standard","has-post-thumbnail","category-news","category-renault"],"yoast_head":"<!-- This site is optimized with the Yoast SEO plugin v28.0 - https:\/\/yoast.com\/product\/yoast-seo-wordpress\/ -->\n<title>ELECTRICITY: L\u2019ECCELLENZA INDUSTRIALE AL SERVIZIO DEI VEICOLI ELETTRICI - AbmNews<\/title>\n<meta name=\"robots\" content=\"index, follow, max-snippet:-1, max-image-preview:large, max-video-preview:-1\" \/>\n<link rel=\"canonical\" href=\"http:\/\/www.abmnews.com\/blog\/electricity-leccellenza-industriale-al-servizio-dei-veicoli-elettrici\/\" \/>\n<meta property=\"og:locale\" content=\"it_IT\" \/>\n<meta property=\"og:type\" content=\"article\" \/>\n<meta property=\"og:title\" content=\"ELECTRICITY: L\u2019ECCELLENZA INDUSTRIALE AL SERVIZIO DEI VEICOLI ELETTRICI - AbmNews\" \/>\n<meta property=\"og:url\" content=\"http:\/\/www.abmnews.com\/blog\/electricity-leccellenza-industriale-al-servizio-dei-veicoli-elettrici\/\" \/>\n<meta property=\"og:site_name\" content=\"AbmNews\" \/>\n<meta property=\"article:publisher\" content=\"https:\/\/www.facebook.com\/ABMnews\" \/>\n<meta property=\"article:published_time\" content=\"2021-09-21T19:08:39+00:00\" \/>\n<meta property=\"article:modified_time\" content=\"2021-09-21T19:08:41+00:00\" \/>\n<meta property=\"og:image\" content=\"http:\/\/www.abmnews.com\/blog\/wp-content\/uploads\/2021\/09\/unnamed-1.png\" \/>\n\t<meta property=\"og:image:width\" content=\"680\" \/>\n\t<meta property=\"og:image:height\" content=\"383\" \/>\n\t<meta property=\"og:image:type\" content=\"image\/png\" \/>\n<meta name=\"author\" content=\"Redazione\" \/>\n<meta name=\"twitter:card\" content=\"summary_large_image\" \/>\n<meta name=\"twitter:creator\" content=\"@ABMnewscom\" \/>\n<meta name=\"twitter:site\" content=\"@ABMnewscom\" \/>\n<meta name=\"twitter:label1\" content=\"Scritto da\" \/>\n\t<meta name=\"twitter:data1\" content=\"Redazione\" \/>\n\t<meta name=\"twitter:label2\" content=\"Tempo di lettura stimato\" \/>\n\t<meta name=\"twitter:data2\" content=\"5 minuti\" \/>\n<script type=\"application\/ld+json\" class=\"yoast-schema-graph\">{\"@context\":\"https:\\\/\\\/schema.org\",\"@graph\":[{\"@type\":\"Article\",\"@id\":\"http:\\\/\\\/www.abmnews.com\\\/blog\\\/electricity-leccellenza-industriale-al-servizio-dei-veicoli-elettrici\\\/#article\",\"isPartOf\":{\"@id\":\"http:\\\/\\\/www.abmnews.com\\\/blog\\\/electricity-leccellenza-industriale-al-servizio-dei-veicoli-elettrici\\\/\"},\"author\":{\"name\":\"Redazione\",\"@id\":\"https:\\\/\\\/www.abmnews.com\\\/blog\\\/#\\\/schema\\\/person\\\/2da21c254d26591b7993648c954826a2\"},\"headline\":\"ELECTRICITY: L\u2019ECCELLENZA INDUSTRIALE AL SERVIZIO DEI VEICOLI ELETTRICI\",\"datePublished\":\"2021-09-21T19:08:39+00:00\",\"dateModified\":\"2021-09-21T19:08:41+00:00\",\"mainEntityOfPage\":{\"@id\":\"http:\\\/\\\/www.abmnews.com\\\/blog\\\/electricity-leccellenza-industriale-al-servizio-dei-veicoli-elettrici\\\/\"},\"wordCount\":936,\"publisher\":{\"@id\":\"https:\\\/\\\/www.abmnews.com\\\/blog\\\/#organization\"},\"image\":{\"@id\":\"http:\\\/\\\/www.abmnews.com\\\/blog\\\/electricity-leccellenza-industriale-al-servizio-dei-veicoli-elettrici\\\/#primaryimage\"},\"thumbnailUrl\":\"http:\\\/\\\/www.abmnews.com\\\/blog\\\/wp-content\\\/uploads\\\/2021\\\/09\\\/unnamed-1.png\",\"articleSection\":[\"News\",\"Renault\"],\"inLanguage\":\"it-IT\"},{\"@type\":\"WebPage\",\"@id\":\"http:\\\/\\\/www.abmnews.com\\\/blog\\\/electricity-leccellenza-industriale-al-servizio-dei-veicoli-elettrici\\\/\",\"url\":\"http:\\\/\\\/www.abmnews.com\\\/blog\\\/electricity-leccellenza-industriale-al-servizio-dei-veicoli-elettrici\\\/\",\"name\":\"ELECTRICITY: L\u2019ECCELLENZA INDUSTRIALE AL SERVIZIO DEI VEICOLI ELETTRICI - AbmNews\",\"isPartOf\":{\"@id\":\"https:\\\/\\\/www.abmnews.com\\\/blog\\\/#website\"},\"primaryImageOfPage\":{\"@id\":\"http:\\\/\\\/www.abmnews.com\\\/blog\\\/electricity-leccellenza-industriale-al-servizio-dei-veicoli-elettrici\\\/#primaryimage\"},\"image\":{\"@id\":\"http:\\\/\\\/www.abmnews.com\\\/blog\\\/electricity-leccellenza-industriale-al-servizio-dei-veicoli-elettrici\\\/#primaryimage\"},\"thumbnailUrl\":\"http:\\\/\\\/www.abmnews.com\\\/blog\\\/wp-content\\\/uploads\\\/2021\\\/09\\\/unnamed-1.png\",\"datePublished\":\"2021-09-21T19:08:39+00:00\",\"dateModified\":\"2021-09-21T19:08:41+00:00\",\"breadcrumb\":{\"@id\":\"http:\\\/\\\/www.abmnews.com\\\/blog\\\/electricity-leccellenza-industriale-al-servizio-dei-veicoli-elettrici\\\/#breadcrumb\"},\"inLanguage\":\"it-IT\",\"potentialAction\":[{\"@type\":\"ReadAction\",\"target\":[\"http:\\\/\\\/www.abmnews.com\\\/blog\\\/electricity-leccellenza-industriale-al-servizio-dei-veicoli-elettrici\\\/\"]}]},{\"@type\":\"ImageObject\",\"inLanguage\":\"it-IT\",\"@id\":\"http:\\\/\\\/www.abmnews.com\\\/blog\\\/electricity-leccellenza-industriale-al-servizio-dei-veicoli-elettrici\\\/#primaryimage\",\"url\":\"http:\\\/\\\/www.abmnews.com\\\/blog\\\/wp-content\\\/uploads\\\/2021\\\/09\\\/unnamed-1.png\",\"contentUrl\":\"http:\\\/\\\/www.abmnews.com\\\/blog\\\/wp-content\\\/uploads\\\/2021\\\/09\\\/unnamed-1.png\",\"width\":680,\"height\":383},{\"@type\":\"BreadcrumbList\",\"@id\":\"http:\\\/\\\/www.abmnews.com\\\/blog\\\/electricity-leccellenza-industriale-al-servizio-dei-veicoli-elettrici\\\/#breadcrumb\",\"itemListElement\":[{\"@type\":\"ListItem\",\"position\":1,\"name\":\"Home\",\"item\":\"https:\\\/\\\/www.abmnews.com\\\/blog\\\/\"},{\"@type\":\"ListItem\",\"position\":2,\"name\":\"ELECTRICITY: L\u2019ECCELLENZA INDUSTRIALE AL SERVIZIO DEI VEICOLI ELETTRICI\"}]},{\"@type\":\"WebSite\",\"@id\":\"https:\\\/\\\/www.abmnews.com\\\/blog\\\/#website\",\"url\":\"https:\\\/\\\/www.abmnews.com\\\/blog\\\/\",\"name\":\"AbmNews\",\"description\":\"\",\"publisher\":{\"@id\":\"https:\\\/\\\/www.abmnews.com\\\/blog\\\/#organization\"},\"potentialAction\":[{\"@type\":\"SearchAction\",\"target\":{\"@type\":\"EntryPoint\",\"urlTemplate\":\"https:\\\/\\\/www.abmnews.com\\\/blog\\\/?s={search_term_string}\"},\"query-input\":{\"@type\":\"PropertyValueSpecification\",\"valueRequired\":true,\"valueName\":\"search_term_string\"}}],\"inLanguage\":\"it-IT\"},{\"@type\":\"Organization\",\"@id\":\"https:\\\/\\\/www.abmnews.com\\\/blog\\\/#organization\",\"name\":\"AbmNews\",\"url\":\"https:\\\/\\\/www.abmnews.com\\\/blog\\\/\",\"logo\":{\"@type\":\"ImageObject\",\"inLanguage\":\"it-IT\",\"@id\":\"https:\\\/\\\/www.abmnews.com\\\/blog\\\/#\\\/schema\\\/logo\\\/image\\\/\",\"url\":\"http:\\\/\\\/www.abmnews.com\\\/blog\\\/wp-content\\\/uploads\\\/2026\\\/01\\\/logoabmnews544x180.png\",\"contentUrl\":\"http:\\\/\\\/www.abmnews.com\\\/blog\\\/wp-content\\\/uploads\\\/2026\\\/01\\\/logoabmnews544x180.png\",\"width\":544,\"height\":180,\"caption\":\"AbmNews\"},\"image\":{\"@id\":\"https:\\\/\\\/www.abmnews.com\\\/blog\\\/#\\\/schema\\\/logo\\\/image\\\/\"},\"sameAs\":[\"https:\\\/\\\/www.facebook.com\\\/ABMnews\",\"https:\\\/\\\/x.com\\\/ABMnewscom\",\"https:\\\/\\\/www.instagram.com\\\/abmnewsblog\"]},{\"@type\":\"Person\",\"@id\":\"https:\\\/\\\/www.abmnews.com\\\/blog\\\/#\\\/schema\\\/person\\\/2da21c254d26591b7993648c954826a2\",\"name\":\"Redazione\",\"image\":{\"@type\":\"ImageObject\",\"inLanguage\":\"it-IT\",\"@id\":\"https:\\\/\\\/secure.gravatar.com\\\/avatar\\\/888b71ec1a1241930daa72f4c66b40f2390ac7ac3003b2cea4bbb235380b9dc2?s=96&d=mm&r=g\",\"url\":\"https:\\\/\\\/secure.gravatar.com\\\/avatar\\\/888b71ec1a1241930daa72f4c66b40f2390ac7ac3003b2cea4bbb235380b9dc2?s=96&d=mm&r=g\",\"contentUrl\":\"https:\\\/\\\/secure.gravatar.com\\\/avatar\\\/888b71ec1a1241930daa72f4c66b40f2390ac7ac3003b2cea4bbb235380b9dc2?s=96&d=mm&r=g\",\"caption\":\"Redazione\"},\"url\":\"http:\\\/\\\/www.abmnews.com\\\/blog\\\/author\\\/redazione\\\/\"}]}<\/script>\n<!-- \/ Yoast SEO plugin. -->","yoast_head_json":{"title":"ELECTRICITY: L\u2019ECCELLENZA INDUSTRIALE AL SERVIZIO DEI VEICOLI ELETTRICI - AbmNews","robots":{"index":"index","follow":"follow","max-snippet":"max-snippet:-1","max-image-preview":"max-image-preview:large","max-video-preview":"max-video-preview:-1"},"canonical":"http:\/\/www.abmnews.com\/blog\/electricity-leccellenza-industriale-al-servizio-dei-veicoli-elettrici\/","og_locale":"it_IT","og_type":"article","og_title":"ELECTRICITY: L\u2019ECCELLENZA INDUSTRIALE AL SERVIZIO DEI VEICOLI ELETTRICI - AbmNews","og_url":"http:\/\/www.abmnews.com\/blog\/electricity-leccellenza-industriale-al-servizio-dei-veicoli-elettrici\/","og_site_name":"AbmNews","article_publisher":"https:\/\/www.facebook.com\/ABMnews","article_published_time":"2021-09-21T19:08:39+00:00","article_modified_time":"2021-09-21T19:08:41+00:00","og_image":[{"width":680,"height":383,"url":"http:\/\/www.abmnews.com\/blog\/wp-content\/uploads\/2021\/09\/unnamed-1.png","type":"image\/png"}],"author":"Redazione","twitter_card":"summary_large_image","twitter_creator":"@ABMnewscom","twitter_site":"@ABMnewscom","twitter_misc":{"Scritto da":"Redazione","Tempo di lettura stimato":"5 minuti"},"schema":{"@context":"https:\/\/schema.org","@graph":[{"@type":"Article","@id":"http:\/\/www.abmnews.com\/blog\/electricity-leccellenza-industriale-al-servizio-dei-veicoli-elettrici\/#article","isPartOf":{"@id":"http:\/\/www.abmnews.com\/blog\/electricity-leccellenza-industriale-al-servizio-dei-veicoli-elettrici\/"},"author":{"name":"Redazione","@id":"https:\/\/www.abmnews.com\/blog\/#\/schema\/person\/2da21c254d26591b7993648c954826a2"},"headline":"ELECTRICITY: L\u2019ECCELLENZA INDUSTRIALE AL SERVIZIO DEI VEICOLI ELETTRICI","datePublished":"2021-09-21T19:08:39+00:00","dateModified":"2021-09-21T19:08:41+00:00","mainEntityOfPage":{"@id":"http:\/\/www.abmnews.com\/blog\/electricity-leccellenza-industriale-al-servizio-dei-veicoli-elettrici\/"},"wordCount":936,"publisher":{"@id":"https:\/\/www.abmnews.com\/blog\/#organization"},"image":{"@id":"http:\/\/www.abmnews.com\/blog\/electricity-leccellenza-industriale-al-servizio-dei-veicoli-elettrici\/#primaryimage"},"thumbnailUrl":"http:\/\/www.abmnews.com\/blog\/wp-content\/uploads\/2021\/09\/unnamed-1.png","articleSection":["News","Renault"],"inLanguage":"it-IT"},{"@type":"WebPage","@id":"http:\/\/www.abmnews.com\/blog\/electricity-leccellenza-industriale-al-servizio-dei-veicoli-elettrici\/","url":"http:\/\/www.abmnews.com\/blog\/electricity-leccellenza-industriale-al-servizio-dei-veicoli-elettrici\/","name":"ELECTRICITY: L\u2019ECCELLENZA INDUSTRIALE AL SERVIZIO DEI VEICOLI ELETTRICI - AbmNews","isPartOf":{"@id":"https:\/\/www.abmnews.com\/blog\/#website"},"primaryImageOfPage":{"@id":"http:\/\/www.abmnews.com\/blog\/electricity-leccellenza-industriale-al-servizio-dei-veicoli-elettrici\/#primaryimage"},"image":{"@id":"http:\/\/www.abmnews.com\/blog\/electricity-leccellenza-industriale-al-servizio-dei-veicoli-elettrici\/#primaryimage"},"thumbnailUrl":"http:\/\/www.abmnews.com\/blog\/wp-content\/uploads\/2021\/09\/unnamed-1.png","datePublished":"2021-09-21T19:08:39+00:00","dateModified":"2021-09-21T19:08:41+00:00","breadcrumb":{"@id":"http:\/\/www.abmnews.com\/blog\/electricity-leccellenza-industriale-al-servizio-dei-veicoli-elettrici\/#breadcrumb"},"inLanguage":"it-IT","potentialAction":[{"@type":"ReadAction","target":["http:\/\/www.abmnews.com\/blog\/electricity-leccellenza-industriale-al-servizio-dei-veicoli-elettrici\/"]}]},{"@type":"ImageObject","inLanguage":"it-IT","@id":"http:\/\/www.abmnews.com\/blog\/electricity-leccellenza-industriale-al-servizio-dei-veicoli-elettrici\/#primaryimage","url":"http:\/\/www.abmnews.com\/blog\/wp-content\/uploads\/2021\/09\/unnamed-1.png","contentUrl":"http:\/\/www.abmnews.com\/blog\/wp-content\/uploads\/2021\/09\/unnamed-1.png","width":680,"height":383},{"@type":"BreadcrumbList","@id":"http:\/\/www.abmnews.com\/blog\/electricity-leccellenza-industriale-al-servizio-dei-veicoli-elettrici\/#breadcrumb","itemListElement":[{"@type":"ListItem","position":1,"name":"Home","item":"https:\/\/www.abmnews.com\/blog\/"},{"@type":"ListItem","position":2,"name":"ELECTRICITY: L\u2019ECCELLENZA INDUSTRIALE AL SERVIZIO DEI VEICOLI ELETTRICI"}]},{"@type":"WebSite","@id":"https:\/\/www.abmnews.com\/blog\/#website","url":"https:\/\/www.abmnews.com\/blog\/","name":"AbmNews","description":"","publisher":{"@id":"https:\/\/www.abmnews.com\/blog\/#organization"},"potentialAction":[{"@type":"SearchAction","target":{"@type":"EntryPoint","urlTemplate":"https:\/\/www.abmnews.com\/blog\/?s={search_term_string}"},"query-input":{"@type":"PropertyValueSpecification","valueRequired":true,"valueName":"search_term_string"}}],"inLanguage":"it-IT"},{"@type":"Organization","@id":"https:\/\/www.abmnews.com\/blog\/#organization","name":"AbmNews","url":"https:\/\/www.abmnews.com\/blog\/","logo":{"@type":"ImageObject","inLanguage":"it-IT","@id":"https:\/\/www.abmnews.com\/blog\/#\/schema\/logo\/image\/","url":"http:\/\/www.abmnews.com\/blog\/wp-content\/uploads\/2026\/01\/logoabmnews544x180.png","contentUrl":"http:\/\/www.abmnews.com\/blog\/wp-content\/uploads\/2026\/01\/logoabmnews544x180.png","width":544,"height":180,"caption":"AbmNews"},"image":{"@id":"https:\/\/www.abmnews.com\/blog\/#\/schema\/logo\/image\/"},"sameAs":["https:\/\/www.facebook.com\/ABMnews","https:\/\/x.com\/ABMnewscom","https:\/\/www.instagram.com\/abmnewsblog"]},{"@type":"Person","@id":"https:\/\/www.abmnews.com\/blog\/#\/schema\/person\/2da21c254d26591b7993648c954826a2","name":"Redazione","image":{"@type":"ImageObject","inLanguage":"it-IT","@id":"https:\/\/secure.gravatar.com\/avatar\/888b71ec1a1241930daa72f4c66b40f2390ac7ac3003b2cea4bbb235380b9dc2?s=96&d=mm&r=g","url":"https:\/\/secure.gravatar.com\/avatar\/888b71ec1a1241930daa72f4c66b40f2390ac7ac3003b2cea4bbb235380b9dc2?s=96&d=mm&r=g","contentUrl":"https:\/\/secure.gravatar.com\/avatar\/888b71ec1a1241930daa72f4c66b40f2390ac7ac3003b2cea4bbb235380b9dc2?s=96&d=mm&r=g","caption":"Redazione"},"url":"http:\/\/www.abmnews.com\/blog\/author\/redazione\/"}]}},"_links":{"self":[{"href":"http:\/\/www.abmnews.com\/blog\/wp-json\/wp\/v2\/posts\/61710","targetHints":{"allow":["GET"]}}],"collection":[{"href":"http:\/\/www.abmnews.com\/blog\/wp-json\/wp\/v2\/posts"}],"about":[{"href":"http:\/\/www.abmnews.com\/blog\/wp-json\/wp\/v2\/types\/post"}],"author":[{"embeddable":true,"href":"http:\/\/www.abmnews.com\/blog\/wp-json\/wp\/v2\/users\/2"}],"replies":[{"embeddable":true,"href":"http:\/\/www.abmnews.com\/blog\/wp-json\/wp\/v2\/comments?post=61710"}],"version-history":[{"count":1,"href":"http:\/\/www.abmnews.com\/blog\/wp-json\/wp\/v2\/posts\/61710\/revisions"}],"predecessor-version":[{"id":61712,"href":"http:\/\/www.abmnews.com\/blog\/wp-json\/wp\/v2\/posts\/61710\/revisions\/61712"}],"wp:featuredmedia":[{"embeddable":true,"href":"http:\/\/www.abmnews.com\/blog\/wp-json\/wp\/v2\/media\/61711"}],"wp:attachment":[{"href":"http:\/\/www.abmnews.com\/blog\/wp-json\/wp\/v2\/media?parent=61710"}],"wp:term":[{"taxonomy":"category","embeddable":true,"href":"http:\/\/www.abmnews.com\/blog\/wp-json\/wp\/v2\/categories?post=61710"},{"taxonomy":"post_tag","embeddable":true,"href":"http:\/\/www.abmnews.com\/blog\/wp-json\/wp\/v2\/tags?post=61710"}],"curies":[{"name":"wp","href":"https:\/\/api.w.org\/{rel}","templated":true}]}}