{"id":66890,"date":"2024-11-20T17:04:22","date_gmt":"2024-11-20T16:04:22","guid":{"rendered":"http:\/\/www.abmnews.com\/blog\/?p=66890"},"modified":"2024-11-20T17:05:12","modified_gmt":"2024-11-20T16:05:12","slug":"renault-4-e-tech-electric-una-calandra-dal-design-luminoso","status":"publish","type":"post","link":"http:\/\/www.abmnews.com\/blog\/renault-4-e-tech-electric-una-calandra-dal-design-luminoso\/","title":{"rendered":"RENAULT 4 E-TECH ELECTRIC: UNA CALANDRA DAL DESIGN\u2026 LUMINOSO"},"content":{"rendered":"\n<h2 style=\"font-weight: 400;\"><strong><em>La tecnologia LED ha rivoluzionato il design dei gruppi ottici delle auto, offrendo a designer ed ingegneri una maggiore libert\u00e0 tecnica per creare forme dei fari e firme luminose esclusive che comunicano l\u2019identit\u00e0 di marca. <\/em><\/strong><\/h2>\n<p style=\"font-weight: 400;\"><em>Svelata al Salone dell\u2019Auto di Parigi 2024, Renault 4 E-Tech Electric sar\u00e0 il primo modello della gamma Renault a poter contare su una calandra retroilluminata con logo luminoso. Stefano Bolis, Chief Designer Design Strategy and Advanced Techs della Marca Renault, ci racconta la genesi di quest\u2019innovazione.<\/em><\/p>\n<p style=\"font-weight: 400;\">\u00a0<\/p>\n<p style=\"font-weight: 400;\">Ci sono auto che hanno uno sguardo, un volto, un\u2019espressione. Tramite i gruppi ottici e la calandra manifestano una personalit\u00e0 talmente forte da distinguersi immediatamente dalla massa e risaltare nel flusso del traffico. La Renault 4 degli anni Sessanta ne \u00e8 un fulgido esempio, con i suoi fari rotondi e la calandra rettangolare dagli angoli smussati. Renault 4 E-Tech Electric rivisita questo design iconico illuminandosi grazie alla tecnologia LED, una novit\u00e0 assoluta per la gamma Renault. Stefano Bolis, <em>Chief Designer Design Strategy and Advanced Techs<\/em> della Marca Renault, ha condotto questo progetto appassionante.<\/p>\n<p style=\"font-weight: 400;\">\u00ab<em>Renault 4 E-Tech Electric sar\u00e0 il primo modello ad inaugurare logo e calandra luminosa. La R4 originale presentava una cromatura intorno ai fari e a tutta la calandra; ora, questa cromatura \u00e8 diventata luminosa.\u00bb <\/em><\/p>\n<p style=\"font-weight: 400;\"><strong>Stefano Bolis, <em>Chief Designer Design Strategy and Advanced Techs<\/em> di Renault <\/strong><\/p>\n<p style=\"font-weight: 400;\"><strong>\u00a0<\/strong><\/p>\n<p style=\"font-weight: 400;\"><strong>Un\u2019opportunit\u00e0 normativa da cogliere <\/strong><\/p>\n<p style=\"font-weight: 400;\">Da Giugno 2023, l\u2019evoluzione della legislazione europea sull\u2019illuminazione dei veicoli autorizza l\u2019inserimento di nuovi elementi luminosi come logo e calandra, ma i vincoli normativi sono drastici. \u00c8, infatti, obbligatorio che le dimensioni massime del logo luminoso non superino i 100 cm\u00b2, che abbia una forma simmetrica, che la luce sia bianca, fissa, di intensit\u00e0 controllata ed uniforme su tutto il componente e che non presenti sporgenze rispetto alla carrozzeria.<\/p>\n<p style=\"font-weight: 400;\">\u00ab<em>Renault 4 E-Tech Electric era la candidata ideale per trarre vantaggio da questa nuova opportunit\u00e0, con l\u2019idea di rivisitare il frontale iconico della R4 originale sfruttando la luce. La losanga frontale e la calandra assolutamente riconoscibile, entrambe simmetriche, potevano quindi illuminarsi<\/em>\u00bb, ci spiega Stefano.<\/p>\n<p style=\"font-weight: 400;\">\u00a0<\/p>\n<p style=\"font-weight: 400;\"><strong>L\u2019iconica calandra di Renault 4<\/strong><\/p>\n<p style=\"font-weight: 400;\">Renault 4 E-Tech Electric e Renault 5 E-Tech Electric si distinguono dal resto della gamma per il DNA iconico rivisitato. Per quanto riguarda il design, \u00ab<em>hanno una loro ragion d\u2019essere e libert\u00e0 di linguaggio in termini di design ed innovazione stilistica<\/em>\u00bb, precisa Stefano. \u00ab<em>Ad esempio, Renault 5 E-Tech Electric ha uno sguardo vivace e unico. Sembra viva e ricorda la pubblicit\u00e0 del lancio della Renault 5 originale con la famosa complicit\u00e0 nello sguardo<\/em>\u00bb. Per creare ancora una volta qualcosa di unico con Renault 4 E-Tech Electric, bisognava pensare a qualcosa di diverso. \u00a0\u00ab<em>Per Renault 4, abbiamo deciso che illuminare il logo e incorniciare il frontale tipico di questo modello doveva essere al centro del nostro lavoro<\/em>\u00bb, aggiunge Stefano.<\/p>\n<p style=\"font-weight: 400;\">Unica nel suo genere, la calandra rettangolare dagli angoli smussati della Renault 4 originale era completamente incorniciata da una profilatura cromata. \u00ab<em>La luce \u00e8, in un certo senso, la cromatura odierna, era logico illuminare questo particolare distintivo. Inoltre, riprendere il frontale verticalizzato del veicolo originale ha permesso di valorizzare l\u2019inedito logo illuminato<\/em>\u00bb, ci spiega Stefano.<\/p>\n<p style=\"font-weight: 400;\">\u00a0<\/p>\n<p style=\"font-weight: 400;\"><strong>Un approccio al design al tempo stesso contemporaneo e tecnico<\/strong><\/p>\n<p style=\"font-weight: 400;\">Stefano lo ammette: \u00abc<em>ome si pu\u00f2 notare, non abbiamo rispettato in tutto e per tutto la forma originale della griglia della calandra, ci siamo presi qualche libert\u00e0 per renderla super moderna e conferirle una personalit\u00e0 pi\u00f9 spiccata<\/em>\u00bb. L\u2019obiettivo principale era rendere la calandra di Renault 4 E-Tech Electric futuristica, \u00ab<em>invece di adottare un approccio nostalgico e retr\u00f2<\/em><em>\u00bb, <\/em>continua Stefano. \u00ab<em>Il risultato \u00e8 un\u2019auto con un design che vive di vita propria, rivolgendosi alle generazioni che hanno conosciuto <\/em><em>la 4L dei tempi passati e spesso l\u2019hanno amata, ma anche alle generazioni che non la ricordano<\/em>\u00bb, dice con grande soddisfazione.<\/p>\n<p style=\"font-weight: 400;\">I dettagli secondari, che si possono osservare avvicinandosi, come i motivi scolpiti nella parte interna nera della calandra, contrastano volutamente con il design puro degli elementi luminosi. Il logo appare pertanto flottante, come se lievitasse.<\/p>\n<p style=\"font-weight: 400;\">I fari rotondi, tipici delle auto degli anni Sessanta e Settanta, sono stati pensati e reinterpretati sia a livello di look che di funzione; grazie alla tecnologia LED, fungono da luci diurne (DRL) incorniciando esteticamente il corpo illuminante principale compatto e contemporaneo, come una parentesi.<\/p>\n<p style=\"font-weight: 400;\">\u00ab<em>A differenza della Renault 4 originale, i cui indicatori di direzione non erano inseriti nella calandra, qui sono stati integrati nelle luci diurne<\/em>\u00bb, afferma Stefano.<\/p>\n<p style=\"font-weight: 400;\">Anche i fari posteriori richiamano quelli dell\u2019antenata, con la tipica forma da pillola suddivisa in tre segmenti. \u00ab<em>Abbiamo reinterpretato lo spirito di quest\u2019auto con grande attualit\u00e0 e semplificato il design eliminando la lente esterna<\/em>\u00bb, precisa Stefano.<\/p>\n<p style=\"font-weight: 400;\">\u00a0<\/p>\n<p style=\"font-weight: 400;\"><strong>Sfide tecniche affrontate con successo <\/strong><\/p>\n<p style=\"font-weight: 400;\">Stefano riassume la difficolt\u00e0 di progettare quest\u2019inedita calandra luminosa in una frase: \u00ab<em>La Renault 4 originale era semplice, robusta e di facile manutenzione. Dovevamo rispettare questa filosofia!<\/em>\u00bb<\/p>\n<p style=\"font-weight: 400;\">Per quanto riguarda la progettazione, le difficolt\u00e0 della calandra luminosa sono consistite nel conciliare l\u2019ottimizzazione del peso e dei costi con i requisiti tecnici di resistenza e durata nel tempo. Anche la produzione di serie di un componente tecnico di queste dimensioni \u00e8 stata una sfida industriale: non tutti i fornitori erano in grado di farlo, perch\u00e9 \u00e8 necessario prendere in considerazione diversi requisiti, come l\u2019applicazione del rivestimento contro i raggi UV ed il rivestimento della protezione anticondensa.<\/p>\n<p style=\"font-weight: 400;\">Con i suoi 1,45 metri di lunghezza, la lastra di vetro della calandra di Renault 4 \u00e8 una prodezza tecnica. \u00ab<em>Offrire su un veicolo di serie un elemento illuminato monoblocco di queste dimensioni \u00e8 una novit\u00e0 assoluta a livello mondiale per il settore automobilistico<\/em>\u00bb, aggiunge Stefano con il sorriso sulle labbra. Anche il trasporto allo stabilimento di assemblaggio e l\u2019alimentazione delle catene di montaggio sono stati una sfida logistica.<\/p>\n<p style=\"font-weight: 400;\">Per ottimizzare la riparabilit\u00e0, la calandra e i due fari sono elementi distinti che possono essere riparati separatamente.<\/p>\n<p style=\"font-weight: 400;\">Per proteggerla ed assorbire i piccoli urti che potrebbero verificarsi quando l\u2019auto \u00e8 parcheggiata o guidata in situazioni di traffico difficili, la forma a fagiolo delle estensioni dei paraurti di R4 \u00e8 stata rivisitata in chiave moderna. \u00a0<\/p>\n<p style=\"font-weight: 400;\">La calandra luminosa \u00e8 quindi bella, efficiente e ottimizzata in termini di riparabilit\u00e0. \u00ab<em>Vorrei ringraziare tutti i team responsabili dell\u2019illuminazione e dell\u2019ingegneria, poich\u00e9 ci hanno consentito di tener fede all\u2019intenzione iniziale fino all\u2019industrializzazione del progetto<\/em>\u00bb, conclude Stefano.<\/p>\n<p style=\"font-weight: 400;\">\u00a0<\/p>\n","protected":false},"excerpt":{"rendered":"","protected":false},"author":2,"featured_media":66892,"comment_status":"closed","ping_status":"open","sticky":false,"template":"","format":"standard","meta":{"tdm_status":"","tdm_grid_status":"","footnotes":""},"categories":[293,307],"tags":[8231,8238,8235,8232,8234,8236,8237,8233,8230],"class_list":["post-66890","post","type-post","status-publish","format-standard","has-post-thumbnail","category-news","category-renault","tag-calandra-luminosa","tag-calandra-retroilluminata","tag-design-fari-auto","tag-fari-auto-design","tag-fari-led-innovazione","tag-fari-posteriori-led","tag-luci-diurne-led","tag-renault-4-e-tech-electric","tag-tecnologia-led-fari"],"yoast_head":"<!-- This site is optimized with the Yoast SEO plugin v28.0 - https:\/\/yoast.com\/product\/yoast-seo-wordpress\/ -->\n<title>RENAULT 4 E-TECH ELECTRIC: UNA CALANDRA DAL DESIGN\u2026 LUMINOSO - AbmNews<\/title>\n<meta name=\"robots\" content=\"index, follow, max-snippet:-1, max-image-preview:large, max-video-preview:-1\" \/>\n<link rel=\"canonical\" href=\"https:\/\/www.abmnews.com\/blog\/renault-4-e-tech-electric-una-calandra-dal-design-luminoso\/\" \/>\n<meta property=\"og:locale\" content=\"it_IT\" \/>\n<meta property=\"og:type\" content=\"article\" \/>\n<meta property=\"og:title\" content=\"RENAULT 4 E-TECH ELECTRIC: UNA CALANDRA DAL DESIGN\u2026 LUMINOSO - AbmNews\" \/>\n<meta property=\"og:url\" content=\"https:\/\/www.abmnews.com\/blog\/renault-4-e-tech-electric-una-calandra-dal-design-luminoso\/\" \/>\n<meta property=\"og:site_name\" content=\"AbmNews\" \/>\n<meta property=\"article:publisher\" content=\"https:\/\/www.facebook.com\/ABMnews\" \/>\n<meta property=\"article:published_time\" content=\"2024-11-20T16:04:22+00:00\" \/>\n<meta property=\"article:modified_time\" content=\"2024-11-20T16:05:12+00:00\" \/>\n<meta property=\"og:image\" content=\"https:\/\/www.abmnews.com\/blog\/wp-content\/uploads\/2024\/11\/Renault14.jpg\" \/>\n\t<meta property=\"og:image:width\" content=\"1200\" \/>\n\t<meta property=\"og:image:height\" content=\"675\" \/>\n\t<meta property=\"og:image:type\" content=\"image\/jpeg\" \/>\n<meta name=\"author\" content=\"Redazione\" \/>\n<meta name=\"twitter:card\" content=\"summary_large_image\" \/>\n<meta name=\"twitter:creator\" content=\"@ABMnewscom\" \/>\n<meta name=\"twitter:site\" content=\"@ABMnewscom\" \/>\n<meta name=\"twitter:label1\" content=\"Scritto da\" \/>\n\t<meta name=\"twitter:data1\" content=\"Redazione\" \/>\n\t<meta name=\"twitter:label2\" content=\"Tempo di lettura stimato\" \/>\n\t<meta name=\"twitter:data2\" content=\"5 minuti\" \/>\n<script type=\"application\/ld+json\" class=\"yoast-schema-graph\">{\"@context\":\"https:\\\/\\\/schema.org\",\"@graph\":[{\"@type\":\"Article\",\"@id\":\"https:\\\/\\\/www.abmnews.com\\\/blog\\\/renault-4-e-tech-electric-una-calandra-dal-design-luminoso\\\/#article\",\"isPartOf\":{\"@id\":\"https:\\\/\\\/www.abmnews.com\\\/blog\\\/renault-4-e-tech-electric-una-calandra-dal-design-luminoso\\\/\"},\"author\":{\"name\":\"Redazione\",\"@id\":\"https:\\\/\\\/www.abmnews.com\\\/blog\\\/#\\\/schema\\\/person\\\/2da21c254d26591b7993648c954826a2\"},\"headline\":\"RENAULT 4 E-TECH ELECTRIC: UNA CALANDRA DAL DESIGN\u2026 LUMINOSO\",\"datePublished\":\"2024-11-20T16:04:22+00:00\",\"dateModified\":\"2024-11-20T16:05:12+00:00\",\"mainEntityOfPage\":{\"@id\":\"https:\\\/\\\/www.abmnews.com\\\/blog\\\/renault-4-e-tech-electric-una-calandra-dal-design-luminoso\\\/\"},\"wordCount\":1035,\"publisher\":{\"@id\":\"https:\\\/\\\/www.abmnews.com\\\/blog\\\/#organization\"},\"image\":{\"@id\":\"https:\\\/\\\/www.abmnews.com\\\/blog\\\/renault-4-e-tech-electric-una-calandra-dal-design-luminoso\\\/#primaryimage\"},\"thumbnailUrl\":\"http:\\\/\\\/www.abmnews.com\\\/blog\\\/wp-content\\\/uploads\\\/2024\\\/11\\\/Renault14.jpg\",\"keywords\":[\"calandra luminosa\",\"calandra retroilluminata.\",\"design fari auto\",\"fari auto design\",\"fari LED innovazione\",\"fari posteriori LED\",\"luci diurne LED\",\"Renault 4 E-Tech Electric\",\"Tecnologia LED fari\"],\"articleSection\":[\"News\",\"Renault\"],\"inLanguage\":\"it-IT\"},{\"@type\":\"WebPage\",\"@id\":\"https:\\\/\\\/www.abmnews.com\\\/blog\\\/renault-4-e-tech-electric-una-calandra-dal-design-luminoso\\\/\",\"url\":\"https:\\\/\\\/www.abmnews.com\\\/blog\\\/renault-4-e-tech-electric-una-calandra-dal-design-luminoso\\\/\",\"name\":\"RENAULT 4 E-TECH ELECTRIC: UNA CALANDRA DAL DESIGN\u2026 LUMINOSO - AbmNews\",\"isPartOf\":{\"@id\":\"https:\\\/\\\/www.abmnews.com\\\/blog\\\/#website\"},\"primaryImageOfPage\":{\"@id\":\"https:\\\/\\\/www.abmnews.com\\\/blog\\\/renault-4-e-tech-electric-una-calandra-dal-design-luminoso\\\/#primaryimage\"},\"image\":{\"@id\":\"https:\\\/\\\/www.abmnews.com\\\/blog\\\/renault-4-e-tech-electric-una-calandra-dal-design-luminoso\\\/#primaryimage\"},\"thumbnailUrl\":\"http:\\\/\\\/www.abmnews.com\\\/blog\\\/wp-content\\\/uploads\\\/2024\\\/11\\\/Renault14.jpg\",\"datePublished\":\"2024-11-20T16:04:22+00:00\",\"dateModified\":\"2024-11-20T16:05:12+00:00\",\"breadcrumb\":{\"@id\":\"https:\\\/\\\/www.abmnews.com\\\/blog\\\/renault-4-e-tech-electric-una-calandra-dal-design-luminoso\\\/#breadcrumb\"},\"inLanguage\":\"it-IT\",\"potentialAction\":[{\"@type\":\"ReadAction\",\"target\":[\"https:\\\/\\\/www.abmnews.com\\\/blog\\\/renault-4-e-tech-electric-una-calandra-dal-design-luminoso\\\/\"]}]},{\"@type\":\"ImageObject\",\"inLanguage\":\"it-IT\",\"@id\":\"https:\\\/\\\/www.abmnews.com\\\/blog\\\/renault-4-e-tech-electric-una-calandra-dal-design-luminoso\\\/#primaryimage\",\"url\":\"http:\\\/\\\/www.abmnews.com\\\/blog\\\/wp-content\\\/uploads\\\/2024\\\/11\\\/Renault14.jpg\",\"contentUrl\":\"http:\\\/\\\/www.abmnews.com\\\/blog\\\/wp-content\\\/uploads\\\/2024\\\/11\\\/Renault14.jpg\",\"width\":1200,\"height\":675},{\"@type\":\"BreadcrumbList\",\"@id\":\"https:\\\/\\\/www.abmnews.com\\\/blog\\\/renault-4-e-tech-electric-una-calandra-dal-design-luminoso\\\/#breadcrumb\",\"itemListElement\":[{\"@type\":\"ListItem\",\"position\":1,\"name\":\"Home\",\"item\":\"https:\\\/\\\/www.abmnews.com\\\/blog\\\/\"},{\"@type\":\"ListItem\",\"position\":2,\"name\":\"RENAULT 4 E-TECH ELECTRIC: UNA CALANDRA DAL DESIGN\u2026 LUMINOSO\"}]},{\"@type\":\"WebSite\",\"@id\":\"https:\\\/\\\/www.abmnews.com\\\/blog\\\/#website\",\"url\":\"https:\\\/\\\/www.abmnews.com\\\/blog\\\/\",\"name\":\"AbmNews\",\"description\":\"\",\"publisher\":{\"@id\":\"https:\\\/\\\/www.abmnews.com\\\/blog\\\/#organization\"},\"potentialAction\":[{\"@type\":\"SearchAction\",\"target\":{\"@type\":\"EntryPoint\",\"urlTemplate\":\"https:\\\/\\\/www.abmnews.com\\\/blog\\\/?s={search_term_string}\"},\"query-input\":{\"@type\":\"PropertyValueSpecification\",\"valueRequired\":true,\"valueName\":\"search_term_string\"}}],\"inLanguage\":\"it-IT\"},{\"@type\":\"Organization\",\"@id\":\"https:\\\/\\\/www.abmnews.com\\\/blog\\\/#organization\",\"name\":\"AbmNews\",\"url\":\"https:\\\/\\\/www.abmnews.com\\\/blog\\\/\",\"logo\":{\"@type\":\"ImageObject\",\"inLanguage\":\"it-IT\",\"@id\":\"https:\\\/\\\/www.abmnews.com\\\/blog\\\/#\\\/schema\\\/logo\\\/image\\\/\",\"url\":\"http:\\\/\\\/www.abmnews.com\\\/blog\\\/wp-content\\\/uploads\\\/2026\\\/01\\\/logoabmnews544x180.png\",\"contentUrl\":\"http:\\\/\\\/www.abmnews.com\\\/blog\\\/wp-content\\\/uploads\\\/2026\\\/01\\\/logoabmnews544x180.png\",\"width\":544,\"height\":180,\"caption\":\"AbmNews\"},\"image\":{\"@id\":\"https:\\\/\\\/www.abmnews.com\\\/blog\\\/#\\\/schema\\\/logo\\\/image\\\/\"},\"sameAs\":[\"https:\\\/\\\/www.facebook.com\\\/ABMnews\",\"https:\\\/\\\/x.com\\\/ABMnewscom\",\"https:\\\/\\\/www.instagram.com\\\/abmnewsblog\"]},{\"@type\":\"Person\",\"@id\":\"https:\\\/\\\/www.abmnews.com\\\/blog\\\/#\\\/schema\\\/person\\\/2da21c254d26591b7993648c954826a2\",\"name\":\"Redazione\",\"image\":{\"@type\":\"ImageObject\",\"inLanguage\":\"it-IT\",\"@id\":\"https:\\\/\\\/secure.gravatar.com\\\/avatar\\\/888b71ec1a1241930daa72f4c66b40f2390ac7ac3003b2cea4bbb235380b9dc2?s=96&d=mm&r=g\",\"url\":\"https:\\\/\\\/secure.gravatar.com\\\/avatar\\\/888b71ec1a1241930daa72f4c66b40f2390ac7ac3003b2cea4bbb235380b9dc2?s=96&d=mm&r=g\",\"contentUrl\":\"https:\\\/\\\/secure.gravatar.com\\\/avatar\\\/888b71ec1a1241930daa72f4c66b40f2390ac7ac3003b2cea4bbb235380b9dc2?s=96&d=mm&r=g\",\"caption\":\"Redazione\"},\"url\":\"http:\\\/\\\/www.abmnews.com\\\/blog\\\/author\\\/redazione\\\/\"}]}<\/script>\n<!-- \/ Yoast SEO plugin. -->","yoast_head_json":{"title":"RENAULT 4 E-TECH ELECTRIC: UNA CALANDRA DAL DESIGN\u2026 LUMINOSO - AbmNews","robots":{"index":"index","follow":"follow","max-snippet":"max-snippet:-1","max-image-preview":"max-image-preview:large","max-video-preview":"max-video-preview:-1"},"canonical":"https:\/\/www.abmnews.com\/blog\/renault-4-e-tech-electric-una-calandra-dal-design-luminoso\/","og_locale":"it_IT","og_type":"article","og_title":"RENAULT 4 E-TECH ELECTRIC: UNA CALANDRA DAL DESIGN\u2026 LUMINOSO - AbmNews","og_url":"https:\/\/www.abmnews.com\/blog\/renault-4-e-tech-electric-una-calandra-dal-design-luminoso\/","og_site_name":"AbmNews","article_publisher":"https:\/\/www.facebook.com\/ABMnews","article_published_time":"2024-11-20T16:04:22+00:00","article_modified_time":"2024-11-20T16:05:12+00:00","og_image":[{"width":1200,"height":675,"url":"https:\/\/www.abmnews.com\/blog\/wp-content\/uploads\/2024\/11\/Renault14.jpg","type":"image\/jpeg"}],"author":"Redazione","twitter_card":"summary_large_image","twitter_creator":"@ABMnewscom","twitter_site":"@ABMnewscom","twitter_misc":{"Scritto da":"Redazione","Tempo di lettura stimato":"5 minuti"},"schema":{"@context":"https:\/\/schema.org","@graph":[{"@type":"Article","@id":"https:\/\/www.abmnews.com\/blog\/renault-4-e-tech-electric-una-calandra-dal-design-luminoso\/#article","isPartOf":{"@id":"https:\/\/www.abmnews.com\/blog\/renault-4-e-tech-electric-una-calandra-dal-design-luminoso\/"},"author":{"name":"Redazione","@id":"https:\/\/www.abmnews.com\/blog\/#\/schema\/person\/2da21c254d26591b7993648c954826a2"},"headline":"RENAULT 4 E-TECH ELECTRIC: UNA CALANDRA DAL DESIGN\u2026 LUMINOSO","datePublished":"2024-11-20T16:04:22+00:00","dateModified":"2024-11-20T16:05:12+00:00","mainEntityOfPage":{"@id":"https:\/\/www.abmnews.com\/blog\/renault-4-e-tech-electric-una-calandra-dal-design-luminoso\/"},"wordCount":1035,"publisher":{"@id":"https:\/\/www.abmnews.com\/blog\/#organization"},"image":{"@id":"https:\/\/www.abmnews.com\/blog\/renault-4-e-tech-electric-una-calandra-dal-design-luminoso\/#primaryimage"},"thumbnailUrl":"http:\/\/www.abmnews.com\/blog\/wp-content\/uploads\/2024\/11\/Renault14.jpg","keywords":["calandra luminosa","calandra retroilluminata.","design fari auto","fari auto design","fari LED innovazione","fari posteriori LED","luci diurne LED","Renault 4 E-Tech Electric","Tecnologia LED fari"],"articleSection":["News","Renault"],"inLanguage":"it-IT"},{"@type":"WebPage","@id":"https:\/\/www.abmnews.com\/blog\/renault-4-e-tech-electric-una-calandra-dal-design-luminoso\/","url":"https:\/\/www.abmnews.com\/blog\/renault-4-e-tech-electric-una-calandra-dal-design-luminoso\/","name":"RENAULT 4 E-TECH ELECTRIC: UNA CALANDRA DAL DESIGN\u2026 LUMINOSO - AbmNews","isPartOf":{"@id":"https:\/\/www.abmnews.com\/blog\/#website"},"primaryImageOfPage":{"@id":"https:\/\/www.abmnews.com\/blog\/renault-4-e-tech-electric-una-calandra-dal-design-luminoso\/#primaryimage"},"image":{"@id":"https:\/\/www.abmnews.com\/blog\/renault-4-e-tech-electric-una-calandra-dal-design-luminoso\/#primaryimage"},"thumbnailUrl":"http:\/\/www.abmnews.com\/blog\/wp-content\/uploads\/2024\/11\/Renault14.jpg","datePublished":"2024-11-20T16:04:22+00:00","dateModified":"2024-11-20T16:05:12+00:00","breadcrumb":{"@id":"https:\/\/www.abmnews.com\/blog\/renault-4-e-tech-electric-una-calandra-dal-design-luminoso\/#breadcrumb"},"inLanguage":"it-IT","potentialAction":[{"@type":"ReadAction","target":["https:\/\/www.abmnews.com\/blog\/renault-4-e-tech-electric-una-calandra-dal-design-luminoso\/"]}]},{"@type":"ImageObject","inLanguage":"it-IT","@id":"https:\/\/www.abmnews.com\/blog\/renault-4-e-tech-electric-una-calandra-dal-design-luminoso\/#primaryimage","url":"http:\/\/www.abmnews.com\/blog\/wp-content\/uploads\/2024\/11\/Renault14.jpg","contentUrl":"http:\/\/www.abmnews.com\/blog\/wp-content\/uploads\/2024\/11\/Renault14.jpg","width":1200,"height":675},{"@type":"BreadcrumbList","@id":"https:\/\/www.abmnews.com\/blog\/renault-4-e-tech-electric-una-calandra-dal-design-luminoso\/#breadcrumb","itemListElement":[{"@type":"ListItem","position":1,"name":"Home","item":"https:\/\/www.abmnews.com\/blog\/"},{"@type":"ListItem","position":2,"name":"RENAULT 4 E-TECH ELECTRIC: UNA CALANDRA DAL DESIGN\u2026 LUMINOSO"}]},{"@type":"WebSite","@id":"https:\/\/www.abmnews.com\/blog\/#website","url":"https:\/\/www.abmnews.com\/blog\/","name":"AbmNews","description":"","publisher":{"@id":"https:\/\/www.abmnews.com\/blog\/#organization"},"potentialAction":[{"@type":"SearchAction","target":{"@type":"EntryPoint","urlTemplate":"https:\/\/www.abmnews.com\/blog\/?s={search_term_string}"},"query-input":{"@type":"PropertyValueSpecification","valueRequired":true,"valueName":"search_term_string"}}],"inLanguage":"it-IT"},{"@type":"Organization","@id":"https:\/\/www.abmnews.com\/blog\/#organization","name":"AbmNews","url":"https:\/\/www.abmnews.com\/blog\/","logo":{"@type":"ImageObject","inLanguage":"it-IT","@id":"https:\/\/www.abmnews.com\/blog\/#\/schema\/logo\/image\/","url":"http:\/\/www.abmnews.com\/blog\/wp-content\/uploads\/2026\/01\/logoabmnews544x180.png","contentUrl":"http:\/\/www.abmnews.com\/blog\/wp-content\/uploads\/2026\/01\/logoabmnews544x180.png","width":544,"height":180,"caption":"AbmNews"},"image":{"@id":"https:\/\/www.abmnews.com\/blog\/#\/schema\/logo\/image\/"},"sameAs":["https:\/\/www.facebook.com\/ABMnews","https:\/\/x.com\/ABMnewscom","https:\/\/www.instagram.com\/abmnewsblog"]},{"@type":"Person","@id":"https:\/\/www.abmnews.com\/blog\/#\/schema\/person\/2da21c254d26591b7993648c954826a2","name":"Redazione","image":{"@type":"ImageObject","inLanguage":"it-IT","@id":"https:\/\/secure.gravatar.com\/avatar\/888b71ec1a1241930daa72f4c66b40f2390ac7ac3003b2cea4bbb235380b9dc2?s=96&d=mm&r=g","url":"https:\/\/secure.gravatar.com\/avatar\/888b71ec1a1241930daa72f4c66b40f2390ac7ac3003b2cea4bbb235380b9dc2?s=96&d=mm&r=g","contentUrl":"https:\/\/secure.gravatar.com\/avatar\/888b71ec1a1241930daa72f4c66b40f2390ac7ac3003b2cea4bbb235380b9dc2?s=96&d=mm&r=g","caption":"Redazione"},"url":"http:\/\/www.abmnews.com\/blog\/author\/redazione\/"}]}},"_links":{"self":[{"href":"http:\/\/www.abmnews.com\/blog\/wp-json\/wp\/v2\/posts\/66890","targetHints":{"allow":["GET"]}}],"collection":[{"href":"http:\/\/www.abmnews.com\/blog\/wp-json\/wp\/v2\/posts"}],"about":[{"href":"http:\/\/www.abmnews.com\/blog\/wp-json\/wp\/v2\/types\/post"}],"author":[{"embeddable":true,"href":"http:\/\/www.abmnews.com\/blog\/wp-json\/wp\/v2\/users\/2"}],"replies":[{"embeddable":true,"href":"http:\/\/www.abmnews.com\/blog\/wp-json\/wp\/v2\/comments?post=66890"}],"version-history":[{"count":1,"href":"http:\/\/www.abmnews.com\/blog\/wp-json\/wp\/v2\/posts\/66890\/revisions"}],"predecessor-version":[{"id":66891,"href":"http:\/\/www.abmnews.com\/blog\/wp-json\/wp\/v2\/posts\/66890\/revisions\/66891"}],"wp:featuredmedia":[{"embeddable":true,"href":"http:\/\/www.abmnews.com\/blog\/wp-json\/wp\/v2\/media\/66892"}],"wp:attachment":[{"href":"http:\/\/www.abmnews.com\/blog\/wp-json\/wp\/v2\/media?parent=66890"}],"wp:term":[{"taxonomy":"category","embeddable":true,"href":"http:\/\/www.abmnews.com\/blog\/wp-json\/wp\/v2\/categories?post=66890"},{"taxonomy":"post_tag","embeddable":true,"href":"http:\/\/www.abmnews.com\/blog\/wp-json\/wp\/v2\/tags?post=66890"}],"curies":[{"name":"wp","href":"https:\/\/api.w.org\/{rel}","templated":true}]}}