{"id":68443,"date":"2026-01-14T08:46:53","date_gmt":"2026-01-14T07:46:53","guid":{"rendered":"http:\/\/www.abmnews.com\/blog\/?p=68443"},"modified":"2026-01-14T08:46:55","modified_gmt":"2026-01-14T07:46:55","slug":"nissan-leaf-eletta-migliore-auto-compatta-al-mondo-al-wwcoty-2026","status":"publish","type":"post","link":"http:\/\/www.abmnews.com\/blog\/nissan-leaf-eletta-migliore-auto-compatta-al-mondo-al-wwcoty-2026\/","title":{"rendered":"Nissan LEAF eletta Migliore Auto Compatta al Mondo al WWCOTY 2026"},"content":{"rendered":"\n<p style=\"font-weight: 400;\">Il 2026 si apre con un riconoscimento di peso per Nissan. La nuova LEAF \u00e8 stata eletta <strong data-path-to-node=\"10\" data-index-in-node=\"87\">Migliore Auto Compatta al Mondo<\/strong> dalla giuria del <strong data-path-to-node=\"10\" data-index-in-node=\"136\">Women\u2019s Worldwide Car of the Year (WWCOTY)<\/strong>. Non si tratta di un premio qualunque: a votare sono state 84 giornaliste specializzate provenienti da 54 Paesi, che hanno valutato parametri concreti come sicurezza, qualit\u00e0 costruttiva, prezzo e facilit\u00e0 di guida. Il messaggio della giuria \u00e8 chiaro: non servono slogan, ma un&#8217;auto che funzioni bene nella vita di tutti i giorni.<\/p>\n<h3 data-path-to-node=\"11\">Autonomia e batteria: la fine dell&#8217;ansia da ricarica<\/h3>\n<p style=\"font-weight: 400;\" data-path-to-node=\"12\">Il dato che ha convinto maggiormente le esperte \u00e8 l\u2019autonomia dichiarata, che sposta l\u2019asticella per il segmento delle compatte. Con due opzioni di batteria, da <strong data-path-to-node=\"12\" data-index-in-node=\"161\">52 o 75 kWh<\/strong>, la nuova LEAF promette percorrenze fino a <strong data-path-to-node=\"12\" data-index-in-node=\"216\">622 km<\/strong> nel ciclo WLTP. In un mercato dove spesso ci si limita all&#8217;uso urbano per timore dei lunghi viaggi, questa capacit\u00e0 permette di pianificare trasferte autostradali con una libert\u00e0 finora riservata a categorie superiori.<\/p>\n<h3 data-path-to-node=\"13\">Piattaforma CMF-EV: il segreto \u00e8 nel telaio<\/h3>\n<p style=\"font-weight: 400;\" data-path-to-node=\"14\">Sotto la carrozzeria pulita ed aerodinamica, con un CX di soli 0,25, si nasconde l&#8217;architettura <strong data-path-to-node=\"14\" data-index-in-node=\"96\">CMF-EV<\/strong>, la stessa utilizzata per il crossover Ariya. Questa scelta tecnica non \u00e8 un dettaglio secondario: permette di adottare uno schema sospensivo raffinato, con <strong data-path-to-node=\"14\" data-index-in-node=\"260\">MacPherson all&#8217;anteriore e multi-link al posteriore<\/strong>. Il risultato \u00e8 un equilibrio dinamico che assorbe le asperit\u00e0 cittadine garantendo stabilit\u00e0 nelle curve veloci, offrendo una sensazione di guida &#8220;da auto grande&#8221;.<\/p>\n<h3 data-path-to-node=\"15\">Google integrato e tecnologia che non complica la vita<\/h3>\n<p style=\"font-weight: 400;\" data-path-to-node=\"16\">A bordo della LEAF, l\u2019interfaccia digitale segna un netto distacco dal passato. Il sistema di infotainment \u00e8 dominato da <strong data-path-to-node=\"16\" data-index-in-node=\"121\">due schermi da 14,3 pollici<\/strong> con la suite di <strong data-path-to-node=\"16\" data-index-in-node=\"165\">Google integrata<\/strong>. Questo significa avere Google Maps, l&#8217;assistente vocale e l&#8217;accesso al Play Store direttamente nel cuore dell&#8217;auto, senza dover dipendere costantemente dallo smartphone. Una delle funzioni pi\u00f9 apprezzate \u00e8 il <strong data-path-to-node=\"16\" data-index-in-node=\"392\">Route Planner intelligente<\/strong>, che pre-condiziona la temperatura della batteria mentre ci si avvicina alla stazione di ricarica per massimizzare la velocit\u00e0 di rifornimento energetico.<\/p>\n<h3 data-path-to-node=\"17\">Sicurezza e assistenza ProPILOT: guidare con meno fatica<\/h3>\n<p style=\"font-weight: 400;\" data-path-to-node=\"18\">La sicurezza \u00e8 stata un pilastro fondamentale per la vittoria al WWCOTY. La dotazione include il pacchetto <strong data-path-to-node=\"18\" data-index-in-node=\"107\">ProPILOT<\/strong>, che combina il cruise control intelligente con il mantenimento della corsia per ridurre la fatica nei tratti monotoni. Tra i dettagli pi\u00f9 innovativi spicca l&#8217;audio <strong data-path-to-node=\"18\" data-index-in-node=\"281\">BOSE\u00ae Personal\u00ae Plus<\/strong>, che integra un altoparlante nel poggiatesta del guidatore per trasmettere solo a lui le notifiche di sistema e le indicazioni del navigatore, lasciando che il resto dei passeggeri si goda la musica senza interruzioni.<\/p>\n<h3 data-path-to-node=\"19\">Una scelta consapevole per la mobilit\u00e0 del 2026<\/h3>\n<p style=\"font-weight: 400;\" data-path-to-node=\"20\">Con un prezzo di partenza che in Italia si attesta intorno ai <strong data-path-to-node=\"20\" data-index-in-node=\"62\">36.950 euro<\/strong>, la nuova Nissan LEAF punta a democratizzare la mobilit\u00e0 elettrica avanzata. Prodotta nello stabilimento di Sunderland con l&#8217;utilizzo di energia da fonti rinnovabili, rappresenta la maturit\u00e0 di un modello pionieristico che oggi non cerca pi\u00f9 solo di stupire, ma di essere l&#8217;estensione naturale della quotidianit\u00e0 per chiunque cerchi affidabilit\u00e0 e tecnologia utile.<\/p>\n<p style=\"font-weight: 400;\">\u00a0<\/p>\n","protected":false},"excerpt":{"rendered":"","protected":false},"author":2,"featured_media":68444,"comment_status":"closed","ping_status":"open","sticky":false,"template":"","format":"standard","meta":{"tdm_status":"","tdm_grid_status":"","footnotes":""},"categories":[294,262],"tags":[9362],"class_list":["post-68443","post","type-post","status-publish","format-standard","has-post-thumbnail","category-nissan","category-novita","tag-nissan-propilot"],"yoast_head":"<!-- This site is optimized with the Yoast SEO plugin v28.0 - https:\/\/yoast.com\/product\/yoast-seo-wordpress\/ -->\n<title>Nissan LEAF eletta Migliore Auto Compatta al Mondo al WWCOTY 2026 - AbmNews<\/title>\n<meta name=\"robots\" content=\"index, follow, max-snippet:-1, max-image-preview:large, max-video-preview:-1\" \/>\n<link rel=\"canonical\" href=\"http:\/\/www.abmnews.com\/blog\/nissan-leaf-eletta-migliore-auto-compatta-al-mondo-al-wwcoty-2026\/\" \/>\n<meta property=\"og:locale\" content=\"it_IT\" \/>\n<meta property=\"og:type\" content=\"article\" \/>\n<meta property=\"og:title\" content=\"Nissan LEAF eletta Migliore Auto Compatta al Mondo al WWCOTY 2026 - AbmNews\" \/>\n<meta property=\"og:url\" content=\"http:\/\/www.abmnews.com\/blog\/nissan-leaf-eletta-migliore-auto-compatta-al-mondo-al-wwcoty-2026\/\" \/>\n<meta property=\"og:site_name\" content=\"AbmNews\" \/>\n<meta property=\"article:publisher\" content=\"https:\/\/www.facebook.com\/ABMnews\" \/>\n<meta property=\"article:published_time\" content=\"2026-01-14T07:46:53+00:00\" \/>\n<meta property=\"article:modified_time\" content=\"2026-01-14T07:46:55+00:00\" \/>\n<meta property=\"og:image\" content=\"http:\/\/www.abmnews.com\/blog\/wp-content\/uploads\/2026\/01\/WWCOTY_LEAF_LI_01.jpg\" \/>\n\t<meta property=\"og:image:width\" content=\"1200\" \/>\n\t<meta property=\"og:image:height\" content=\"675\" \/>\n\t<meta property=\"og:image:type\" content=\"image\/jpeg\" \/>\n<meta name=\"author\" content=\"Redazione\" \/>\n<meta name=\"twitter:card\" content=\"summary_large_image\" \/>\n<meta name=\"twitter:creator\" content=\"@ABMnewscom\" \/>\n<meta name=\"twitter:site\" content=\"@ABMnewscom\" \/>\n<meta name=\"twitter:label1\" content=\"Scritto da\" \/>\n\t<meta name=\"twitter:data1\" content=\"Redazione\" \/>\n\t<meta name=\"twitter:label2\" content=\"Tempo di lettura stimato\" \/>\n\t<meta name=\"twitter:data2\" content=\"2 minuti\" \/>\n<script type=\"application\/ld+json\" class=\"yoast-schema-graph\">{\"@context\":\"https:\\\/\\\/schema.org\",\"@graph\":[{\"@type\":\"Article\",\"@id\":\"http:\\\/\\\/www.abmnews.com\\\/blog\\\/nissan-leaf-eletta-migliore-auto-compatta-al-mondo-al-wwcoty-2026\\\/#article\",\"isPartOf\":{\"@id\":\"http:\\\/\\\/www.abmnews.com\\\/blog\\\/nissan-leaf-eletta-migliore-auto-compatta-al-mondo-al-wwcoty-2026\\\/\"},\"author\":{\"name\":\"Redazione\",\"@id\":\"https:\\\/\\\/www.abmnews.com\\\/blog\\\/#\\\/schema\\\/person\\\/2da21c254d26591b7993648c954826a2\"},\"headline\":\"Nissan LEAF eletta Migliore Auto Compatta al Mondo al WWCOTY 2026\",\"datePublished\":\"2026-01-14T07:46:53+00:00\",\"dateModified\":\"2026-01-14T07:46:55+00:00\",\"mainEntityOfPage\":{\"@id\":\"http:\\\/\\\/www.abmnews.com\\\/blog\\\/nissan-leaf-eletta-migliore-auto-compatta-al-mondo-al-wwcoty-2026\\\/\"},\"wordCount\":499,\"publisher\":{\"@id\":\"https:\\\/\\\/www.abmnews.com\\\/blog\\\/#organization\"},\"image\":{\"@id\":\"http:\\\/\\\/www.abmnews.com\\\/blog\\\/nissan-leaf-eletta-migliore-auto-compatta-al-mondo-al-wwcoty-2026\\\/#primaryimage\"},\"thumbnailUrl\":\"http:\\\/\\\/www.abmnews.com\\\/blog\\\/wp-content\\\/uploads\\\/2026\\\/01\\\/WWCOTY_LEAF_LI_01.jpg\",\"keywords\":[\"Nissan ProPILOT\"],\"articleSection\":[\"Nissan\",\"Novit\u00e0\"],\"inLanguage\":\"it-IT\"},{\"@type\":\"WebPage\",\"@id\":\"http:\\\/\\\/www.abmnews.com\\\/blog\\\/nissan-leaf-eletta-migliore-auto-compatta-al-mondo-al-wwcoty-2026\\\/\",\"url\":\"http:\\\/\\\/www.abmnews.com\\\/blog\\\/nissan-leaf-eletta-migliore-auto-compatta-al-mondo-al-wwcoty-2026\\\/\",\"name\":\"Nissan LEAF eletta Migliore Auto Compatta al Mondo al WWCOTY 2026 - AbmNews\",\"isPartOf\":{\"@id\":\"https:\\\/\\\/www.abmnews.com\\\/blog\\\/#website\"},\"primaryImageOfPage\":{\"@id\":\"http:\\\/\\\/www.abmnews.com\\\/blog\\\/nissan-leaf-eletta-migliore-auto-compatta-al-mondo-al-wwcoty-2026\\\/#primaryimage\"},\"image\":{\"@id\":\"http:\\\/\\\/www.abmnews.com\\\/blog\\\/nissan-leaf-eletta-migliore-auto-compatta-al-mondo-al-wwcoty-2026\\\/#primaryimage\"},\"thumbnailUrl\":\"http:\\\/\\\/www.abmnews.com\\\/blog\\\/wp-content\\\/uploads\\\/2026\\\/01\\\/WWCOTY_LEAF_LI_01.jpg\",\"datePublished\":\"2026-01-14T07:46:53+00:00\",\"dateModified\":\"2026-01-14T07:46:55+00:00\",\"breadcrumb\":{\"@id\":\"http:\\\/\\\/www.abmnews.com\\\/blog\\\/nissan-leaf-eletta-migliore-auto-compatta-al-mondo-al-wwcoty-2026\\\/#breadcrumb\"},\"inLanguage\":\"it-IT\",\"potentialAction\":[{\"@type\":\"ReadAction\",\"target\":[\"http:\\\/\\\/www.abmnews.com\\\/blog\\\/nissan-leaf-eletta-migliore-auto-compatta-al-mondo-al-wwcoty-2026\\\/\"]}]},{\"@type\":\"ImageObject\",\"inLanguage\":\"it-IT\",\"@id\":\"http:\\\/\\\/www.abmnews.com\\\/blog\\\/nissan-leaf-eletta-migliore-auto-compatta-al-mondo-al-wwcoty-2026\\\/#primaryimage\",\"url\":\"http:\\\/\\\/www.abmnews.com\\\/blog\\\/wp-content\\\/uploads\\\/2026\\\/01\\\/WWCOTY_LEAF_LI_01.jpg\",\"contentUrl\":\"http:\\\/\\\/www.abmnews.com\\\/blog\\\/wp-content\\\/uploads\\\/2026\\\/01\\\/WWCOTY_LEAF_LI_01.jpg\",\"width\":1200,\"height\":675,\"caption\":\"Nissan LEAF wins WWCOTY Best Compact Car 2026\"},{\"@type\":\"BreadcrumbList\",\"@id\":\"http:\\\/\\\/www.abmnews.com\\\/blog\\\/nissan-leaf-eletta-migliore-auto-compatta-al-mondo-al-wwcoty-2026\\\/#breadcrumb\",\"itemListElement\":[{\"@type\":\"ListItem\",\"position\":1,\"name\":\"Home\",\"item\":\"https:\\\/\\\/www.abmnews.com\\\/blog\\\/\"},{\"@type\":\"ListItem\",\"position\":2,\"name\":\"Nissan LEAF eletta Migliore Auto Compatta al Mondo al WWCOTY 2026\"}]},{\"@type\":\"WebSite\",\"@id\":\"https:\\\/\\\/www.abmnews.com\\\/blog\\\/#website\",\"url\":\"https:\\\/\\\/www.abmnews.com\\\/blog\\\/\",\"name\":\"AbmNews\",\"description\":\"\",\"publisher\":{\"@id\":\"https:\\\/\\\/www.abmnews.com\\\/blog\\\/#organization\"},\"potentialAction\":[{\"@type\":\"SearchAction\",\"target\":{\"@type\":\"EntryPoint\",\"urlTemplate\":\"https:\\\/\\\/www.abmnews.com\\\/blog\\\/?s={search_term_string}\"},\"query-input\":{\"@type\":\"PropertyValueSpecification\",\"valueRequired\":true,\"valueName\":\"search_term_string\"}}],\"inLanguage\":\"it-IT\"},{\"@type\":\"Organization\",\"@id\":\"https:\\\/\\\/www.abmnews.com\\\/blog\\\/#organization\",\"name\":\"AbmNews\",\"url\":\"https:\\\/\\\/www.abmnews.com\\\/blog\\\/\",\"logo\":{\"@type\":\"ImageObject\",\"inLanguage\":\"it-IT\",\"@id\":\"https:\\\/\\\/www.abmnews.com\\\/blog\\\/#\\\/schema\\\/logo\\\/image\\\/\",\"url\":\"http:\\\/\\\/www.abmnews.com\\\/blog\\\/wp-content\\\/uploads\\\/2026\\\/01\\\/logoabmnews544x180.png\",\"contentUrl\":\"http:\\\/\\\/www.abmnews.com\\\/blog\\\/wp-content\\\/uploads\\\/2026\\\/01\\\/logoabmnews544x180.png\",\"width\":544,\"height\":180,\"caption\":\"AbmNews\"},\"image\":{\"@id\":\"https:\\\/\\\/www.abmnews.com\\\/blog\\\/#\\\/schema\\\/logo\\\/image\\\/\"},\"sameAs\":[\"https:\\\/\\\/www.facebook.com\\\/ABMnews\",\"https:\\\/\\\/x.com\\\/ABMnewscom\",\"https:\\\/\\\/www.instagram.com\\\/abmnewsblog\"]},{\"@type\":\"Person\",\"@id\":\"https:\\\/\\\/www.abmnews.com\\\/blog\\\/#\\\/schema\\\/person\\\/2da21c254d26591b7993648c954826a2\",\"name\":\"Redazione\",\"image\":{\"@type\":\"ImageObject\",\"inLanguage\":\"it-IT\",\"@id\":\"https:\\\/\\\/secure.gravatar.com\\\/avatar\\\/888b71ec1a1241930daa72f4c66b40f2390ac7ac3003b2cea4bbb235380b9dc2?s=96&d=mm&r=g\",\"url\":\"https:\\\/\\\/secure.gravatar.com\\\/avatar\\\/888b71ec1a1241930daa72f4c66b40f2390ac7ac3003b2cea4bbb235380b9dc2?s=96&d=mm&r=g\",\"contentUrl\":\"https:\\\/\\\/secure.gravatar.com\\\/avatar\\\/888b71ec1a1241930daa72f4c66b40f2390ac7ac3003b2cea4bbb235380b9dc2?s=96&d=mm&r=g\",\"caption\":\"Redazione\"},\"url\":\"http:\\\/\\\/www.abmnews.com\\\/blog\\\/author\\\/redazione\\\/\"}]}<\/script>\n<!-- \/ Yoast SEO plugin. -->","yoast_head_json":{"title":"Nissan LEAF eletta Migliore Auto Compatta al Mondo al WWCOTY 2026 - AbmNews","robots":{"index":"index","follow":"follow","max-snippet":"max-snippet:-1","max-image-preview":"max-image-preview:large","max-video-preview":"max-video-preview:-1"},"canonical":"http:\/\/www.abmnews.com\/blog\/nissan-leaf-eletta-migliore-auto-compatta-al-mondo-al-wwcoty-2026\/","og_locale":"it_IT","og_type":"article","og_title":"Nissan LEAF eletta Migliore Auto Compatta al Mondo al WWCOTY 2026 - AbmNews","og_url":"http:\/\/www.abmnews.com\/blog\/nissan-leaf-eletta-migliore-auto-compatta-al-mondo-al-wwcoty-2026\/","og_site_name":"AbmNews","article_publisher":"https:\/\/www.facebook.com\/ABMnews","article_published_time":"2026-01-14T07:46:53+00:00","article_modified_time":"2026-01-14T07:46:55+00:00","og_image":[{"width":1200,"height":675,"url":"http:\/\/www.abmnews.com\/blog\/wp-content\/uploads\/2026\/01\/WWCOTY_LEAF_LI_01.jpg","type":"image\/jpeg"}],"author":"Redazione","twitter_card":"summary_large_image","twitter_creator":"@ABMnewscom","twitter_site":"@ABMnewscom","twitter_misc":{"Scritto da":"Redazione","Tempo di lettura stimato":"2 minuti"},"schema":{"@context":"https:\/\/schema.org","@graph":[{"@type":"Article","@id":"http:\/\/www.abmnews.com\/blog\/nissan-leaf-eletta-migliore-auto-compatta-al-mondo-al-wwcoty-2026\/#article","isPartOf":{"@id":"http:\/\/www.abmnews.com\/blog\/nissan-leaf-eletta-migliore-auto-compatta-al-mondo-al-wwcoty-2026\/"},"author":{"name":"Redazione","@id":"https:\/\/www.abmnews.com\/blog\/#\/schema\/person\/2da21c254d26591b7993648c954826a2"},"headline":"Nissan LEAF eletta Migliore Auto Compatta al Mondo al WWCOTY 2026","datePublished":"2026-01-14T07:46:53+00:00","dateModified":"2026-01-14T07:46:55+00:00","mainEntityOfPage":{"@id":"http:\/\/www.abmnews.com\/blog\/nissan-leaf-eletta-migliore-auto-compatta-al-mondo-al-wwcoty-2026\/"},"wordCount":499,"publisher":{"@id":"https:\/\/www.abmnews.com\/blog\/#organization"},"image":{"@id":"http:\/\/www.abmnews.com\/blog\/nissan-leaf-eletta-migliore-auto-compatta-al-mondo-al-wwcoty-2026\/#primaryimage"},"thumbnailUrl":"http:\/\/www.abmnews.com\/blog\/wp-content\/uploads\/2026\/01\/WWCOTY_LEAF_LI_01.jpg","keywords":["Nissan ProPILOT"],"articleSection":["Nissan","Novit\u00e0"],"inLanguage":"it-IT"},{"@type":"WebPage","@id":"http:\/\/www.abmnews.com\/blog\/nissan-leaf-eletta-migliore-auto-compatta-al-mondo-al-wwcoty-2026\/","url":"http:\/\/www.abmnews.com\/blog\/nissan-leaf-eletta-migliore-auto-compatta-al-mondo-al-wwcoty-2026\/","name":"Nissan LEAF eletta Migliore Auto Compatta al Mondo al WWCOTY 2026 - AbmNews","isPartOf":{"@id":"https:\/\/www.abmnews.com\/blog\/#website"},"primaryImageOfPage":{"@id":"http:\/\/www.abmnews.com\/blog\/nissan-leaf-eletta-migliore-auto-compatta-al-mondo-al-wwcoty-2026\/#primaryimage"},"image":{"@id":"http:\/\/www.abmnews.com\/blog\/nissan-leaf-eletta-migliore-auto-compatta-al-mondo-al-wwcoty-2026\/#primaryimage"},"thumbnailUrl":"http:\/\/www.abmnews.com\/blog\/wp-content\/uploads\/2026\/01\/WWCOTY_LEAF_LI_01.jpg","datePublished":"2026-01-14T07:46:53+00:00","dateModified":"2026-01-14T07:46:55+00:00","breadcrumb":{"@id":"http:\/\/www.abmnews.com\/blog\/nissan-leaf-eletta-migliore-auto-compatta-al-mondo-al-wwcoty-2026\/#breadcrumb"},"inLanguage":"it-IT","potentialAction":[{"@type":"ReadAction","target":["http:\/\/www.abmnews.com\/blog\/nissan-leaf-eletta-migliore-auto-compatta-al-mondo-al-wwcoty-2026\/"]}]},{"@type":"ImageObject","inLanguage":"it-IT","@id":"http:\/\/www.abmnews.com\/blog\/nissan-leaf-eletta-migliore-auto-compatta-al-mondo-al-wwcoty-2026\/#primaryimage","url":"http:\/\/www.abmnews.com\/blog\/wp-content\/uploads\/2026\/01\/WWCOTY_LEAF_LI_01.jpg","contentUrl":"http:\/\/www.abmnews.com\/blog\/wp-content\/uploads\/2026\/01\/WWCOTY_LEAF_LI_01.jpg","width":1200,"height":675,"caption":"Nissan LEAF wins WWCOTY Best Compact Car 2026"},{"@type":"BreadcrumbList","@id":"http:\/\/www.abmnews.com\/blog\/nissan-leaf-eletta-migliore-auto-compatta-al-mondo-al-wwcoty-2026\/#breadcrumb","itemListElement":[{"@type":"ListItem","position":1,"name":"Home","item":"https:\/\/www.abmnews.com\/blog\/"},{"@type":"ListItem","position":2,"name":"Nissan LEAF eletta Migliore Auto Compatta al Mondo al WWCOTY 2026"}]},{"@type":"WebSite","@id":"https:\/\/www.abmnews.com\/blog\/#website","url":"https:\/\/www.abmnews.com\/blog\/","name":"AbmNews","description":"","publisher":{"@id":"https:\/\/www.abmnews.com\/blog\/#organization"},"potentialAction":[{"@type":"SearchAction","target":{"@type":"EntryPoint","urlTemplate":"https:\/\/www.abmnews.com\/blog\/?s={search_term_string}"},"query-input":{"@type":"PropertyValueSpecification","valueRequired":true,"valueName":"search_term_string"}}],"inLanguage":"it-IT"},{"@type":"Organization","@id":"https:\/\/www.abmnews.com\/blog\/#organization","name":"AbmNews","url":"https:\/\/www.abmnews.com\/blog\/","logo":{"@type":"ImageObject","inLanguage":"it-IT","@id":"https:\/\/www.abmnews.com\/blog\/#\/schema\/logo\/image\/","url":"http:\/\/www.abmnews.com\/blog\/wp-content\/uploads\/2026\/01\/logoabmnews544x180.png","contentUrl":"http:\/\/www.abmnews.com\/blog\/wp-content\/uploads\/2026\/01\/logoabmnews544x180.png","width":544,"height":180,"caption":"AbmNews"},"image":{"@id":"https:\/\/www.abmnews.com\/blog\/#\/schema\/logo\/image\/"},"sameAs":["https:\/\/www.facebook.com\/ABMnews","https:\/\/x.com\/ABMnewscom","https:\/\/www.instagram.com\/abmnewsblog"]},{"@type":"Person","@id":"https:\/\/www.abmnews.com\/blog\/#\/schema\/person\/2da21c254d26591b7993648c954826a2","name":"Redazione","image":{"@type":"ImageObject","inLanguage":"it-IT","@id":"https:\/\/secure.gravatar.com\/avatar\/888b71ec1a1241930daa72f4c66b40f2390ac7ac3003b2cea4bbb235380b9dc2?s=96&d=mm&r=g","url":"https:\/\/secure.gravatar.com\/avatar\/888b71ec1a1241930daa72f4c66b40f2390ac7ac3003b2cea4bbb235380b9dc2?s=96&d=mm&r=g","contentUrl":"https:\/\/secure.gravatar.com\/avatar\/888b71ec1a1241930daa72f4c66b40f2390ac7ac3003b2cea4bbb235380b9dc2?s=96&d=mm&r=g","caption":"Redazione"},"url":"http:\/\/www.abmnews.com\/blog\/author\/redazione\/"}]}},"_links":{"self":[{"href":"http:\/\/www.abmnews.com\/blog\/wp-json\/wp\/v2\/posts\/68443","targetHints":{"allow":["GET"]}}],"collection":[{"href":"http:\/\/www.abmnews.com\/blog\/wp-json\/wp\/v2\/posts"}],"about":[{"href":"http:\/\/www.abmnews.com\/blog\/wp-json\/wp\/v2\/types\/post"}],"author":[{"embeddable":true,"href":"http:\/\/www.abmnews.com\/blog\/wp-json\/wp\/v2\/users\/2"}],"replies":[{"embeddable":true,"href":"http:\/\/www.abmnews.com\/blog\/wp-json\/wp\/v2\/comments?post=68443"}],"version-history":[{"count":1,"href":"http:\/\/www.abmnews.com\/blog\/wp-json\/wp\/v2\/posts\/68443\/revisions"}],"predecessor-version":[{"id":68445,"href":"http:\/\/www.abmnews.com\/blog\/wp-json\/wp\/v2\/posts\/68443\/revisions\/68445"}],"wp:featuredmedia":[{"embeddable":true,"href":"http:\/\/www.abmnews.com\/blog\/wp-json\/wp\/v2\/media\/68444"}],"wp:attachment":[{"href":"http:\/\/www.abmnews.com\/blog\/wp-json\/wp\/v2\/media?parent=68443"}],"wp:term":[{"taxonomy":"category","embeddable":true,"href":"http:\/\/www.abmnews.com\/blog\/wp-json\/wp\/v2\/categories?post=68443"},{"taxonomy":"post_tag","embeddable":true,"href":"http:\/\/www.abmnews.com\/blog\/wp-json\/wp\/v2\/tags?post=68443"}],"curies":[{"name":"wp","href":"https:\/\/api.w.org\/{rel}","templated":true}]}}