{"id":69702,"date":"2026-02-20T09:06:50","date_gmt":"2026-02-20T08:06:50","guid":{"rendered":"https:\/\/www.abmnews.com\/blog\/?p=69702"},"modified":"2026-02-20T09:06:51","modified_gmt":"2026-02-20T08:06:51","slug":"offensiva-gamma-polestar-2028","status":"publish","type":"post","link":"http:\/\/www.abmnews.com\/blog\/offensiva-gamma-polestar-2028\/","title":{"rendered":"Polestar lancia l&#8217;offensiva: 4 nuovi modelli elettrici entro il 2028"},"content":{"rendered":"\n<p data-path-to-node=\"6\"><b data-path-to-node=\"6\" data-index-in-node=\"0\">Polestar (Nasdaq: PSNY)<\/b> ha ufficialmente dato il via alla pi\u00f9 imponente offensiva di prodotto della sua storia. Il piano strategico prevede l\u2019introduzione sul mercato di <b data-path-to-node=\"6\" data-index-in-node=\"170\">quattro nuovi modelli elettrici premium<\/b> nell\u2019arco dei prossimi tre anni, con l\u2019obiettivo di presidiare i segmenti a pi\u00f9 alta redditivit\u00e0 del settore EV.<\/p>\n<h3 data-path-to-node=\"7\">La roadmap dei nuovi modelli<\/h3>\n<p data-path-to-node=\"8\">Entro il 2028, il brand svedese rinnover\u00e0 e amplier\u00e0 profondamente la propria offerta con proposte che spaziano dalle berline ad alte prestazioni ai SUV compatti:<\/p>\n<ul data-path-to-node=\"9\">\n<li>\n<p data-path-to-node=\"9,0,0\"><b data-path-to-node=\"9,0,0\" data-index-in-node=\"0\">Polestar 5<\/b>: Definita come la &#8220;halo car&#8221; del marchio, questa Grand Tourer (GT) a quattro porte \u00e8 costruita su una piattaforma leggera in alluminio incollato. Presentata nel 2025, vedr\u00e0 l&#8217;inizio delle consegne nell&#8217;estate del <b data-path-to-node=\"9,0,0\" data-index-in-node=\"224\">2026<\/b>.<\/p>\n<\/li>\n<li>\n<p data-path-to-node=\"9,1,0\"><b data-path-to-node=\"9,1,0\" data-index-in-node=\"0\">Polestar 4<\/b>: Il best-seller attuale ricever\u00e0 una nuova variante basata sulla medesima tecnologia entro la fine del <b data-path-to-node=\"9,1,0\" data-index-in-node=\"114\">2026<\/b>, promettendo la versatilit\u00e0 di un SUV unita allo spazio di una station wagon.<\/p>\n<\/li>\n<li>\n<p data-path-to-node=\"9,2,0\"><b data-path-to-node=\"9,2,0\" data-index-in-node=\"0\">Polestar 2<\/b>: La berlina che ha venduto oltre 190.000 unit\u00e0 lascer\u00e0 spazio a una generazione completamente nuova, il cui lancio \u00e8 programmato per l&#8217;inizio del <b data-path-to-node=\"9,2,0\" data-index-in-node=\"157\">2027<\/b>.<\/p>\n<\/li>\n<li>\n<p data-path-to-node=\"9,3,0\"><b data-path-to-node=\"9,3,0\" data-index-in-node=\"0\">Polestar 7<\/b>: La gamma si completer\u00e0 nel <b data-path-to-node=\"9,3,0\" data-index-in-node=\"39\">2028<\/b> con l&#8217;arrivo di un SUV compatto premium, destinato a intercettare una domanda di mercato sempre pi\u00f9 elevata.<\/p>\n<\/li>\n<\/ul>\n<h3 data-path-to-node=\"10\">Crescita e visione aziendale<\/h3>\n<p data-path-to-node=\"11\">Oltre ai nuovi modelli, Michael Lohscheller, CEO di Polestar, ha delineato obiettivi finanziari e operativi precisi. Per il 2026, l&#8217;azienda stima una <b data-path-to-node=\"11\" data-index-in-node=\"150\">crescita dei volumi a doppia cifra &#8220;bassa&#8221;<\/b> e un potenziamento della propria rete retail del <b data-path-to-node=\"11\" data-index-in-node=\"242\">30%<\/b>. Secondo Lohscheller, questa strategia punta direttamente al cuore del mercato elettrico, dove la domanda di innovazione e lusso si sposa con opportunit\u00e0 di redditivit\u00e0 elevate.<\/p>\n<hr data-path-to-node=\"12\" \/>\n<h2 data-path-to-node=\"13\">Scheda Tecnica: Roadmap Gamma Polestar 2026-2028<\/h2>\n<table data-path-to-node=\"14\">\n<thead>\n<tr>\n<td><strong>Modello<\/strong><\/td>\n<td><strong>Segmento \/ Caratteristica<\/strong><\/td>\n<td><strong>Disponibilit\u00e0 Prevista<\/strong><\/td>\n<\/tr>\n<\/thead>\n<tbody>\n<tr>\n<td><span data-path-to-node=\"14,1,0,0\"><b data-path-to-node=\"14,1,0,0\" data-index-in-node=\"0\">Polestar 5<\/b><\/span><\/td>\n<td><span data-path-to-node=\"14,1,1,0\">Grand Tourer (GT) 4 porte &#8211; Halo car<\/span><\/td>\n<td><span data-path-to-node=\"14,1,2,0\">Estate 2026 (Consegne)<\/span><\/td>\n<\/tr>\n<tr>\n<td><span data-path-to-node=\"14,2,0,0\"><b data-path-to-node=\"14,2,0,0\" data-index-in-node=\"0\">Polestar 4<\/b><\/span><\/td>\n<td><span data-path-to-node=\"14,2,1,0\">Nuova variante (Spazio SW + Versatilit\u00e0 SUV)<\/span><\/td>\n<td><span data-path-to-node=\"14,2,2,0\">Fine 2026 (Lancio)<\/span><\/td>\n<\/tr>\n<tr>\n<td><span data-path-to-node=\"14,3,0,0\"><b data-path-to-node=\"14,3,0,0\" data-index-in-node=\"0\">Polestar 2<\/b><\/span><\/td>\n<td><span data-path-to-node=\"14,3,1,0\">Nuova generazione berlina elettrica<\/span><\/td>\n<td><span data-path-to-node=\"14,3,2,0\">Inizio 2027 (Lancio)<\/span><\/td>\n<\/tr>\n<tr>\n<td><span data-path-to-node=\"14,4,0,0\"><b data-path-to-node=\"14,4,0,0\" data-index-in-node=\"0\">Polestar 7<\/b><\/span><\/td>\n<td><span data-path-to-node=\"14,4,1,0\">SUV compatto premium<\/span><\/td>\n<td><span data-path-to-node=\"14,4,2,0\">2028 (Lancio)<\/span><\/td>\n<\/tr>\n<tr>\n<td><span data-path-to-node=\"14,5,0,0\"><b data-path-to-node=\"14,5,0,0\" data-index-in-node=\"0\">Rete Retail<\/b><\/span><\/td>\n<td><span data-path-to-node=\"14,5,1,0\">Espansione globale dei punti vendita<\/span><\/td>\n<td><span data-path-to-node=\"14,5,2,0\">+30% entro il 2026<\/span><\/td>\n<\/tr>\n<\/tbody>\n<\/table>\n","protected":false},"excerpt":{"rendered":"","protected":false},"author":2,"featured_media":69703,"comment_status":"closed","ping_status":"open","sticky":false,"template":"","format":"standard","meta":{"tdm_status":"","tdm_grid_status":"","footnotes":""},"categories":[6323,7943],"tags":[10109,6767,6742,10108,10107],"class_list":["post-69702","post","type-post","status-publish","format-standard","has-post-thumbnail","category-mercato","category-polestar","tag-auto-elettriche-premium","tag-mobilita-sostenibile","tag-polestar","tag-polestar-5","tag-polestar-7"],"yoast_head":"<!-- This site is optimized with the Yoast SEO plugin v28.0 - https:\/\/yoast.com\/product\/yoast-seo-wordpress\/ -->\n<title>Polestar lancia l&#039;offensiva: 4 nuovi modelli elettrici entro il 2028 - AbmNews<\/title>\n<meta name=\"description\" content=\"Polestar annuncia il lancio di 4 nuovi modelli elettrici entro il 2028. Scopri i dettagli su Polestar 5, la nuova Polestar 2, la variante di Polestar 4 e il SUV Polestar 7.\" \/>\n<meta name=\"robots\" content=\"index, follow, max-snippet:-1, max-image-preview:large, max-video-preview:-1\" \/>\n<link rel=\"canonical\" href=\"http:\/\/www.abmnews.com\/blog\/offensiva-gamma-polestar-2028\/\" \/>\n<meta property=\"og:locale\" content=\"it_IT\" \/>\n<meta property=\"og:type\" content=\"article\" \/>\n<meta property=\"og:title\" content=\"Polestar lancia l&#039;offensiva: 4 nuovi modelli elettrici entro il 2028 - AbmNews\" \/>\n<meta property=\"og:description\" content=\"Polestar annuncia il lancio di 4 nuovi modelli elettrici entro il 2028. Scopri i dettagli su Polestar 5, la nuova Polestar 2, la variante di Polestar 4 e il SUV Polestar 7.\" \/>\n<meta property=\"og:url\" content=\"http:\/\/www.abmnews.com\/blog\/offensiva-gamma-polestar-2028\/\" \/>\n<meta property=\"og:site_name\" content=\"AbmNews\" \/>\n<meta property=\"article:publisher\" content=\"https:\/\/www.facebook.com\/ABMnews\" \/>\n<meta property=\"article:published_time\" content=\"2026-02-20T08:06:50+00:00\" \/>\n<meta property=\"article:modified_time\" content=\"2026-02-20T08:06:51+00:00\" \/>\n<meta property=\"og:image\" content=\"http:\/\/www.abmnews.com\/blog\/wp-content\/uploads\/2026\/02\/Polestar_Strategy-Update-1802.png\" \/>\n\t<meta property=\"og:image:width\" content=\"1200\" \/>\n\t<meta property=\"og:image:height\" content=\"675\" \/>\n\t<meta property=\"og:image:type\" content=\"image\/png\" \/>\n<meta name=\"author\" content=\"Redazione\" \/>\n<meta name=\"twitter:card\" content=\"summary_large_image\" \/>\n<meta name=\"twitter:creator\" content=\"@ABMnewscom\" \/>\n<meta name=\"twitter:site\" content=\"@ABMnewscom\" \/>\n<meta name=\"twitter:label1\" content=\"Scritto da\" \/>\n\t<meta name=\"twitter:data1\" content=\"Redazione\" \/>\n\t<meta name=\"twitter:label2\" content=\"Tempo di lettura stimato\" \/>\n\t<meta name=\"twitter:data2\" content=\"2 minuti\" \/>\n<script type=\"application\/ld+json\" class=\"yoast-schema-graph\">{\"@context\":\"https:\\\/\\\/schema.org\",\"@graph\":[{\"@type\":\"Article\",\"@id\":\"http:\\\/\\\/www.abmnews.com\\\/blog\\\/offensiva-gamma-polestar-2028\\\/#article\",\"isPartOf\":{\"@id\":\"http:\\\/\\\/www.abmnews.com\\\/blog\\\/offensiva-gamma-polestar-2028\\\/\"},\"author\":{\"name\":\"Redazione\",\"@id\":\"https:\\\/\\\/www.abmnews.com\\\/blog\\\/#\\\/schema\\\/person\\\/2da21c254d26591b7993648c954826a2\"},\"headline\":\"Polestar lancia l&#8217;offensiva: 4 nuovi modelli elettrici entro il 2028\",\"datePublished\":\"2026-02-20T08:06:50+00:00\",\"dateModified\":\"2026-02-20T08:06:51+00:00\",\"mainEntityOfPage\":{\"@id\":\"http:\\\/\\\/www.abmnews.com\\\/blog\\\/offensiva-gamma-polestar-2028\\\/\"},\"wordCount\":315,\"publisher\":{\"@id\":\"https:\\\/\\\/www.abmnews.com\\\/blog\\\/#organization\"},\"image\":{\"@id\":\"http:\\\/\\\/www.abmnews.com\\\/blog\\\/offensiva-gamma-polestar-2028\\\/#primaryimage\"},\"thumbnailUrl\":\"http:\\\/\\\/www.abmnews.com\\\/blog\\\/wp-content\\\/uploads\\\/2026\\\/02\\\/Polestar_Strategy-Update-1802.png\",\"keywords\":[\"auto elettriche premium\",\"mobilit\u00e0 sostenibile\",\"Polestar\",\"Polestar 5\",\"Polestar 7\"],\"articleSection\":[\"Mercato\",\"Polestar\"],\"inLanguage\":\"it-IT\"},{\"@type\":\"WebPage\",\"@id\":\"http:\\\/\\\/www.abmnews.com\\\/blog\\\/offensiva-gamma-polestar-2028\\\/\",\"url\":\"http:\\\/\\\/www.abmnews.com\\\/blog\\\/offensiva-gamma-polestar-2028\\\/\",\"name\":\"Polestar lancia l'offensiva: 4 nuovi modelli elettrici entro il 2028 - AbmNews\",\"isPartOf\":{\"@id\":\"https:\\\/\\\/www.abmnews.com\\\/blog\\\/#website\"},\"primaryImageOfPage\":{\"@id\":\"http:\\\/\\\/www.abmnews.com\\\/blog\\\/offensiva-gamma-polestar-2028\\\/#primaryimage\"},\"image\":{\"@id\":\"http:\\\/\\\/www.abmnews.com\\\/blog\\\/offensiva-gamma-polestar-2028\\\/#primaryimage\"},\"thumbnailUrl\":\"http:\\\/\\\/www.abmnews.com\\\/blog\\\/wp-content\\\/uploads\\\/2026\\\/02\\\/Polestar_Strategy-Update-1802.png\",\"datePublished\":\"2026-02-20T08:06:50+00:00\",\"dateModified\":\"2026-02-20T08:06:51+00:00\",\"description\":\"Polestar annuncia il lancio di 4 nuovi modelli elettrici entro il 2028. Scopri i dettagli su Polestar 5, la nuova Polestar 2, la variante di Polestar 4 e il SUV Polestar 7.\",\"breadcrumb\":{\"@id\":\"http:\\\/\\\/www.abmnews.com\\\/blog\\\/offensiva-gamma-polestar-2028\\\/#breadcrumb\"},\"inLanguage\":\"it-IT\",\"potentialAction\":[{\"@type\":\"ReadAction\",\"target\":[\"http:\\\/\\\/www.abmnews.com\\\/blog\\\/offensiva-gamma-polestar-2028\\\/\"]}]},{\"@type\":\"ImageObject\",\"inLanguage\":\"it-IT\",\"@id\":\"http:\\\/\\\/www.abmnews.com\\\/blog\\\/offensiva-gamma-polestar-2028\\\/#primaryimage\",\"url\":\"http:\\\/\\\/www.abmnews.com\\\/blog\\\/wp-content\\\/uploads\\\/2026\\\/02\\\/Polestar_Strategy-Update-1802.png\",\"contentUrl\":\"http:\\\/\\\/www.abmnews.com\\\/blog\\\/wp-content\\\/uploads\\\/2026\\\/02\\\/Polestar_Strategy-Update-1802.png\",\"width\":1200,\"height\":675},{\"@type\":\"BreadcrumbList\",\"@id\":\"http:\\\/\\\/www.abmnews.com\\\/blog\\\/offensiva-gamma-polestar-2028\\\/#breadcrumb\",\"itemListElement\":[{\"@type\":\"ListItem\",\"position\":1,\"name\":\"Home\",\"item\":\"https:\\\/\\\/www.abmnews.com\\\/blog\\\/\"},{\"@type\":\"ListItem\",\"position\":2,\"name\":\"Polestar lancia l&#8217;offensiva: 4 nuovi modelli elettrici entro il 2028\"}]},{\"@type\":\"WebSite\",\"@id\":\"https:\\\/\\\/www.abmnews.com\\\/blog\\\/#website\",\"url\":\"https:\\\/\\\/www.abmnews.com\\\/blog\\\/\",\"name\":\"AbmNews\",\"description\":\"\",\"publisher\":{\"@id\":\"https:\\\/\\\/www.abmnews.com\\\/blog\\\/#organization\"},\"potentialAction\":[{\"@type\":\"SearchAction\",\"target\":{\"@type\":\"EntryPoint\",\"urlTemplate\":\"https:\\\/\\\/www.abmnews.com\\\/blog\\\/?s={search_term_string}\"},\"query-input\":{\"@type\":\"PropertyValueSpecification\",\"valueRequired\":true,\"valueName\":\"search_term_string\"}}],\"inLanguage\":\"it-IT\"},{\"@type\":\"Organization\",\"@id\":\"https:\\\/\\\/www.abmnews.com\\\/blog\\\/#organization\",\"name\":\"AbmNews\",\"url\":\"https:\\\/\\\/www.abmnews.com\\\/blog\\\/\",\"logo\":{\"@type\":\"ImageObject\",\"inLanguage\":\"it-IT\",\"@id\":\"https:\\\/\\\/www.abmnews.com\\\/blog\\\/#\\\/schema\\\/logo\\\/image\\\/\",\"url\":\"http:\\\/\\\/www.abmnews.com\\\/blog\\\/wp-content\\\/uploads\\\/2026\\\/01\\\/logoabmnews544x180.png\",\"contentUrl\":\"http:\\\/\\\/www.abmnews.com\\\/blog\\\/wp-content\\\/uploads\\\/2026\\\/01\\\/logoabmnews544x180.png\",\"width\":544,\"height\":180,\"caption\":\"AbmNews\"},\"image\":{\"@id\":\"https:\\\/\\\/www.abmnews.com\\\/blog\\\/#\\\/schema\\\/logo\\\/image\\\/\"},\"sameAs\":[\"https:\\\/\\\/www.facebook.com\\\/ABMnews\",\"https:\\\/\\\/x.com\\\/ABMnewscom\",\"https:\\\/\\\/www.instagram.com\\\/abmnewsblog\"]},{\"@type\":\"Person\",\"@id\":\"https:\\\/\\\/www.abmnews.com\\\/blog\\\/#\\\/schema\\\/person\\\/2da21c254d26591b7993648c954826a2\",\"name\":\"Redazione\",\"image\":{\"@type\":\"ImageObject\",\"inLanguage\":\"it-IT\",\"@id\":\"https:\\\/\\\/secure.gravatar.com\\\/avatar\\\/888b71ec1a1241930daa72f4c66b40f2390ac7ac3003b2cea4bbb235380b9dc2?s=96&d=mm&r=g\",\"url\":\"https:\\\/\\\/secure.gravatar.com\\\/avatar\\\/888b71ec1a1241930daa72f4c66b40f2390ac7ac3003b2cea4bbb235380b9dc2?s=96&d=mm&r=g\",\"contentUrl\":\"https:\\\/\\\/secure.gravatar.com\\\/avatar\\\/888b71ec1a1241930daa72f4c66b40f2390ac7ac3003b2cea4bbb235380b9dc2?s=96&d=mm&r=g\",\"caption\":\"Redazione\"},\"url\":\"http:\\\/\\\/www.abmnews.com\\\/blog\\\/author\\\/redazione\\\/\"}]}<\/script>\n<!-- \/ Yoast SEO plugin. -->","yoast_head_json":{"title":"Polestar lancia l'offensiva: 4 nuovi modelli elettrici entro il 2028 - AbmNews","description":"Polestar annuncia il lancio di 4 nuovi modelli elettrici entro il 2028. Scopri i dettagli su Polestar 5, la nuova Polestar 2, la variante di Polestar 4 e il SUV Polestar 7.","robots":{"index":"index","follow":"follow","max-snippet":"max-snippet:-1","max-image-preview":"max-image-preview:large","max-video-preview":"max-video-preview:-1"},"canonical":"http:\/\/www.abmnews.com\/blog\/offensiva-gamma-polestar-2028\/","og_locale":"it_IT","og_type":"article","og_title":"Polestar lancia l'offensiva: 4 nuovi modelli elettrici entro il 2028 - AbmNews","og_description":"Polestar annuncia il lancio di 4 nuovi modelli elettrici entro il 2028. Scopri i dettagli su Polestar 5, la nuova Polestar 2, la variante di Polestar 4 e il SUV Polestar 7.","og_url":"http:\/\/www.abmnews.com\/blog\/offensiva-gamma-polestar-2028\/","og_site_name":"AbmNews","article_publisher":"https:\/\/www.facebook.com\/ABMnews","article_published_time":"2026-02-20T08:06:50+00:00","article_modified_time":"2026-02-20T08:06:51+00:00","og_image":[{"width":1200,"height":675,"url":"http:\/\/www.abmnews.com\/blog\/wp-content\/uploads\/2026\/02\/Polestar_Strategy-Update-1802.png","type":"image\/png"}],"author":"Redazione","twitter_card":"summary_large_image","twitter_creator":"@ABMnewscom","twitter_site":"@ABMnewscom","twitter_misc":{"Scritto da":"Redazione","Tempo di lettura stimato":"2 minuti"},"schema":{"@context":"https:\/\/schema.org","@graph":[{"@type":"Article","@id":"http:\/\/www.abmnews.com\/blog\/offensiva-gamma-polestar-2028\/#article","isPartOf":{"@id":"http:\/\/www.abmnews.com\/blog\/offensiva-gamma-polestar-2028\/"},"author":{"name":"Redazione","@id":"https:\/\/www.abmnews.com\/blog\/#\/schema\/person\/2da21c254d26591b7993648c954826a2"},"headline":"Polestar lancia l&#8217;offensiva: 4 nuovi modelli elettrici entro il 2028","datePublished":"2026-02-20T08:06:50+00:00","dateModified":"2026-02-20T08:06:51+00:00","mainEntityOfPage":{"@id":"http:\/\/www.abmnews.com\/blog\/offensiva-gamma-polestar-2028\/"},"wordCount":315,"publisher":{"@id":"https:\/\/www.abmnews.com\/blog\/#organization"},"image":{"@id":"http:\/\/www.abmnews.com\/blog\/offensiva-gamma-polestar-2028\/#primaryimage"},"thumbnailUrl":"http:\/\/www.abmnews.com\/blog\/wp-content\/uploads\/2026\/02\/Polestar_Strategy-Update-1802.png","keywords":["auto elettriche premium","mobilit\u00e0 sostenibile","Polestar","Polestar 5","Polestar 7"],"articleSection":["Mercato","Polestar"],"inLanguage":"it-IT"},{"@type":"WebPage","@id":"http:\/\/www.abmnews.com\/blog\/offensiva-gamma-polestar-2028\/","url":"http:\/\/www.abmnews.com\/blog\/offensiva-gamma-polestar-2028\/","name":"Polestar lancia l'offensiva: 4 nuovi modelli elettrici entro il 2028 - AbmNews","isPartOf":{"@id":"https:\/\/www.abmnews.com\/blog\/#website"},"primaryImageOfPage":{"@id":"http:\/\/www.abmnews.com\/blog\/offensiva-gamma-polestar-2028\/#primaryimage"},"image":{"@id":"http:\/\/www.abmnews.com\/blog\/offensiva-gamma-polestar-2028\/#primaryimage"},"thumbnailUrl":"http:\/\/www.abmnews.com\/blog\/wp-content\/uploads\/2026\/02\/Polestar_Strategy-Update-1802.png","datePublished":"2026-02-20T08:06:50+00:00","dateModified":"2026-02-20T08:06:51+00:00","description":"Polestar annuncia il lancio di 4 nuovi modelli elettrici entro il 2028. Scopri i dettagli su Polestar 5, la nuova Polestar 2, la variante di Polestar 4 e il SUV Polestar 7.","breadcrumb":{"@id":"http:\/\/www.abmnews.com\/blog\/offensiva-gamma-polestar-2028\/#breadcrumb"},"inLanguage":"it-IT","potentialAction":[{"@type":"ReadAction","target":["http:\/\/www.abmnews.com\/blog\/offensiva-gamma-polestar-2028\/"]}]},{"@type":"ImageObject","inLanguage":"it-IT","@id":"http:\/\/www.abmnews.com\/blog\/offensiva-gamma-polestar-2028\/#primaryimage","url":"http:\/\/www.abmnews.com\/blog\/wp-content\/uploads\/2026\/02\/Polestar_Strategy-Update-1802.png","contentUrl":"http:\/\/www.abmnews.com\/blog\/wp-content\/uploads\/2026\/02\/Polestar_Strategy-Update-1802.png","width":1200,"height":675},{"@type":"BreadcrumbList","@id":"http:\/\/www.abmnews.com\/blog\/offensiva-gamma-polestar-2028\/#breadcrumb","itemListElement":[{"@type":"ListItem","position":1,"name":"Home","item":"https:\/\/www.abmnews.com\/blog\/"},{"@type":"ListItem","position":2,"name":"Polestar lancia l&#8217;offensiva: 4 nuovi modelli elettrici entro il 2028"}]},{"@type":"WebSite","@id":"https:\/\/www.abmnews.com\/blog\/#website","url":"https:\/\/www.abmnews.com\/blog\/","name":"AbmNews","description":"","publisher":{"@id":"https:\/\/www.abmnews.com\/blog\/#organization"},"potentialAction":[{"@type":"SearchAction","target":{"@type":"EntryPoint","urlTemplate":"https:\/\/www.abmnews.com\/blog\/?s={search_term_string}"},"query-input":{"@type":"PropertyValueSpecification","valueRequired":true,"valueName":"search_term_string"}}],"inLanguage":"it-IT"},{"@type":"Organization","@id":"https:\/\/www.abmnews.com\/blog\/#organization","name":"AbmNews","url":"https:\/\/www.abmnews.com\/blog\/","logo":{"@type":"ImageObject","inLanguage":"it-IT","@id":"https:\/\/www.abmnews.com\/blog\/#\/schema\/logo\/image\/","url":"http:\/\/www.abmnews.com\/blog\/wp-content\/uploads\/2026\/01\/logoabmnews544x180.png","contentUrl":"http:\/\/www.abmnews.com\/blog\/wp-content\/uploads\/2026\/01\/logoabmnews544x180.png","width":544,"height":180,"caption":"AbmNews"},"image":{"@id":"https:\/\/www.abmnews.com\/blog\/#\/schema\/logo\/image\/"},"sameAs":["https:\/\/www.facebook.com\/ABMnews","https:\/\/x.com\/ABMnewscom","https:\/\/www.instagram.com\/abmnewsblog"]},{"@type":"Person","@id":"https:\/\/www.abmnews.com\/blog\/#\/schema\/person\/2da21c254d26591b7993648c954826a2","name":"Redazione","image":{"@type":"ImageObject","inLanguage":"it-IT","@id":"https:\/\/secure.gravatar.com\/avatar\/888b71ec1a1241930daa72f4c66b40f2390ac7ac3003b2cea4bbb235380b9dc2?s=96&d=mm&r=g","url":"https:\/\/secure.gravatar.com\/avatar\/888b71ec1a1241930daa72f4c66b40f2390ac7ac3003b2cea4bbb235380b9dc2?s=96&d=mm&r=g","contentUrl":"https:\/\/secure.gravatar.com\/avatar\/888b71ec1a1241930daa72f4c66b40f2390ac7ac3003b2cea4bbb235380b9dc2?s=96&d=mm&r=g","caption":"Redazione"},"url":"http:\/\/www.abmnews.com\/blog\/author\/redazione\/"}]}},"_links":{"self":[{"href":"http:\/\/www.abmnews.com\/blog\/wp-json\/wp\/v2\/posts\/69702","targetHints":{"allow":["GET"]}}],"collection":[{"href":"http:\/\/www.abmnews.com\/blog\/wp-json\/wp\/v2\/posts"}],"about":[{"href":"http:\/\/www.abmnews.com\/blog\/wp-json\/wp\/v2\/types\/post"}],"author":[{"embeddable":true,"href":"http:\/\/www.abmnews.com\/blog\/wp-json\/wp\/v2\/users\/2"}],"replies":[{"embeddable":true,"href":"http:\/\/www.abmnews.com\/blog\/wp-json\/wp\/v2\/comments?post=69702"}],"version-history":[{"count":1,"href":"http:\/\/www.abmnews.com\/blog\/wp-json\/wp\/v2\/posts\/69702\/revisions"}],"predecessor-version":[{"id":69704,"href":"http:\/\/www.abmnews.com\/blog\/wp-json\/wp\/v2\/posts\/69702\/revisions\/69704"}],"wp:featuredmedia":[{"embeddable":true,"href":"http:\/\/www.abmnews.com\/blog\/wp-json\/wp\/v2\/media\/69703"}],"wp:attachment":[{"href":"http:\/\/www.abmnews.com\/blog\/wp-json\/wp\/v2\/media?parent=69702"}],"wp:term":[{"taxonomy":"category","embeddable":true,"href":"http:\/\/www.abmnews.com\/blog\/wp-json\/wp\/v2\/categories?post=69702"},{"taxonomy":"post_tag","embeddable":true,"href":"http:\/\/www.abmnews.com\/blog\/wp-json\/wp\/v2\/tags?post=69702"}],"curies":[{"name":"wp","href":"https:\/\/api.w.org\/{rel}","templated":true}]}}