{"id":70861,"date":"2026-09-01T11:05:08","date_gmt":"2026-09-01T11:05:08","guid":{"rendered":"https:\/\/www.abmnews.com\/blog\/?p=70861"},"modified":"2026-09-01T11:05:09","modified_gmt":"2026-09-01T11:05:09","slug":"formula-1-a-monza-gp-ditalia-2026-sold-out-il-circuito-punta-a-un-nuovo-record","status":"publish","type":"post","link":"http:\/\/www.abmnews.com\/blog\/formula-1-a-monza-gp-ditalia-2026-sold-out-il-circuito-punta-a-un-nuovo-record\/","title":{"rendered":"Formula 1 a Monza, GP d\u2019Italia 2026 sold out: il circuito punta a un nuovo record"},"content":{"rendered":"\n<p class=\"wp-block-paragraph\">Cresce l\u2019attesa per un Formula 1 Pirelli Gran Premio d\u2019Italia 2026 che si annuncia da record e che, dal 3 al 6 settembre, porter\u00e0 a Monza un pubblico e un\u2019attenzione senza precedenti. L\u2019appuntamento sul circuito brianzolo arriva nel momento pi\u00f9 caldo della stagione, con Kimi Antonelli al comando del Mondiale e una Ferrari competitiva pronta a giocarsi le proprie carte davanti al pubblico di casa. Un\u2019edizione speciale, dunque, per l\u2019Autodromo Nazionale Monza, che si prepara a vivere uno dei Gran Premi pi\u00f9 attesi degli ultimi anni.<\/p>\n\n\n\n<p class=\"wp-block-paragraph\">Il Gran Premio d\u2019Italia 2026 \u00e8 stato presentato questa mattina nella sede di Automobile Club Milano, l\u2019istituzione che nel 1922 volle e fece costruire l\u2019Autodromo Nazionale Monza.<\/p>\n\n\n\n<p class=\"wp-block-paragraph\">&nbsp;Alla conferenza stampa sono intervenuti il Presidente di Regione Lombardia,&nbsp;<strong>Attilio Fontana<\/strong>, il sindaco di Monza,&nbsp;<strong>Paolo Pilotto<\/strong>, l\u2019assessora allo Sport, Turismo e Politiche Giovanili del Comune di Milano,&nbsp;<strong>Martina Riva<\/strong>&nbsp;e il Presidente esecutivo di Pirelli,&nbsp;<strong>Marco Tronchetti Provera<\/strong>.<\/p>\n\n\n\n<p class=\"wp-block-paragraph\">In collegamento il Vice-Presidente del Consiglio dei Ministri e Ministro per le Infrastrutture e i Trasporti,&nbsp;<strong>Matteo Salvini.<\/strong><\/p>\n\n\n\n<p class=\"wp-block-paragraph\"><strong>Stefano Domenicali,<\/strong>&nbsp;Presidente e Amministratore Delegato di Formula 1, \u00e8 intervenuto attraverso un video messaggio.<\/p>\n\n\n\n<p class=\"wp-block-paragraph\">A fare gli onori di casa sono stati il Presidente dell\u2019Automobile Club d\u2019Italia,&nbsp;<strong>Geronimo La Russa<\/strong>, il presidente di Automobile Club Milano,&nbsp;<strong>Pietro Meda<\/strong>, e il presidente di Autodromo Nazionale Monza,&nbsp;<strong>Giuseppe Redaelli<\/strong>.<\/p>\n\n\n\n<p class=\"wp-block-paragraph\">Nel corso della cerimonia \u00e8 stata consegnato al figlio Luigi un quadro celebrativo di&nbsp;<strong>Lodovico Scarfiotti<\/strong>, il pilota marchigiano che 60 anni fa fu l\u2019ultimo italiano a vincere il GP di casa al volante di una Ferrari.&nbsp;<\/p>\n\n\n\n<p class=\"wp-block-paragraph\">Presso la sede dell&#8217;Automobile Club di Milano sono state esposte per l&#8217;occasione&nbsp;&nbsp;anche la&nbsp;&nbsp;<strong>Ferrari F399<\/strong>&nbsp;\u2013 la monoposto che ha corso il Mondiale del 1999 &#8211; e una&nbsp;<strong>Formula 1 in scala 1:1 realizzata interamente in cartapesta da ragazzi autistici<\/strong>&nbsp;dell&#8217;Associazione Facciavista ETS.<\/p>\n\n\n\n<p class=\"wp-block-paragraph\"><strong>Attilio Fontana&nbsp;<br><\/strong><strong>Presidente Regione Lombardia&nbsp;<\/strong><\/p>\n\n\n\n<p class=\"wp-block-paragraph\"><em>\u201cMonza \u00e8 storia, leggenda e cuore pulsante del motorsport mondiale. Regione Lombardia \u00e8 orgogliosa di sostenere in modo concreto e importante questo evento che \u00e8 molto pi\u00f9 di una gara: \u00e8 un volano economico da centinaia di milioni di euro, \u00e8 promozione del nostro territorio nel mondo, \u00e8 identit\u00e0 lombarda. \u00c8 la passione di un intero Paese e l\u2019orgoglio della Lombardia. Un appuntamento che \u00e8 anche innovazione e legame con realt\u00e0 uniche come la Ferrari e con i nostri talenti come Andrea Kimi Antonelli\u201d.<\/em><\/p>\n\n\n\n<p class=\"wp-block-paragraph\"><strong>Geronimo La Russa&nbsp;<br><\/strong><strong>Presidente Automobile Club d\u2019Italia<\/strong><\/p>\n\n\n\n<p class=\"wp-block-paragraph\"><em>\u201c\u00c8 con un orgoglio tutto italiano che viviamo il momento che, pi\u00f9 di ogni altro, rappresenta la storia e la passione del nostro Paese per l\u2019automobilismo. Lo facciamo in una stagione anche sportivamente felice per i nostri colori, con uno straordinario Andrea Kimi Antonelli al comando del Mondiale, una Ferrari competitiva che resta un punto fermo nel cuore dei tifosi e una Racing Bulls che porta avanti la storia del Made in Italy. Arriviamo a questo appuntamento dopo i record del 2025 con 369.041 presenze e il Gran Premio pi\u00f9 veloce di sempre di Verstappen. In questa edizione puntiamo a fare ancora di pi\u00f9. Con un circuito ultracentenario che guarda al futuro: per il 2027 abbiamo infatti approvato una serie di interventi importanti e firmato la concessione dell\u2019Autodromo ad ACI fino al 2044, a garanzia della sua continuit\u00e0 e del suo ruolo internazionale\u201d.<\/em><\/p>\n\n\n\n<p class=\"wp-block-paragraph\"><strong>Stefano Domenicali&nbsp;<br><\/strong><strong>Presidente e A.D. di Formula 1&nbsp;<\/strong><\/p>\n\n\n\n<p class=\"wp-block-paragraph\"><em>\u201cQuella di Monza costituisce una settimana speciale per tutti gli appassionati di Formula 1. Il GP d\u2019Italia \u00e8 parte importante della storia del nostro sport. Monza sa trasmettere qualcosa di particolare, c\u2019\u00e8 la storia ma anche una passione che cresce costantemente, che coinvolge molte generazioni diverse e, soprattutto, sempre pi\u00f9 giovani. Ci tengo a complimentarmi con tutti per l\u2019ennesimo sold out che conferma il rapporto speciale tra Monza e la Formula 1. Questa edizione arriva in un momento speciale per il nostro Paese con Andrea Kimi Antonelli in testa al Mondiale e una Ferrari competitiva. Ci sono tutti gli ingredienti per un fine settimana entusiasmante. Rivolgo un particolare pensiero ai tifosi: sono loro che rendono l\u2019atmosfera di Monza unica e regalano al mondo una delle immagini pi\u00f9 belle e riconoscibili della F1\u201d.<\/em><\/p>\n\n\n\n<p class=\"wp-block-paragraph\"><strong>Paolo Pilotto&nbsp;<br><\/strong><strong>Sindaco di Monza e Presidente del Consorzio Villa Reale e Parco&nbsp;<\/strong><\/p>\n\n\n\n<p class=\"wp-block-paragraph\"><em>\u201cQuesta nuova edizione del Gran Premio d\u2019Italia, attesa da centinaia di migliaia di appassionati, si colloca al termine di un&#8217;intensa stagione di lavori e di incontri svoltisi negli ultimi mesi, che hanno portato fino al 2044 la convenzione tra il Consorzio che gestisce la Villa Reale, i Giardini e il Parco di Monza e Automobile Club Italia. Un tassello fondamentale per proseguire la collaborazione avviata e per assicurare allo storico impianto motoristico monzese di rimanere uno dei pi\u00f9 grandi riferimenti del motorismo mondiale, consentendo investimenti, innovazione e un respiro al passo con i tempi. Nello stesso periodo il Comune di Monza ha approvato cinque importanti progetti di riqualificazione e ammodernamento che ACI realizzer\u00e0 per contribuire a confermare l\u2019unicit\u00e0 dell\u2019Autodromo Nazionale: inserito in un parco di pi\u00f9 di 700 ettari, il tempio della velocit\u00e0 continua a coniugare storia e innovazione, monumentalit\u00e0 e sostenibilit\u00e0, patrimonio naturale e tecnologia\u201d.&nbsp;<\/em><\/p>\n\n\n\n<p class=\"wp-block-paragraph\"><strong>Martina Riva&nbsp;<br><\/strong><strong>Assessora allo Sport, Turismo e Politiche Giovanili Comune di Milano<\/strong><\/p>\n\n\n\n<p class=\"wp-block-paragraph\"><em>\u201cNei giorni del Gran Premio, Milano cambia ritmo: la Formula 1 non rimane nei confini dell\u2019Autodromo, ma entra in citt\u00e0, invade i suoi luoghi e le sue strade, coinvolgendo sia i milanesi, sia chi arriva da ogni parte del mondo per assistere al Gran Premio. Il weekend della Formula 1 a Monza \u00e8 uno dei grandi eventi capaci di raccontare il nostro territorio a un pubblico internazionale e per Milano significa offrire occasioni per vivere la citt\u00e0 e rafforzare un modello di turismo che in questi anni ha puntato in modo convinto sui grandi appuntamenti sportivi. Ma significa anche generare un indotto importante e, soprattutto, lavoro. Dietro le presenze, i numeri e l\u2019impatto economico ci sono migliaia di persone che lavorano negli alberghi, nei ristoranti, nei trasporti, nel commercio, nei servizi e nell\u2019organizzazione dell\u2019evento. \u00c8 anche per questo che investire sulla capacit\u00e0 di attrarre grandi eventi significa investire sulla citt\u00e0 e sulle persone che ogni giorno ci lavorano. Quest\u2019anno, poi, c\u2019\u00e8 un motivo di soddisfazione in pi\u00f9: vedere un giovane italiano al comando della classifica mondiale e poterlo accogliere in uno dei luoghi simbolo della storia della Formula 1&#8243;.<\/em><\/p>\n\n\n\n<p class=\"wp-block-paragraph\"><strong>Pietro Meda&nbsp;<br><\/strong><strong>Presidente Automobile Club Milano<\/strong><br><br>\u201c<em>Il Gran Premio d\u2019Italia all\u2019Autodromo Nazionale Monza non \u00e8 soltanto una gara automobilistica: \u00e8 l\u2019evento simbolo della nostra identit\u00e0, della nostra passione e della storia del Motorsport mondiale. Per Automobile Club Milano questo legame ha un significato speciale: Monza \u00e8 \u201ccasa\u201d. Qui, nel 1922, il nostro Club volle e realizz\u00f2 l\u2019Autodromo, dando vita a un\u2019infrastruttura sportiva che \u00e8 diventata un simbolo internazionale e un patrimonio del territorio.&nbsp;Monza non \u00e8 solo un tracciato iconico, ma&nbsp;\u00e8 anche un luogo che parla ai giovani che scoprono qui la passione per i motori e ai talenti che stanno scrivendo il futuro dello sport italiano, con l\u2019orgoglio di vedere l\u2019Italia protagonista. Anche nel 2026 rinnoviamo la stretta collaborazione con il territorio, i Comuni di Monza e di Milano, Regione Lombardia e ACI nazionale, per offrire a tifosi, appassionati e addetti ai lavori un\u2019esperienza sempre pi\u00f9 moderna, sostenibile e all\u2019altezza delle sfide future: siamo pronti ad accogliere il pubblico da tutto il mondo per un altro weekend indimenticabile<\/em>\u201d.<\/p>\n\n\n\n<p class=\"wp-block-paragraph\"><strong>Marco Tronchetti Provera<\/strong><br><strong>Presidente Esecutivo Pirelli<\/strong>&nbsp;<\/p>\n\n\n\n<p class=\"wp-block-paragraph\">\u201c<em>Il rapporto tra Pirelli e Monza affonda le proprie radici nella storia del motorsport. Il primo Gran Premio disputato sul circuito, inaugurato nel 1922, fu vinto da Pietro Bordino su una Fiat 804 equipaggiata con pneumatici Pirelli. Da allora, il Gran Premio d\u2019Italia \u00e8 diventato la gara di casa per l\u2019azienda, che proprio su questo tracciato, lo scorso anno, ha celebrato il traguardo dei 500 Gran Premi di cui 322 dal 2011 ad oggi in continuit\u00e0. Gli pneumatici utilizzati dalle monoposto sui circuiti di tutto il mondo vengono sviluppati e testati indoor a pochi chilometri dall\u2019autodromo, nel nostro centro di ricerca e sviluppo di Milano. Nelle stesse strutture prendono forma anche i prodotti destinati alle vetture stradali che beneficiano delle tecnologie sviluppate in quel laboratorio di innovazione a cielo aperto che \u00e8 la Formula 1. Questo intreccio unico che lega le nostre due realt\u00e0 rende il Gran Premio d\u2019Italia un appuntamento speciale per Pirelli. Per questo abbiamo scelto di rafforzare ulteriormente la nostra presenza nell\u2019evento assumendo, dal 2022, anno del centocinquantesimo anniversario dell\u2019azienda, il ruolo di Title Sponsor. La nostra presenza non si limita alla dimensione sportiva e tecnologica ma trova espressione anche sul piano culturale attraverso un progetto pluriennale sviluppato insieme a Pirelli HangarBicocca che affida ad artisti italiani la realizzazione del trofeo consegnato ai piloti sul podio<\/em>\u201d.<\/p>\n\n\n\n<p class=\"wp-block-paragraph\"><strong>Giuseppe Redaelli&nbsp;<br><\/strong><strong>Presidente Autodromo Nazionale Monza<\/strong><\/p>\n\n\n\n<p class=\"wp-block-paragraph\"><em>\u201cIl nostro impegno \u00e8 accrescere il prestigio del circuito di Monza coniugando la soddisfazione di chi vive il Gran Premio con sostenibilit\u00e0 ambientale, sociale e di gestione. Ai tifosi offriamo, tra le novit\u00e0, alcune tribune di moderna concezione, due nuove aree di ospitalit\u00e0, 45 maxi schermi per vivere ogni momento della gara e un nuovo impianto audio, utile anche in caso di emergenza per raggiungere ogni punto del circuito. Numerose le iniziative per sensibilizzare il pubblico a comportamenti corretti: dalle fontanelle per l\u2019acqua alla Food Donation contro lo spreco alimentare; dalle testimonianze di inclusione nel paddock con PizzAut e con L\u2019Impronta all\u2019 incentivare i giovani a fare sport; dalla campagna \u201cSpeed to Zero\u201d alla illustrazione dei primi risultati concreti- frutto della fattiva e sempre crescente collaborazione con gli Enti del territorio &#8211; nella cura e nel rinnovamento del Parco dopo la tempesta del 2023\u201d.<\/em><\/p>\n","protected":false},"excerpt":{"rendered":"<p>Cresce l\u2019attesa per un Formula 1 Pirelli Gran Premio d\u2019Italia 2026 che si annuncia da record e che, dal 3 al 6 settembre, porter\u00e0 a Monza un pubblico e un\u2019attenzione senza precedenti. L\u2019appuntamento sul circuito brianzolo arriva nel momento pi\u00f9 caldo della stagione, con Kimi Antonelli al comando del Mondiale e una Ferrari competitiva pronta [&hellip;]<\/p>\n","protected":false},"author":2,"featured_media":70862,"comment_status":"open","ping_status":"open","sticky":false,"template":"","format":"standard","meta":{"tdm_status":"","tdm_grid_status":"","footnotes":""},"categories":[7853,293],"tags":[10495,10493,10494],"class_list":["post-70861","post","type-post","status-publish","format-standard","has-post-thumbnail","category-motorsport","category-news","tag-autodromo-monza","tag-formula-1-monza","tag-gp-italia-2026"],"yoast_head":"<!-- This site is optimized with the Yoast SEO plugin v28.0 - https:\/\/yoast.com\/product\/yoast-seo-wordpress\/ -->\n<title>Formula 1 a Monza, GP d\u2019Italia 2026 sold out: il circuito punta a un nuovo record - AbmNews<\/title>\n<meta name=\"robots\" content=\"index, follow, max-snippet:-1, max-image-preview:large, max-video-preview:-1\" \/>\n<link rel=\"canonical\" href=\"https:\/\/www.abmnews.com\/blog\/formula-1-a-monza-gp-ditalia-2026-sold-out-il-circuito-punta-a-un-nuovo-record\/\" \/>\n<meta property=\"og:locale\" content=\"it_IT\" \/>\n<meta property=\"og:type\" content=\"article\" \/>\n<meta property=\"og:title\" content=\"Formula 1 a Monza, GP d\u2019Italia 2026 sold out: il circuito punta a un nuovo record - AbmNews\" \/>\n<meta property=\"og:description\" content=\"Cresce l\u2019attesa per un Formula 1 Pirelli Gran Premio d\u2019Italia 2026 che si annuncia da record e che, dal 3 al 6 settembre, porter\u00e0 a Monza un pubblico e un\u2019attenzione senza precedenti. L\u2019appuntamento sul circuito brianzolo arriva nel momento pi\u00f9 caldo della stagione, con Kimi Antonelli al comando del Mondiale e una Ferrari competitiva pronta [&hellip;]\" \/>\n<meta property=\"og:url\" content=\"https:\/\/www.abmnews.com\/blog\/formula-1-a-monza-gp-ditalia-2026-sold-out-il-circuito-punta-a-un-nuovo-record\/\" \/>\n<meta property=\"og:site_name\" content=\"AbmNews\" \/>\n<meta property=\"article:publisher\" content=\"https:\/\/www.facebook.com\/ABMnews\" \/>\n<meta property=\"article:published_time\" content=\"2026-09-01T11:05:08+00:00\" \/>\n<meta property=\"article:modified_time\" content=\"2026-09-01T11:05:09+00:00\" \/>\n<meta property=\"og:image\" content=\"http:\/\/www.abmnews.com\/blog\/wp-content\/uploads\/2026\/09\/ACI-Presentazione-Monza-2026.jpeg\" \/>\n\t<meta property=\"og:image:width\" content=\"1200\" \/>\n\t<meta property=\"og:image:height\" content=\"900\" \/>\n\t<meta property=\"og:image:type\" content=\"image\/jpeg\" \/>\n<meta name=\"author\" content=\"Redazione\" \/>\n<meta name=\"twitter:card\" content=\"summary_large_image\" \/>\n<meta name=\"twitter:creator\" content=\"@ABMnewscom\" \/>\n<meta name=\"twitter:site\" content=\"@ABMnewscom\" \/>\n<meta name=\"twitter:label1\" content=\"Scritto da\" \/>\n\t<meta name=\"twitter:data1\" content=\"Redazione\" \/>\n\t<meta name=\"twitter:label2\" content=\"Tempo di lettura stimato\" \/>\n\t<meta name=\"twitter:data2\" content=\"9 minuti\" \/>\n<script type=\"application\/ld+json\" class=\"yoast-schema-graph\">{\"@context\":\"https:\\\/\\\/schema.org\",\"@graph\":[{\"@type\":\"Article\",\"@id\":\"https:\\\/\\\/www.abmnews.com\\\/blog\\\/formula-1-a-monza-gp-ditalia-2026-sold-out-il-circuito-punta-a-un-nuovo-record\\\/#article\",\"isPartOf\":{\"@id\":\"https:\\\/\\\/www.abmnews.com\\\/blog\\\/formula-1-a-monza-gp-ditalia-2026-sold-out-il-circuito-punta-a-un-nuovo-record\\\/\"},\"author\":{\"name\":\"Redazione\",\"@id\":\"https:\\\/\\\/www.abmnews.com\\\/blog\\\/#\\\/schema\\\/person\\\/2da21c254d26591b7993648c954826a2\"},\"headline\":\"Formula 1 a Monza, GP d\u2019Italia 2026 sold out: il circuito punta a un nuovo record\",\"datePublished\":\"2026-09-01T11:05:08+00:00\",\"dateModified\":\"2026-09-01T11:05:09+00:00\",\"mainEntityOfPage\":{\"@id\":\"https:\\\/\\\/www.abmnews.com\\\/blog\\\/formula-1-a-monza-gp-ditalia-2026-sold-out-il-circuito-punta-a-un-nuovo-record\\\/\"},\"wordCount\":1624,\"commentCount\":0,\"publisher\":{\"@id\":\"https:\\\/\\\/www.abmnews.com\\\/blog\\\/#organization\"},\"image\":{\"@id\":\"https:\\\/\\\/www.abmnews.com\\\/blog\\\/formula-1-a-monza-gp-ditalia-2026-sold-out-il-circuito-punta-a-un-nuovo-record\\\/#primaryimage\"},\"thumbnailUrl\":\"http:\\\/\\\/www.abmnews.com\\\/blog\\\/wp-content\\\/uploads\\\/2026\\\/09\\\/ACI-Presentazione-Monza-2026.jpeg\",\"keywords\":[\"Autodromo Monza\",\"Formula 1 Monza\",\"GP Italia 2026\"],\"articleSection\":[\"Motorsport\",\"News\"],\"inLanguage\":\"it-IT\",\"potentialAction\":[{\"@type\":\"CommentAction\",\"name\":\"Comment\",\"target\":[\"https:\\\/\\\/www.abmnews.com\\\/blog\\\/formula-1-a-monza-gp-ditalia-2026-sold-out-il-circuito-punta-a-un-nuovo-record\\\/#respond\"]}]},{\"@type\":\"WebPage\",\"@id\":\"https:\\\/\\\/www.abmnews.com\\\/blog\\\/formula-1-a-monza-gp-ditalia-2026-sold-out-il-circuito-punta-a-un-nuovo-record\\\/\",\"url\":\"https:\\\/\\\/www.abmnews.com\\\/blog\\\/formula-1-a-monza-gp-ditalia-2026-sold-out-il-circuito-punta-a-un-nuovo-record\\\/\",\"name\":\"Formula 1 a Monza, GP d\u2019Italia 2026 sold out: il circuito punta a un nuovo record - AbmNews\",\"isPartOf\":{\"@id\":\"https:\\\/\\\/www.abmnews.com\\\/blog\\\/#website\"},\"primaryImageOfPage\":{\"@id\":\"https:\\\/\\\/www.abmnews.com\\\/blog\\\/formula-1-a-monza-gp-ditalia-2026-sold-out-il-circuito-punta-a-un-nuovo-record\\\/#primaryimage\"},\"image\":{\"@id\":\"https:\\\/\\\/www.abmnews.com\\\/blog\\\/formula-1-a-monza-gp-ditalia-2026-sold-out-il-circuito-punta-a-un-nuovo-record\\\/#primaryimage\"},\"thumbnailUrl\":\"http:\\\/\\\/www.abmnews.com\\\/blog\\\/wp-content\\\/uploads\\\/2026\\\/09\\\/ACI-Presentazione-Monza-2026.jpeg\",\"datePublished\":\"2026-09-01T11:05:08+00:00\",\"dateModified\":\"2026-09-01T11:05:09+00:00\",\"breadcrumb\":{\"@id\":\"https:\\\/\\\/www.abmnews.com\\\/blog\\\/formula-1-a-monza-gp-ditalia-2026-sold-out-il-circuito-punta-a-un-nuovo-record\\\/#breadcrumb\"},\"inLanguage\":\"it-IT\",\"potentialAction\":[{\"@type\":\"ReadAction\",\"target\":[\"https:\\\/\\\/www.abmnews.com\\\/blog\\\/formula-1-a-monza-gp-ditalia-2026-sold-out-il-circuito-punta-a-un-nuovo-record\\\/\"]}]},{\"@type\":\"ImageObject\",\"inLanguage\":\"it-IT\",\"@id\":\"https:\\\/\\\/www.abmnews.com\\\/blog\\\/formula-1-a-monza-gp-ditalia-2026-sold-out-il-circuito-punta-a-un-nuovo-record\\\/#primaryimage\",\"url\":\"http:\\\/\\\/www.abmnews.com\\\/blog\\\/wp-content\\\/uploads\\\/2026\\\/09\\\/ACI-Presentazione-Monza-2026.jpeg\",\"contentUrl\":\"http:\\\/\\\/www.abmnews.com\\\/blog\\\/wp-content\\\/uploads\\\/2026\\\/09\\\/ACI-Presentazione-Monza-2026.jpeg\",\"width\":1200,\"height\":900},{\"@type\":\"BreadcrumbList\",\"@id\":\"https:\\\/\\\/www.abmnews.com\\\/blog\\\/formula-1-a-monza-gp-ditalia-2026-sold-out-il-circuito-punta-a-un-nuovo-record\\\/#breadcrumb\",\"itemListElement\":[{\"@type\":\"ListItem\",\"position\":1,\"name\":\"Home\",\"item\":\"https:\\\/\\\/www.abmnews.com\\\/blog\\\/\"},{\"@type\":\"ListItem\",\"position\":2,\"name\":\"Formula 1 a Monza, GP d\u2019Italia 2026 sold out: il circuito punta a un nuovo record\"}]},{\"@type\":\"WebSite\",\"@id\":\"https:\\\/\\\/www.abmnews.com\\\/blog\\\/#website\",\"url\":\"https:\\\/\\\/www.abmnews.com\\\/blog\\\/\",\"name\":\"AbmNews\",\"description\":\"\",\"publisher\":{\"@id\":\"https:\\\/\\\/www.abmnews.com\\\/blog\\\/#organization\"},\"potentialAction\":[{\"@type\":\"SearchAction\",\"target\":{\"@type\":\"EntryPoint\",\"urlTemplate\":\"https:\\\/\\\/www.abmnews.com\\\/blog\\\/?s={search_term_string}\"},\"query-input\":{\"@type\":\"PropertyValueSpecification\",\"valueRequired\":true,\"valueName\":\"search_term_string\"}}],\"inLanguage\":\"it-IT\"},{\"@type\":\"Organization\",\"@id\":\"https:\\\/\\\/www.abmnews.com\\\/blog\\\/#organization\",\"name\":\"AbmNews\",\"url\":\"https:\\\/\\\/www.abmnews.com\\\/blog\\\/\",\"logo\":{\"@type\":\"ImageObject\",\"inLanguage\":\"it-IT\",\"@id\":\"https:\\\/\\\/www.abmnews.com\\\/blog\\\/#\\\/schema\\\/logo\\\/image\\\/\",\"url\":\"http:\\\/\\\/www.abmnews.com\\\/blog\\\/wp-content\\\/uploads\\\/2026\\\/01\\\/logoabmnews544x180.png\",\"contentUrl\":\"http:\\\/\\\/www.abmnews.com\\\/blog\\\/wp-content\\\/uploads\\\/2026\\\/01\\\/logoabmnews544x180.png\",\"width\":544,\"height\":180,\"caption\":\"AbmNews\"},\"image\":{\"@id\":\"https:\\\/\\\/www.abmnews.com\\\/blog\\\/#\\\/schema\\\/logo\\\/image\\\/\"},\"sameAs\":[\"https:\\\/\\\/www.facebook.com\\\/ABMnews\",\"https:\\\/\\\/x.com\\\/ABMnewscom\",\"https:\\\/\\\/www.instagram.com\\\/abmnewsblog\"]},{\"@type\":\"Person\",\"@id\":\"https:\\\/\\\/www.abmnews.com\\\/blog\\\/#\\\/schema\\\/person\\\/2da21c254d26591b7993648c954826a2\",\"name\":\"Redazione\",\"image\":{\"@type\":\"ImageObject\",\"inLanguage\":\"it-IT\",\"@id\":\"https:\\\/\\\/secure.gravatar.com\\\/avatar\\\/888b71ec1a1241930daa72f4c66b40f2390ac7ac3003b2cea4bbb235380b9dc2?s=96&d=mm&r=g\",\"url\":\"https:\\\/\\\/secure.gravatar.com\\\/avatar\\\/888b71ec1a1241930daa72f4c66b40f2390ac7ac3003b2cea4bbb235380b9dc2?s=96&d=mm&r=g\",\"contentUrl\":\"https:\\\/\\\/secure.gravatar.com\\\/avatar\\\/888b71ec1a1241930daa72f4c66b40f2390ac7ac3003b2cea4bbb235380b9dc2?s=96&d=mm&r=g\",\"caption\":\"Redazione\"},\"url\":\"http:\\\/\\\/www.abmnews.com\\\/blog\\\/author\\\/redazione\\\/\"}]}<\/script>\n<!-- \/ Yoast SEO plugin. -->","yoast_head_json":{"title":"Formula 1 a Monza, GP d\u2019Italia 2026 sold out: il circuito punta a un nuovo record - AbmNews","robots":{"index":"index","follow":"follow","max-snippet":"max-snippet:-1","max-image-preview":"max-image-preview:large","max-video-preview":"max-video-preview:-1"},"canonical":"https:\/\/www.abmnews.com\/blog\/formula-1-a-monza-gp-ditalia-2026-sold-out-il-circuito-punta-a-un-nuovo-record\/","og_locale":"it_IT","og_type":"article","og_title":"Formula 1 a Monza, GP d\u2019Italia 2026 sold out: il circuito punta a un nuovo record - AbmNews","og_description":"Cresce l\u2019attesa per un Formula 1 Pirelli Gran Premio d\u2019Italia 2026 che si annuncia da record e che, dal 3 al 6 settembre, porter\u00e0 a Monza un pubblico e un\u2019attenzione senza precedenti. L\u2019appuntamento sul circuito brianzolo arriva nel momento pi\u00f9 caldo della stagione, con Kimi Antonelli al comando del Mondiale e una Ferrari competitiva pronta [&hellip;]","og_url":"https:\/\/www.abmnews.com\/blog\/formula-1-a-monza-gp-ditalia-2026-sold-out-il-circuito-punta-a-un-nuovo-record\/","og_site_name":"AbmNews","article_publisher":"https:\/\/www.facebook.com\/ABMnews","article_published_time":"2026-09-01T11:05:08+00:00","article_modified_time":"2026-09-01T11:05:09+00:00","og_image":[{"width":1200,"height":900,"url":"http:\/\/www.abmnews.com\/blog\/wp-content\/uploads\/2026\/09\/ACI-Presentazione-Monza-2026.jpeg","type":"image\/jpeg"}],"author":"Redazione","twitter_card":"summary_large_image","twitter_creator":"@ABMnewscom","twitter_site":"@ABMnewscom","twitter_misc":{"Scritto da":"Redazione","Tempo di lettura stimato":"9 minuti"},"schema":{"@context":"https:\/\/schema.org","@graph":[{"@type":"Article","@id":"https:\/\/www.abmnews.com\/blog\/formula-1-a-monza-gp-ditalia-2026-sold-out-il-circuito-punta-a-un-nuovo-record\/#article","isPartOf":{"@id":"https:\/\/www.abmnews.com\/blog\/formula-1-a-monza-gp-ditalia-2026-sold-out-il-circuito-punta-a-un-nuovo-record\/"},"author":{"name":"Redazione","@id":"https:\/\/www.abmnews.com\/blog\/#\/schema\/person\/2da21c254d26591b7993648c954826a2"},"headline":"Formula 1 a Monza, GP d\u2019Italia 2026 sold out: il circuito punta a un nuovo record","datePublished":"2026-09-01T11:05:08+00:00","dateModified":"2026-09-01T11:05:09+00:00","mainEntityOfPage":{"@id":"https:\/\/www.abmnews.com\/blog\/formula-1-a-monza-gp-ditalia-2026-sold-out-il-circuito-punta-a-un-nuovo-record\/"},"wordCount":1624,"commentCount":0,"publisher":{"@id":"https:\/\/www.abmnews.com\/blog\/#organization"},"image":{"@id":"https:\/\/www.abmnews.com\/blog\/formula-1-a-monza-gp-ditalia-2026-sold-out-il-circuito-punta-a-un-nuovo-record\/#primaryimage"},"thumbnailUrl":"http:\/\/www.abmnews.com\/blog\/wp-content\/uploads\/2026\/09\/ACI-Presentazione-Monza-2026.jpeg","keywords":["Autodromo Monza","Formula 1 Monza","GP Italia 2026"],"articleSection":["Motorsport","News"],"inLanguage":"it-IT","potentialAction":[{"@type":"CommentAction","name":"Comment","target":["https:\/\/www.abmnews.com\/blog\/formula-1-a-monza-gp-ditalia-2026-sold-out-il-circuito-punta-a-un-nuovo-record\/#respond"]}]},{"@type":"WebPage","@id":"https:\/\/www.abmnews.com\/blog\/formula-1-a-monza-gp-ditalia-2026-sold-out-il-circuito-punta-a-un-nuovo-record\/","url":"https:\/\/www.abmnews.com\/blog\/formula-1-a-monza-gp-ditalia-2026-sold-out-il-circuito-punta-a-un-nuovo-record\/","name":"Formula 1 a Monza, GP d\u2019Italia 2026 sold out: il circuito punta a un nuovo record - AbmNews","isPartOf":{"@id":"https:\/\/www.abmnews.com\/blog\/#website"},"primaryImageOfPage":{"@id":"https:\/\/www.abmnews.com\/blog\/formula-1-a-monza-gp-ditalia-2026-sold-out-il-circuito-punta-a-un-nuovo-record\/#primaryimage"},"image":{"@id":"https:\/\/www.abmnews.com\/blog\/formula-1-a-monza-gp-ditalia-2026-sold-out-il-circuito-punta-a-un-nuovo-record\/#primaryimage"},"thumbnailUrl":"http:\/\/www.abmnews.com\/blog\/wp-content\/uploads\/2026\/09\/ACI-Presentazione-Monza-2026.jpeg","datePublished":"2026-09-01T11:05:08+00:00","dateModified":"2026-09-01T11:05:09+00:00","breadcrumb":{"@id":"https:\/\/www.abmnews.com\/blog\/formula-1-a-monza-gp-ditalia-2026-sold-out-il-circuito-punta-a-un-nuovo-record\/#breadcrumb"},"inLanguage":"it-IT","potentialAction":[{"@type":"ReadAction","target":["https:\/\/www.abmnews.com\/blog\/formula-1-a-monza-gp-ditalia-2026-sold-out-il-circuito-punta-a-un-nuovo-record\/"]}]},{"@type":"ImageObject","inLanguage":"it-IT","@id":"https:\/\/www.abmnews.com\/blog\/formula-1-a-monza-gp-ditalia-2026-sold-out-il-circuito-punta-a-un-nuovo-record\/#primaryimage","url":"http:\/\/www.abmnews.com\/blog\/wp-content\/uploads\/2026\/09\/ACI-Presentazione-Monza-2026.jpeg","contentUrl":"http:\/\/www.abmnews.com\/blog\/wp-content\/uploads\/2026\/09\/ACI-Presentazione-Monza-2026.jpeg","width":1200,"height":900},{"@type":"BreadcrumbList","@id":"https:\/\/www.abmnews.com\/blog\/formula-1-a-monza-gp-ditalia-2026-sold-out-il-circuito-punta-a-un-nuovo-record\/#breadcrumb","itemListElement":[{"@type":"ListItem","position":1,"name":"Home","item":"https:\/\/www.abmnews.com\/blog\/"},{"@type":"ListItem","position":2,"name":"Formula 1 a Monza, GP d\u2019Italia 2026 sold out: il circuito punta a un nuovo record"}]},{"@type":"WebSite","@id":"https:\/\/www.abmnews.com\/blog\/#website","url":"https:\/\/www.abmnews.com\/blog\/","name":"AbmNews","description":"","publisher":{"@id":"https:\/\/www.abmnews.com\/blog\/#organization"},"potentialAction":[{"@type":"SearchAction","target":{"@type":"EntryPoint","urlTemplate":"https:\/\/www.abmnews.com\/blog\/?s={search_term_string}"},"query-input":{"@type":"PropertyValueSpecification","valueRequired":true,"valueName":"search_term_string"}}],"inLanguage":"it-IT"},{"@type":"Organization","@id":"https:\/\/www.abmnews.com\/blog\/#organization","name":"AbmNews","url":"https:\/\/www.abmnews.com\/blog\/","logo":{"@type":"ImageObject","inLanguage":"it-IT","@id":"https:\/\/www.abmnews.com\/blog\/#\/schema\/logo\/image\/","url":"http:\/\/www.abmnews.com\/blog\/wp-content\/uploads\/2026\/01\/logoabmnews544x180.png","contentUrl":"http:\/\/www.abmnews.com\/blog\/wp-content\/uploads\/2026\/01\/logoabmnews544x180.png","width":544,"height":180,"caption":"AbmNews"},"image":{"@id":"https:\/\/www.abmnews.com\/blog\/#\/schema\/logo\/image\/"},"sameAs":["https:\/\/www.facebook.com\/ABMnews","https:\/\/x.com\/ABMnewscom","https:\/\/www.instagram.com\/abmnewsblog"]},{"@type":"Person","@id":"https:\/\/www.abmnews.com\/blog\/#\/schema\/person\/2da21c254d26591b7993648c954826a2","name":"Redazione","image":{"@type":"ImageObject","inLanguage":"it-IT","@id":"https:\/\/secure.gravatar.com\/avatar\/888b71ec1a1241930daa72f4c66b40f2390ac7ac3003b2cea4bbb235380b9dc2?s=96&d=mm&r=g","url":"https:\/\/secure.gravatar.com\/avatar\/888b71ec1a1241930daa72f4c66b40f2390ac7ac3003b2cea4bbb235380b9dc2?s=96&d=mm&r=g","contentUrl":"https:\/\/secure.gravatar.com\/avatar\/888b71ec1a1241930daa72f4c66b40f2390ac7ac3003b2cea4bbb235380b9dc2?s=96&d=mm&r=g","caption":"Redazione"},"url":"http:\/\/www.abmnews.com\/blog\/author\/redazione\/"}]}},"_links":{"self":[{"href":"http:\/\/www.abmnews.com\/blog\/wp-json\/wp\/v2\/posts\/70861","targetHints":{"allow":["GET"]}}],"collection":[{"href":"http:\/\/www.abmnews.com\/blog\/wp-json\/wp\/v2\/posts"}],"about":[{"href":"http:\/\/www.abmnews.com\/blog\/wp-json\/wp\/v2\/types\/post"}],"author":[{"embeddable":true,"href":"http:\/\/www.abmnews.com\/blog\/wp-json\/wp\/v2\/users\/2"}],"replies":[{"embeddable":true,"href":"http:\/\/www.abmnews.com\/blog\/wp-json\/wp\/v2\/comments?post=70861"}],"version-history":[{"count":1,"href":"http:\/\/www.abmnews.com\/blog\/wp-json\/wp\/v2\/posts\/70861\/revisions"}],"predecessor-version":[{"id":70863,"href":"http:\/\/www.abmnews.com\/blog\/wp-json\/wp\/v2\/posts\/70861\/revisions\/70863"}],"wp:featuredmedia":[{"embeddable":true,"href":"http:\/\/www.abmnews.com\/blog\/wp-json\/wp\/v2\/media\/70862"}],"wp:attachment":[{"href":"http:\/\/www.abmnews.com\/blog\/wp-json\/wp\/v2\/media?parent=70861"}],"wp:term":[{"taxonomy":"category","embeddable":true,"href":"http:\/\/www.abmnews.com\/blog\/wp-json\/wp\/v2\/categories?post=70861"},{"taxonomy":"post_tag","embeddable":true,"href":"http:\/\/www.abmnews.com\/blog\/wp-json\/wp\/v2\/tags?post=70861"}],"curies":[{"name":"wp","href":"https:\/\/api.w.org\/{rel}","templated":true}]}}