{"id":15434,"date":"2015-02-18T13:14:45","date_gmt":"2015-02-18T11:14:45","guid":{"rendered":"http:\/\/www.abmnews.com\/blog\/?p=15434"},"modified":"2015-02-18T13:14:45","modified_gmt":"2015-02-18T11:14:45","slug":"ginevra-2015-anteprima-per-la-nuova-sharan","status":"publish","type":"post","link":"https:\/\/www.abmnews.com\/blog\/ginevra-2015-anteprima-per-la-nuova-sharan\/","title":{"rendered":"Ginevra 2015: Anteprima per la nuova  Sharan"},"content":{"rendered":"<p><a href=\"http:\/\/www.abmnews.com\/blog\/wp-content\/uploads\/16.jpg\"><img loading=\"lazy\" decoding=\"async\" src=\"http:\/\/www.abmnews.com\/blog\/wp-content\/uploads\/16-300x204.jpg\" alt=\"\" title=\"1\" width=\"300\" height=\"204\" class=\"alignleft size-medium wp-image-15435\" \/><\/a><br \/>\nAl prossimo Salone Internazionale dell\u2019Automobile di Ginevra (dal 3 al 15 marzo), la Volkswagen presenta un significativo aggiornamento tecnico della Sharan, che al suo attivo vanta oltre 800.000 esemplari venduti. Tra le novit\u00e0 a bordo, numerosi dispositivi comfort e sistemi di assistenza, alcuni dei quali unici per il segmento. La Volkswagen ha inoltre aggiornato completamente la gamma dei sistemi di infotainment che offrono il massimo della connettivit\u00e0; per la prima volta sono disponibili a richiesta anche MirrorLinkTM, CarPlay (Apple) e Android Auto (Google). <!--more-->I potenti ed efficienti motori benzina TSI e Turbodiesel TDI sono stati completamente rinnovati. Tutti sovralimentati e a iniezione diretta, sono diventati fino al 15% pi\u00f9 parchi nei consumi e soddisfano ora la norma sui gas di scarico Euro 6. I due nuovi TSI erogano rispettivamente 150 e 220 CV di potenza (quest\u2019ultimo +20 CV rispetto al precedente). I tre nuovi TDI vengono offerti con potenze di 115, 150 (+10 CV) e 184 CV (+7 CV). A eccezione del TDI meno potente, tutti i propulsori possono essere abbinati a un agile cambio a doppia frizione DSG a 6 rapporti che dispone ora della funzione di avanzamento per inerzia, il cosiddetto \u201cveleggiamento\u201d (disaccoppia il motore quando viene sollevato il piede dal pedale dell\u2019acceleratore, particolarmente utile nell\u2019ottica del contenimento dei consumi). Nel caso della motorizzazione top di gamma 220 CV, il DSG \u00e8 di serie. Inoltre, il TDI 150 CV viene proposto, in alternativa, in abbinamento alla trazione integrale 4Motion.<br \/>\nNuovi sistemi di assistenza alla guida. Un nuovo primato per il segmento viene raggiunto grazie ai nuovi sistemi di assistenza alla guida della Sharan. A bordo \u00e8 presente di serie la frenata anti collisione multipla. A richiesta, invece, \u00e8 disponibile il sistema di controllo perimetrale Front Assist che avvisa il guidatore quando viene raggiunta una distanza di sicurezza critica e, all\u2019occorrenza, interviene frenando. La funzione di frenata di emergenza City, integrata nel sistema, lavora invece a velocit\u00e0 fino a 30 km\/h e avvia automaticamente la frenata di emergenza in caso di imminente collisione. Per la prima volta, sulla monovolume Volkswagen \u00e8 disponibile anche il cruise control con regolazione automatica della distanza ACC. D\u2019ora in poi, anche per le versioni con cambio manuale, il freno di stazionamento elettronico verr\u00e0 completato di serie con la funzione Auto-Hold. Sul fronte degli equipaggiamenti a richiesta, nuovi sono anche: dispositivo di assistenza al parcheggio di terza generazione (entrata e uscita dal parcheggio assistite) e sensore Blind Spot (in caso di cambio di corsia, avvisa della presenza di veicoli nell\u2019angolo cieco) con assistenza all\u2019uscita dal parcheggio (in caso di uscita dal parcheggio in retromarcia, avvisa della presenza di veicoli che si avvicinano trasversalmente).<br \/>\nEsterni e interni ottimizzati. Gli esterni della Sharan sono stati arricchiti. A livello del posteriore, i gruppi ottici, realizzati ora con tecnologia LED, vantano un design inconfondibile. Sono disponibili una gamma pi\u00f9 ampia di cerchi, comprendente tra gli altri, quelli nuovi in lega leggera da 16 pollici Jakarta, e due nuovi colori carrozzeria (Hudson Bay Blue Metallic e Crimson Red Metallic). Anche l\u2019abitacolo \u00e8 stato perfezionato: tre nuovi inserti decorativi, Argento Platino (Trendline), Piano Black (Highline) e Rovere Specchio (optional per Comfortline e Highline), impreziosiscono la plancia e le porte. Nuovi volanti e funzione di massaggio per i sedili regolabili in 12 posizioni (disponibili a richiesta) ottimizzano l\u2019ergonomia degli interni. Inoltre, la Sharan pu\u00f2 essere ordinata con rivestimenti in pregiata pelle Vienna che si distingue per l\u2019esclusiva goffratura.<br \/>\nPiattaforma modulare di infotainment di seconda generazione.<br \/>\nCome gi\u00e0 accennato, la gamma dei sistemi radio e di radio-navigazione \u00e8 stata completamente rinnovata; analogamente a nuovi modelli come la Passat, anche sulla Sharan verr\u00e0 ora adottata la seconda generazione della piattaforma modulare di infotainment (MIB). I dispositivi touchscreen offerti per la monovolume garantiscono il massimo della connettivit\u00e0. La Sharan sar\u00e0 infatti una delle prime Volkswagen a poter essere dotata dell\u2019App Connect. Grazie a MirrorLinkTM, Android Auto (Google) e CarPlay (Apple), nei nuovi sistemi di infotainment possono essere visualizzate le pi\u00f9 svariate App. I sistemi vantano inoltre processori veloci (boot ottimizzati, calcolo veloce dei percorsi, prestazioni del touchscreen ottimali) e display ad alta risoluzione (nel caso dei sistemi da 6,5 pollici). La Sharan viene offerta con il sistema da 5 pollici Composition Colour e con i sistemi da 6,5 pollici Composition Media e Discover Media (pi\u00f9 navigazione).<br \/>\nCapolavoro di spaziosit\u00e0 e versatilit\u00e0. La Sharan, dotata di serie di due porte posteriori scorrevoli, \u00e8 una delle monovolume di maggior successo della sua categoria. Uno dei motivi \u00e8 la spiccata versatilit\u00e0 e lo straordinario spazio a disposizione. La Sharan vanta tre configurazioni base per gli interni con cinque, sei o sette posti a sedere. I sedili singoli della seconda e terza fila, grazie alla funzione Easy Fold, possono essere ripiegati nel pianale della vettura tramite un meccanismo di ribaltamento facile da utilizzare per sfruttarne tutta la versatilit\u00e0. Per i sedili posteriori della seconda fila \u00e8 inoltre possibile regolare lo spostamento in senso longitudinale e l\u2019inclinazione dello schienale di 20 gradi. Dotazioni come due seggiolini per bambini integrati, fino a nove airbag e 2.430 litri di volume massimo di carico sono altre caratteristiche di valore della Sharan.<br \/>\nGrande successo in Asia e in Europa. Forte della sua straordinaria versatilit\u00e0, l\u2019attuale generazione ha gi\u00e0 al suo attivo oltre 200.000 esemplari venduti; dal lancio sul mercato della Sharan sono stati complessivamente oltre 800.000 gli automobilisti che hanno scelto questa monovolume della Volkswagen. La sua versatilit\u00e0 permette alla Sharan di adattarsi perfettamente, anche nella sua ultima versione, alle pi\u00f9 svariate esigenze dei Clienti e agli impieghi pi\u00f9 disparati. Interessante notare che in uno dei mercati a pi\u00f9 elevato volume di vendite per la Sharan, la Cina, la monovolume viene impiegata principalmente come spazioso e prestigioso veicolo di rappresentanza. In Germania \u2013 il mercato pi\u00f9 importante \u2013 sono invece le famiglie a preferire la Sharan. Germania e Cina sono seguite da Gran Bretagna, Austria, Giappone e Francia come mercati di maggior successo in termini di vendite per la fortunata monovolume della Volkswagen.<br \/>\nDue modelli speciali al debutto. Al lancio sul mercato, la Volkswagen, a completamento delle linee di allestimento Trendline, Comfortline e Highline, fa scendere in campo due modelli speciali dall\u2019esclusiva personalizzazione: la Sharan Ocean e la Sharan Beach. Vernice Hudson Bay Blue Metallic (Ocean) o Crimson Red (Beach): questi i due nuovi colori che debuttano in esclusiva con i modelli speciali. Ad arricchire la gamma degli allestimenti esterni, tra gli altri, i cerchi in lega leggera da 16 pollici Jakarta dal nuovo design e i mancorrenti color argento. Inoltre, le due versioni esclusive dispongono di serie dei seguenti sistemi di assistenza: cruise control adattivo ACC, sensore Blind Spot pi\u00f9 assistenza all\u2019uscita dal parcheggio, Lane Assist per il mantenimento della corsia e dispositivo di assistenza al parcheggio (Park Assist incluso Park Pilot). Sempre nella dotazione di serie rientrano rivestimenti dei sedili realizzati appositamente con cuciture in contrasto in abbinamento al colore della carrozzeria, volante multifunzione e rivestimento della leva del cambio con cuciture decorative abbinate, porte scorrevoli elettriche nel vano posteriore e climatizzatore automatico Climatronic. Il tutto viene impreziosito con la rispettiva targhetta del modello speciale sui parafanghi, il logo Ocean o Beach sull\u2019inserto decorativo della plancia sul lato passeggero e i listelli battitacco con il rispettivo logo. Il lancio sul mercato europeo della nuova Sharan \u00e8 previsto per il mese di luglio; in Germania la prevendita inizier\u00e0 gi\u00e0 ad aprile.<br \/>\n<div id='gallery-1' class='gallery galleryid-15434 gallery-columns-3 gallery-size-thumbnail'><figure class='gallery-item'>\n\t\t\t<div class='gallery-icon landscape'>\n\t\t\t\t<a href='https:\/\/www.abmnews.com\/blog\/ginevra-2015-anteprima-per-la-nuova-sharan\/1-7\/'><img loading=\"lazy\" decoding=\"async\" width=\"150\" height=\"150\" src=\"https:\/\/www.abmnews.com\/blog\/wp-content\/uploads\/2015\/02\/16-150x150.jpg\" class=\"attachment-thumbnail size-thumbnail\" alt=\"\" \/><\/a>\n\t\t\t<\/div><\/figure><figure class='gallery-item'>\n\t\t\t<div class='gallery-icon landscape'>\n\t\t\t\t<a href='https:\/\/www.abmnews.com\/blog\/ginevra-2015-anteprima-per-la-nuova-sharan\/1-8\/'><img loading=\"lazy\" decoding=\"async\" width=\"150\" height=\"150\" src=\"https:\/\/www.abmnews.com\/blog\/wp-content\/uploads\/2015\/02\/17-150x150.jpg\" class=\"attachment-thumbnail size-thumbnail\" alt=\"\" \/><\/a>\n\t\t\t<\/div><\/figure><figure class='gallery-item'>\n\t\t\t<div class='gallery-icon landscape'>\n\t\t\t\t<a href='https:\/\/www.abmnews.com\/blog\/ginevra-2015-anteprima-per-la-nuova-sharan\/2-9\/'><img loading=\"lazy\" decoding=\"async\" width=\"150\" height=\"150\" src=\"https:\/\/www.abmnews.com\/blog\/wp-content\/uploads\/2015\/02\/29-150x150.jpg\" class=\"attachment-thumbnail size-thumbnail\" alt=\"\" \/><\/a>\n\t\t\t<\/div><\/figure><figure class='gallery-item'>\n\t\t\t<div class='gallery-icon landscape'>\n\t\t\t\t<a href='https:\/\/www.abmnews.com\/blog\/ginevra-2015-anteprima-per-la-nuova-sharan\/3-2\/'><img loading=\"lazy\" decoding=\"async\" width=\"150\" height=\"150\" src=\"https:\/\/www.abmnews.com\/blog\/wp-content\/uploads\/2015\/02\/31-150x150.jpg\" class=\"attachment-thumbnail size-thumbnail\" alt=\"\" \/><\/a>\n\t\t\t<\/div><\/figure><figure class='gallery-item'>\n\t\t\t<div class='gallery-icon landscape'>\n\t\t\t\t<a href='https:\/\/www.abmnews.com\/blog\/ginevra-2015-anteprima-per-la-nuova-sharan\/4-3\/'><img loading=\"lazy\" decoding=\"async\" width=\"150\" height=\"150\" src=\"https:\/\/www.abmnews.com\/blog\/wp-content\/uploads\/2015\/02\/42-150x150.jpg\" class=\"attachment-thumbnail size-thumbnail\" alt=\"\" \/><\/a>\n\t\t\t<\/div><\/figure><figure class='gallery-item'>\n\t\t\t<div class='gallery-icon landscape'>\n\t\t\t\t<a href='https:\/\/www.abmnews.com\/blog\/ginevra-2015-anteprima-per-la-nuova-sharan\/5-2\/'><img loading=\"lazy\" decoding=\"async\" width=\"150\" height=\"150\" src=\"https:\/\/www.abmnews.com\/blog\/wp-content\/uploads\/2015\/02\/51-150x150.jpg\" class=\"attachment-thumbnail size-thumbnail\" alt=\"\" \/><\/a>\n\t\t\t<\/div><\/figure><figure class='gallery-item'>\n\t\t\t<div class='gallery-icon landscape'>\n\t\t\t\t<a href='https:\/\/www.abmnews.com\/blog\/ginevra-2015-anteprima-per-la-nuova-sharan\/6-4\/'><img loading=\"lazy\" decoding=\"async\" width=\"150\" height=\"150\" src=\"https:\/\/www.abmnews.com\/blog\/wp-content\/uploads\/2015\/02\/62-150x150.jpg\" class=\"attachment-thumbnail size-thumbnail\" alt=\"\" \/><\/a>\n\t\t\t<\/div><\/figure><figure class='gallery-item'>\n\t\t\t<div class='gallery-icon landscape'>\n\t\t\t\t<a href='https:\/\/www.abmnews.com\/blog\/ginevra-2015-anteprima-per-la-nuova-sharan\/attachment\/7\/'><img loading=\"lazy\" decoding=\"async\" width=\"150\" height=\"150\" src=\"https:\/\/www.abmnews.com\/blog\/wp-content\/uploads\/2015\/02\/71-150x150.jpg\" class=\"attachment-thumbnail size-thumbnail\" alt=\"\" \/><\/a>\n\t\t\t<\/div><\/figure>\n\t\t<\/div>\n<\/p>\n","protected":false},"excerpt":{"rendered":"<p>Al prossimo Salone Internazionale dell\u2019Automobile di Ginevra (dal 3 al 15 marzo), la Volkswagen presenta un significativo aggiornamento tecnico della Sharan, che al suo attivo vanta oltre 800.000 esemplari venduti. Tra le novit\u00e0 a bordo, numerosi dispositivi comfort e sistemi di assistenza, alcuni dei quali unici per il segmento. La Volkswagen ha inoltre aggiornato completamente [&hellip;]<\/p>\n","protected":false},"author":2,"featured_media":0,"comment_status":"closed","ping_status":"open","sticky":false,"template":"","format":"standard","meta":{"tdm_status":"","tdm_grid_status":"","footnotes":""},"categories":[226,269,262,347,351],"tags":[],"class_list":["post-15434","post","type-post","status-publish","format-standard","category-85-salone-internazionale-dellautomobile-di-ginevra-2015","category-marche-auto","category-novita","category-volkswagen","category-wwwsalon-autoch"],"yoast_head":"<!-- This site is optimized with the Yoast SEO plugin v28.0 - https:\/\/yoast.com\/product\/yoast-seo-wordpress\/ -->\n<title>Ginevra 2015: Anteprima per la nuova Sharan - AbmNews<\/title>\n<meta name=\"robots\" content=\"index, follow, max-snippet:-1, max-image-preview:large, max-video-preview:-1\" \/>\n<link rel=\"canonical\" href=\"http:\/\/www.abmnews.com\/blog\/ginevra-2015-anteprima-per-la-nuova-sharan\/\" \/>\n<meta property=\"og:locale\" content=\"it_IT\" \/>\n<meta property=\"og:type\" content=\"article\" \/>\n<meta property=\"og:title\" content=\"Ginevra 2015: Anteprima per la nuova Sharan - AbmNews\" \/>\n<meta property=\"og:description\" content=\"Al prossimo Salone Internazionale dell\u2019Automobile di Ginevra (dal 3 al 15 marzo), la Volkswagen presenta un significativo aggiornamento tecnico della Sharan, che al suo attivo vanta oltre 800.000 esemplari venduti. Tra le novit\u00e0 a bordo, numerosi dispositivi comfort e sistemi di assistenza, alcuni dei quali unici per il segmento. La Volkswagen ha inoltre aggiornato completamente [&hellip;]\" \/>\n<meta property=\"og:url\" content=\"http:\/\/www.abmnews.com\/blog\/ginevra-2015-anteprima-per-la-nuova-sharan\/\" \/>\n<meta property=\"og:site_name\" content=\"AbmNews\" \/>\n<meta property=\"article:publisher\" content=\"https:\/\/www.facebook.com\/ABMnews\" \/>\n<meta property=\"article:published_time\" content=\"2015-02-18T11:14:45+00:00\" \/>\n<meta property=\"og:image\" content=\"http:\/\/www.abmnews.com\/blog\/wp-content\/uploads\/2015\/02\/16-150x150.jpg\" \/>\n<meta name=\"author\" content=\"Redazione\" \/>\n<meta name=\"twitter:card\" content=\"summary_large_image\" \/>\n<meta name=\"twitter:creator\" content=\"@ABMnewscom\" \/>\n<meta name=\"twitter:site\" content=\"@ABMnewscom\" \/>\n<meta name=\"twitter:label1\" content=\"Scritto da\" \/>\n\t<meta name=\"twitter:data1\" content=\"Redazione\" \/>\n\t<meta name=\"twitter:label2\" content=\"Tempo di lettura stimato\" \/>\n\t<meta name=\"twitter:data2\" content=\"6 minuti\" \/>\n<script type=\"application\/ld+json\" class=\"yoast-schema-graph\">{\"@context\":\"https:\\\/\\\/schema.org\",\"@graph\":[{\"@type\":\"Article\",\"@id\":\"http:\\\/\\\/www.abmnews.com\\\/blog\\\/ginevra-2015-anteprima-per-la-nuova-sharan\\\/#article\",\"isPartOf\":{\"@id\":\"http:\\\/\\\/www.abmnews.com\\\/blog\\\/ginevra-2015-anteprima-per-la-nuova-sharan\\\/\"},\"author\":{\"name\":\"Redazione\",\"@id\":\"https:\\\/\\\/www.abmnews.com\\\/blog\\\/#\\\/schema\\\/person\\\/2da21c254d26591b7993648c954826a2\"},\"headline\":\"Ginevra 2015: Anteprima per la nuova Sharan\",\"datePublished\":\"2015-02-18T11:14:45+00:00\",\"mainEntityOfPage\":{\"@id\":\"http:\\\/\\\/www.abmnews.com\\\/blog\\\/ginevra-2015-anteprima-per-la-nuova-sharan\\\/\"},\"wordCount\":1204,\"publisher\":{\"@id\":\"https:\\\/\\\/www.abmnews.com\\\/blog\\\/#organization\"},\"image\":{\"@id\":\"http:\\\/\\\/www.abmnews.com\\\/blog\\\/ginevra-2015-anteprima-per-la-nuova-sharan\\\/#primaryimage\"},\"thumbnailUrl\":\"http:\\\/\\\/www.abmnews.com\\\/blog\\\/wp-content\\\/uploads\\\/16-300x204.jpg\",\"articleSection\":[\"85\u00b0 Salone internazionale dell\u2019automobile di Ginevra 2015\",\"MARCHE AUTO\",\"Novit\u00e0\",\"Volkswagen\",\"www.salon-auto.ch\"],\"inLanguage\":\"it-IT\"},{\"@type\":\"WebPage\",\"@id\":\"http:\\\/\\\/www.abmnews.com\\\/blog\\\/ginevra-2015-anteprima-per-la-nuova-sharan\\\/\",\"url\":\"http:\\\/\\\/www.abmnews.com\\\/blog\\\/ginevra-2015-anteprima-per-la-nuova-sharan\\\/\",\"name\":\"Ginevra 2015: Anteprima per la nuova Sharan - AbmNews\",\"isPartOf\":{\"@id\":\"https:\\\/\\\/www.abmnews.com\\\/blog\\\/#website\"},\"primaryImageOfPage\":{\"@id\":\"http:\\\/\\\/www.abmnews.com\\\/blog\\\/ginevra-2015-anteprima-per-la-nuova-sharan\\\/#primaryimage\"},\"image\":{\"@id\":\"http:\\\/\\\/www.abmnews.com\\\/blog\\\/ginevra-2015-anteprima-per-la-nuova-sharan\\\/#primaryimage\"},\"thumbnailUrl\":\"http:\\\/\\\/www.abmnews.com\\\/blog\\\/wp-content\\\/uploads\\\/16-300x204.jpg\",\"datePublished\":\"2015-02-18T11:14:45+00:00\",\"breadcrumb\":{\"@id\":\"http:\\\/\\\/www.abmnews.com\\\/blog\\\/ginevra-2015-anteprima-per-la-nuova-sharan\\\/#breadcrumb\"},\"inLanguage\":\"it-IT\",\"potentialAction\":[{\"@type\":\"ReadAction\",\"target\":[\"http:\\\/\\\/www.abmnews.com\\\/blog\\\/ginevra-2015-anteprima-per-la-nuova-sharan\\\/\"]}]},{\"@type\":\"ImageObject\",\"inLanguage\":\"it-IT\",\"@id\":\"http:\\\/\\\/www.abmnews.com\\\/blog\\\/ginevra-2015-anteprima-per-la-nuova-sharan\\\/#primaryimage\",\"url\":\"https:\\\/\\\/www.abmnews.com\\\/blog\\\/wp-content\\\/uploads\\\/2015\\\/02\\\/16.jpg\",\"contentUrl\":\"https:\\\/\\\/www.abmnews.com\\\/blog\\\/wp-content\\\/uploads\\\/2015\\\/02\\\/16.jpg\",\"width\":1504,\"height\":1024},{\"@type\":\"BreadcrumbList\",\"@id\":\"http:\\\/\\\/www.abmnews.com\\\/blog\\\/ginevra-2015-anteprima-per-la-nuova-sharan\\\/#breadcrumb\",\"itemListElement\":[{\"@type\":\"ListItem\",\"position\":1,\"name\":\"Home\",\"item\":\"https:\\\/\\\/www.abmnews.com\\\/blog\\\/\"},{\"@type\":\"ListItem\",\"position\":2,\"name\":\"Ginevra 2015: Anteprima per la nuova Sharan\"}]},{\"@type\":\"WebSite\",\"@id\":\"https:\\\/\\\/www.abmnews.com\\\/blog\\\/#website\",\"url\":\"https:\\\/\\\/www.abmnews.com\\\/blog\\\/\",\"name\":\"AbmNews\",\"description\":\"\",\"publisher\":{\"@id\":\"https:\\\/\\\/www.abmnews.com\\\/blog\\\/#organization\"},\"potentialAction\":[{\"@type\":\"SearchAction\",\"target\":{\"@type\":\"EntryPoint\",\"urlTemplate\":\"https:\\\/\\\/www.abmnews.com\\\/blog\\\/?s={search_term_string}\"},\"query-input\":{\"@type\":\"PropertyValueSpecification\",\"valueRequired\":true,\"valueName\":\"search_term_string\"}}],\"inLanguage\":\"it-IT\"},{\"@type\":\"Organization\",\"@id\":\"https:\\\/\\\/www.abmnews.com\\\/blog\\\/#organization\",\"name\":\"AbmNews\",\"url\":\"https:\\\/\\\/www.abmnews.com\\\/blog\\\/\",\"logo\":{\"@type\":\"ImageObject\",\"inLanguage\":\"it-IT\",\"@id\":\"https:\\\/\\\/www.abmnews.com\\\/blog\\\/#\\\/schema\\\/logo\\\/image\\\/\",\"url\":\"http:\\\/\\\/www.abmnews.com\\\/blog\\\/wp-content\\\/uploads\\\/2026\\\/01\\\/logoabmnews544x180.png\",\"contentUrl\":\"http:\\\/\\\/www.abmnews.com\\\/blog\\\/wp-content\\\/uploads\\\/2026\\\/01\\\/logoabmnews544x180.png\",\"width\":544,\"height\":180,\"caption\":\"AbmNews\"},\"image\":{\"@id\":\"https:\\\/\\\/www.abmnews.com\\\/blog\\\/#\\\/schema\\\/logo\\\/image\\\/\"},\"sameAs\":[\"https:\\\/\\\/www.facebook.com\\\/ABMnews\",\"https:\\\/\\\/x.com\\\/ABMnewscom\",\"https:\\\/\\\/www.instagram.com\\\/abmnewsblog\"]},{\"@type\":\"Person\",\"@id\":\"https:\\\/\\\/www.abmnews.com\\\/blog\\\/#\\\/schema\\\/person\\\/2da21c254d26591b7993648c954826a2\",\"name\":\"Redazione\",\"image\":{\"@type\":\"ImageObject\",\"inLanguage\":\"it-IT\",\"@id\":\"https:\\\/\\\/secure.gravatar.com\\\/avatar\\\/888b71ec1a1241930daa72f4c66b40f2390ac7ac3003b2cea4bbb235380b9dc2?s=96&d=mm&r=g\",\"url\":\"https:\\\/\\\/secure.gravatar.com\\\/avatar\\\/888b71ec1a1241930daa72f4c66b40f2390ac7ac3003b2cea4bbb235380b9dc2?s=96&d=mm&r=g\",\"contentUrl\":\"https:\\\/\\\/secure.gravatar.com\\\/avatar\\\/888b71ec1a1241930daa72f4c66b40f2390ac7ac3003b2cea4bbb235380b9dc2?s=96&d=mm&r=g\",\"caption\":\"Redazione\"},\"url\":\"https:\\\/\\\/www.abmnews.com\\\/blog\\\/author\\\/redazione\\\/\"}]}<\/script>\n<!-- \/ Yoast SEO plugin. -->","yoast_head_json":{"title":"Ginevra 2015: Anteprima per la nuova Sharan - AbmNews","robots":{"index":"index","follow":"follow","max-snippet":"max-snippet:-1","max-image-preview":"max-image-preview:large","max-video-preview":"max-video-preview:-1"},"canonical":"http:\/\/www.abmnews.com\/blog\/ginevra-2015-anteprima-per-la-nuova-sharan\/","og_locale":"it_IT","og_type":"article","og_title":"Ginevra 2015: Anteprima per la nuova Sharan - AbmNews","og_description":"Al prossimo Salone Internazionale dell\u2019Automobile di Ginevra (dal 3 al 15 marzo), la Volkswagen presenta un significativo aggiornamento tecnico della Sharan, che al suo attivo vanta oltre 800.000 esemplari venduti. Tra le novit\u00e0 a bordo, numerosi dispositivi comfort e sistemi di assistenza, alcuni dei quali unici per il segmento. La Volkswagen ha inoltre aggiornato completamente [&hellip;]","og_url":"http:\/\/www.abmnews.com\/blog\/ginevra-2015-anteprima-per-la-nuova-sharan\/","og_site_name":"AbmNews","article_publisher":"https:\/\/www.facebook.com\/ABMnews","article_published_time":"2015-02-18T11:14:45+00:00","og_image":[{"url":"http:\/\/www.abmnews.com\/blog\/wp-content\/uploads\/2015\/02\/16-150x150.jpg","type":"","width":"","height":""}],"author":"Redazione","twitter_card":"summary_large_image","twitter_creator":"@ABMnewscom","twitter_site":"@ABMnewscom","twitter_misc":{"Scritto da":"Redazione","Tempo di lettura stimato":"6 minuti"},"schema":{"@context":"https:\/\/schema.org","@graph":[{"@type":"Article","@id":"http:\/\/www.abmnews.com\/blog\/ginevra-2015-anteprima-per-la-nuova-sharan\/#article","isPartOf":{"@id":"http:\/\/www.abmnews.com\/blog\/ginevra-2015-anteprima-per-la-nuova-sharan\/"},"author":{"name":"Redazione","@id":"https:\/\/www.abmnews.com\/blog\/#\/schema\/person\/2da21c254d26591b7993648c954826a2"},"headline":"Ginevra 2015: Anteprima per la nuova Sharan","datePublished":"2015-02-18T11:14:45+00:00","mainEntityOfPage":{"@id":"http:\/\/www.abmnews.com\/blog\/ginevra-2015-anteprima-per-la-nuova-sharan\/"},"wordCount":1204,"publisher":{"@id":"https:\/\/www.abmnews.com\/blog\/#organization"},"image":{"@id":"http:\/\/www.abmnews.com\/blog\/ginevra-2015-anteprima-per-la-nuova-sharan\/#primaryimage"},"thumbnailUrl":"http:\/\/www.abmnews.com\/blog\/wp-content\/uploads\/16-300x204.jpg","articleSection":["85\u00b0 Salone internazionale dell\u2019automobile di Ginevra 2015","MARCHE AUTO","Novit\u00e0","Volkswagen","www.salon-auto.ch"],"inLanguage":"it-IT"},{"@type":"WebPage","@id":"http:\/\/www.abmnews.com\/blog\/ginevra-2015-anteprima-per-la-nuova-sharan\/","url":"http:\/\/www.abmnews.com\/blog\/ginevra-2015-anteprima-per-la-nuova-sharan\/","name":"Ginevra 2015: Anteprima per la nuova Sharan - AbmNews","isPartOf":{"@id":"https:\/\/www.abmnews.com\/blog\/#website"},"primaryImageOfPage":{"@id":"http:\/\/www.abmnews.com\/blog\/ginevra-2015-anteprima-per-la-nuova-sharan\/#primaryimage"},"image":{"@id":"http:\/\/www.abmnews.com\/blog\/ginevra-2015-anteprima-per-la-nuova-sharan\/#primaryimage"},"thumbnailUrl":"http:\/\/www.abmnews.com\/blog\/wp-content\/uploads\/16-300x204.jpg","datePublished":"2015-02-18T11:14:45+00:00","breadcrumb":{"@id":"http:\/\/www.abmnews.com\/blog\/ginevra-2015-anteprima-per-la-nuova-sharan\/#breadcrumb"},"inLanguage":"it-IT","potentialAction":[{"@type":"ReadAction","target":["http:\/\/www.abmnews.com\/blog\/ginevra-2015-anteprima-per-la-nuova-sharan\/"]}]},{"@type":"ImageObject","inLanguage":"it-IT","@id":"http:\/\/www.abmnews.com\/blog\/ginevra-2015-anteprima-per-la-nuova-sharan\/#primaryimage","url":"https:\/\/www.abmnews.com\/blog\/wp-content\/uploads\/2015\/02\/16.jpg","contentUrl":"https:\/\/www.abmnews.com\/blog\/wp-content\/uploads\/2015\/02\/16.jpg","width":1504,"height":1024},{"@type":"BreadcrumbList","@id":"http:\/\/www.abmnews.com\/blog\/ginevra-2015-anteprima-per-la-nuova-sharan\/#breadcrumb","itemListElement":[{"@type":"ListItem","position":1,"name":"Home","item":"https:\/\/www.abmnews.com\/blog\/"},{"@type":"ListItem","position":2,"name":"Ginevra 2015: Anteprima per la nuova Sharan"}]},{"@type":"WebSite","@id":"https:\/\/www.abmnews.com\/blog\/#website","url":"https:\/\/www.abmnews.com\/blog\/","name":"AbmNews","description":"","publisher":{"@id":"https:\/\/www.abmnews.com\/blog\/#organization"},"potentialAction":[{"@type":"SearchAction","target":{"@type":"EntryPoint","urlTemplate":"https:\/\/www.abmnews.com\/blog\/?s={search_term_string}"},"query-input":{"@type":"PropertyValueSpecification","valueRequired":true,"valueName":"search_term_string"}}],"inLanguage":"it-IT"},{"@type":"Organization","@id":"https:\/\/www.abmnews.com\/blog\/#organization","name":"AbmNews","url":"https:\/\/www.abmnews.com\/blog\/","logo":{"@type":"ImageObject","inLanguage":"it-IT","@id":"https:\/\/www.abmnews.com\/blog\/#\/schema\/logo\/image\/","url":"http:\/\/www.abmnews.com\/blog\/wp-content\/uploads\/2026\/01\/logoabmnews544x180.png","contentUrl":"http:\/\/www.abmnews.com\/blog\/wp-content\/uploads\/2026\/01\/logoabmnews544x180.png","width":544,"height":180,"caption":"AbmNews"},"image":{"@id":"https:\/\/www.abmnews.com\/blog\/#\/schema\/logo\/image\/"},"sameAs":["https:\/\/www.facebook.com\/ABMnews","https:\/\/x.com\/ABMnewscom","https:\/\/www.instagram.com\/abmnewsblog"]},{"@type":"Person","@id":"https:\/\/www.abmnews.com\/blog\/#\/schema\/person\/2da21c254d26591b7993648c954826a2","name":"Redazione","image":{"@type":"ImageObject","inLanguage":"it-IT","@id":"https:\/\/secure.gravatar.com\/avatar\/888b71ec1a1241930daa72f4c66b40f2390ac7ac3003b2cea4bbb235380b9dc2?s=96&d=mm&r=g","url":"https:\/\/secure.gravatar.com\/avatar\/888b71ec1a1241930daa72f4c66b40f2390ac7ac3003b2cea4bbb235380b9dc2?s=96&d=mm&r=g","contentUrl":"https:\/\/secure.gravatar.com\/avatar\/888b71ec1a1241930daa72f4c66b40f2390ac7ac3003b2cea4bbb235380b9dc2?s=96&d=mm&r=g","caption":"Redazione"},"url":"https:\/\/www.abmnews.com\/blog\/author\/redazione\/"}]}},"_links":{"self":[{"href":"https:\/\/www.abmnews.com\/blog\/wp-json\/wp\/v2\/posts\/15434","targetHints":{"allow":["GET"]}}],"collection":[{"href":"https:\/\/www.abmnews.com\/blog\/wp-json\/wp\/v2\/posts"}],"about":[{"href":"https:\/\/www.abmnews.com\/blog\/wp-json\/wp\/v2\/types\/post"}],"author":[{"embeddable":true,"href":"https:\/\/www.abmnews.com\/blog\/wp-json\/wp\/v2\/users\/2"}],"replies":[{"embeddable":true,"href":"https:\/\/www.abmnews.com\/blog\/wp-json\/wp\/v2\/comments?post=15434"}],"version-history":[{"count":0,"href":"https:\/\/www.abmnews.com\/blog\/wp-json\/wp\/v2\/posts\/15434\/revisions"}],"wp:attachment":[{"href":"https:\/\/www.abmnews.com\/blog\/wp-json\/wp\/v2\/media?parent=15434"}],"wp:term":[{"taxonomy":"category","embeddable":true,"href":"https:\/\/www.abmnews.com\/blog\/wp-json\/wp\/v2\/categories?post=15434"},{"taxonomy":"post_tag","embeddable":true,"href":"https:\/\/www.abmnews.com\/blog\/wp-json\/wp\/v2\/tags?post=15434"}],"curies":[{"name":"wp","href":"https:\/\/api.w.org\/{rel}","templated":true}]}}