{"id":15666,"date":"2015-02-25T05:41:29","date_gmt":"2015-02-25T03:41:29","guid":{"rendered":"http:\/\/www.abmnews.com\/blog\/?p=15666"},"modified":"2015-02-25T05:41:29","modified_gmt":"2015-02-25T03:41:29","slug":"il-gruppo-volkswagen-ha-la-migliore-immagine-sui-media-tra-le-principali-aziende-tedesche","status":"publish","type":"post","link":"https:\/\/www.abmnews.com\/blog\/il-gruppo-volkswagen-ha-la-migliore-immagine-sui-media-tra-le-principali-aziende-tedesche\/","title":{"rendered":"Il Gruppo Volkswagen ha la migliore immagine sui media tra le principali Aziende tedesche"},"content":{"rendered":"<p><a href=\"http:\/\/www.abmnews.com\/blog\/wp-content\/uploads\/ShowPhoto2.jpg\"><img loading=\"lazy\" decoding=\"async\" src=\"http:\/\/www.abmnews.com\/blog\/wp-content\/uploads\/ShowPhoto2-199x300.jpg\" alt=\"\" title=\"ShowPhoto\" width=\"199\" height=\"300\" class=\"aligncenter size-medium wp-image-15667\" \/><\/a><br \/>\nTra le principali Aziende tedesche quotate in borsa, il Gruppo Volkswagen ha la migliore immagine sui media. Questo \u00e8 il risultato di un\u2019indagine svolta dall\u2019Istituto di ricerca Media Tenor International, che ha assegnato il Dax 30 Reputation Award.<br \/>\nL\u2019analisi, condotta nell\u2019arco di 12 mesi, ha preso in esame circa 87.000 servizi pubblicati su 50 testate internazionali tra carta stampata, radio e TV. Sono stati valutati 12 criteri, spaziando dalla visibilit\u00e0 generale alla presenza dei vertici aziendali e alla variet\u00e0 dei fattori d\u2019immagine. Il Gruppo Volkswagen si \u00e8 distinto in particolare nelle categorie relative a visibilit\u00e0 e tonalit\u00e0 generale e per la molteplicit\u00e0 degli argomenti. Grazie alla comunicazione su temi relativi alle Risorse Umane e sulle varie attivit\u00e0 nell\u2019ambito della Responsabilit\u00e0 Sociale dell\u2019Azienda, il Gruppo Volkswagen si \u00e8 presentato come agenda setter.<!--more--><br \/>\nStephan Gr\u00fchsem, Rappresentante Generale di Volkswagen AG e Direttore Comunicazione, Relazioni Esterne e Investor Relations del Gruppo Volkswagen, sottolinea: \u201cLa digitalizzazione della comunicazione ha portato a processi completamente diversi per quanto riguarda la definizione delle opinioni e i processi decisionali della Clientela. Un esempio: in futuro sempre pi\u00f9 persone daranno importanza all\u2019impegno sociale di un Brand. Sapere se un\u2019Azienda si assume la propria responsabilit\u00e0 sociale \u00e8 importante per i Clienti, per i Collaboratori e per gli altri Stakeholder, tanto quanto la qualit\u00e0 dei prodotti o la sicurezza sul lavoro. Per questo abbiamo istituito un team di esperti in comunicazione dedicato a tematiche di Responsabilit\u00e0 Sociale\u201d.<br \/>\nQuesto approccio \u00e8 supportato dal nuovo studio \u201cCSR Index 2015\u201d promosso da InnoVatio Publishing, casa editrice svizzera che appartiene a Media Tenor International. L\u2019editore Francis Quinn commenta: \u201cSta diventando sempre pi\u00f9 importante, per le Aziende, definire chiaramente cosa intendano per Responsabilit\u00e0 Sociale e come questa influenzi la crescita del business\u201d.<br \/>\n\u201cOggigiorno le Aziende devono impegnarsi per ottenere i pi\u00f9 alti standard ambientali, sociali e di governance e devono comunicare questa dedizione in modo credibile\u201d aggiunge Roland Schatz, fondatore di Media Tenor. \u201cE ci\u00f2 \u00e8 gi\u00e0 diventato parte del DNA Volkswagen\u201d.<\/p>\n","protected":false},"excerpt":{"rendered":"<p>Tra le principali Aziende tedesche quotate in borsa, il Gruppo Volkswagen ha la migliore immagine sui media. Questo \u00e8 il risultato di un\u2019indagine svolta dall\u2019Istituto di ricerca Media Tenor International, che ha assegnato il Dax 30 Reputation Award. L\u2019analisi, condotta nell\u2019arco di 12 mesi, ha preso in esame circa 87.000 servizi pubblicati su 50 testate [&hellip;]<\/p>\n","protected":false},"author":2,"featured_media":0,"comment_status":"closed","ping_status":"open","sticky":false,"template":"","format":"standard","meta":{"tdm_status":"","tdm_grid_status":"","footnotes":""},"categories":[269,347],"tags":[],"class_list":["post-15666","post","type-post","status-publish","format-standard","category-marche-auto","category-volkswagen"],"yoast_head":"<!-- This site is optimized with the Yoast SEO plugin v28.0 - https:\/\/yoast.com\/product\/yoast-seo-wordpress\/ -->\n<title>Il Gruppo Volkswagen ha la migliore immagine sui media tra le principali Aziende tedesche - AbmNews<\/title>\n<meta name=\"robots\" content=\"index, follow, max-snippet:-1, max-image-preview:large, max-video-preview:-1\" \/>\n<link rel=\"canonical\" href=\"http:\/\/www.abmnews.com\/blog\/il-gruppo-volkswagen-ha-la-migliore-immagine-sui-media-tra-le-principali-aziende-tedesche\/\" \/>\n<meta property=\"og:locale\" content=\"it_IT\" \/>\n<meta property=\"og:type\" content=\"article\" \/>\n<meta property=\"og:title\" content=\"Il Gruppo Volkswagen ha la migliore immagine sui media tra le principali Aziende tedesche - AbmNews\" \/>\n<meta property=\"og:description\" content=\"Tra le principali Aziende tedesche quotate in borsa, il Gruppo Volkswagen ha la migliore immagine sui media. Questo \u00e8 il risultato di un\u2019indagine svolta dall\u2019Istituto di ricerca Media Tenor International, che ha assegnato il Dax 30 Reputation Award. L\u2019analisi, condotta nell\u2019arco di 12 mesi, ha preso in esame circa 87.000 servizi pubblicati su 50 testate [&hellip;]\" \/>\n<meta property=\"og:url\" content=\"http:\/\/www.abmnews.com\/blog\/il-gruppo-volkswagen-ha-la-migliore-immagine-sui-media-tra-le-principali-aziende-tedesche\/\" \/>\n<meta property=\"og:site_name\" content=\"AbmNews\" \/>\n<meta property=\"article:publisher\" content=\"https:\/\/www.facebook.com\/ABMnews\" \/>\n<meta property=\"article:published_time\" content=\"2015-02-25T03:41:29+00:00\" \/>\n<meta property=\"og:image\" content=\"http:\/\/www.abmnews.com\/blog\/wp-content\/uploads\/ShowPhoto2-199x300.jpg\" \/>\n<meta name=\"author\" content=\"Redazione\" \/>\n<meta name=\"twitter:card\" content=\"summary_large_image\" \/>\n<meta name=\"twitter:creator\" content=\"@ABMnewscom\" \/>\n<meta name=\"twitter:site\" content=\"@ABMnewscom\" \/>\n<meta name=\"twitter:label1\" content=\"Scritto da\" \/>\n\t<meta name=\"twitter:data1\" content=\"Redazione\" \/>\n\t<meta name=\"twitter:label2\" content=\"Tempo di lettura stimato\" \/>\n\t<meta name=\"twitter:data2\" content=\"2 minuti\" \/>\n<script type=\"application\/ld+json\" class=\"yoast-schema-graph\">{\"@context\":\"https:\\\/\\\/schema.org\",\"@graph\":[{\"@type\":\"Article\",\"@id\":\"http:\\\/\\\/www.abmnews.com\\\/blog\\\/il-gruppo-volkswagen-ha-la-migliore-immagine-sui-media-tra-le-principali-aziende-tedesche\\\/#article\",\"isPartOf\":{\"@id\":\"http:\\\/\\\/www.abmnews.com\\\/blog\\\/il-gruppo-volkswagen-ha-la-migliore-immagine-sui-media-tra-le-principali-aziende-tedesche\\\/\"},\"author\":{\"name\":\"Redazione\",\"@id\":\"https:\\\/\\\/www.abmnews.com\\\/blog\\\/#\\\/schema\\\/person\\\/2da21c254d26591b7993648c954826a2\"},\"headline\":\"Il Gruppo Volkswagen ha la migliore immagine sui media tra le principali Aziende tedesche\",\"datePublished\":\"2015-02-25T03:41:29+00:00\",\"mainEntityOfPage\":{\"@id\":\"http:\\\/\\\/www.abmnews.com\\\/blog\\\/il-gruppo-volkswagen-ha-la-migliore-immagine-sui-media-tra-le-principali-aziende-tedesche\\\/\"},\"wordCount\":339,\"publisher\":{\"@id\":\"https:\\\/\\\/www.abmnews.com\\\/blog\\\/#organization\"},\"image\":{\"@id\":\"http:\\\/\\\/www.abmnews.com\\\/blog\\\/il-gruppo-volkswagen-ha-la-migliore-immagine-sui-media-tra-le-principali-aziende-tedesche\\\/#primaryimage\"},\"thumbnailUrl\":\"http:\\\/\\\/www.abmnews.com\\\/blog\\\/wp-content\\\/uploads\\\/ShowPhoto2-199x300.jpg\",\"articleSection\":[\"MARCHE AUTO\",\"Volkswagen\"],\"inLanguage\":\"it-IT\"},{\"@type\":\"WebPage\",\"@id\":\"http:\\\/\\\/www.abmnews.com\\\/blog\\\/il-gruppo-volkswagen-ha-la-migliore-immagine-sui-media-tra-le-principali-aziende-tedesche\\\/\",\"url\":\"http:\\\/\\\/www.abmnews.com\\\/blog\\\/il-gruppo-volkswagen-ha-la-migliore-immagine-sui-media-tra-le-principali-aziende-tedesche\\\/\",\"name\":\"Il Gruppo Volkswagen ha la migliore immagine sui media tra le principali Aziende tedesche - AbmNews\",\"isPartOf\":{\"@id\":\"https:\\\/\\\/www.abmnews.com\\\/blog\\\/#website\"},\"primaryImageOfPage\":{\"@id\":\"http:\\\/\\\/www.abmnews.com\\\/blog\\\/il-gruppo-volkswagen-ha-la-migliore-immagine-sui-media-tra-le-principali-aziende-tedesche\\\/#primaryimage\"},\"image\":{\"@id\":\"http:\\\/\\\/www.abmnews.com\\\/blog\\\/il-gruppo-volkswagen-ha-la-migliore-immagine-sui-media-tra-le-principali-aziende-tedesche\\\/#primaryimage\"},\"thumbnailUrl\":\"http:\\\/\\\/www.abmnews.com\\\/blog\\\/wp-content\\\/uploads\\\/ShowPhoto2-199x300.jpg\",\"datePublished\":\"2015-02-25T03:41:29+00:00\",\"breadcrumb\":{\"@id\":\"http:\\\/\\\/www.abmnews.com\\\/blog\\\/il-gruppo-volkswagen-ha-la-migliore-immagine-sui-media-tra-le-principali-aziende-tedesche\\\/#breadcrumb\"},\"inLanguage\":\"it-IT\",\"potentialAction\":[{\"@type\":\"ReadAction\",\"target\":[\"http:\\\/\\\/www.abmnews.com\\\/blog\\\/il-gruppo-volkswagen-ha-la-migliore-immagine-sui-media-tra-le-principali-aziende-tedesche\\\/\"]}]},{\"@type\":\"ImageObject\",\"inLanguage\":\"it-IT\",\"@id\":\"http:\\\/\\\/www.abmnews.com\\\/blog\\\/il-gruppo-volkswagen-ha-la-migliore-immagine-sui-media-tra-le-principali-aziende-tedesche\\\/#primaryimage\",\"url\":\"https:\\\/\\\/www.abmnews.com\\\/blog\\\/wp-content\\\/uploads\\\/2015\\\/02\\\/ShowPhoto2.jpg\",\"contentUrl\":\"https:\\\/\\\/www.abmnews.com\\\/blog\\\/wp-content\\\/uploads\\\/2015\\\/02\\\/ShowPhoto2.jpg\",\"width\":680,\"height\":1024},{\"@type\":\"BreadcrumbList\",\"@id\":\"http:\\\/\\\/www.abmnews.com\\\/blog\\\/il-gruppo-volkswagen-ha-la-migliore-immagine-sui-media-tra-le-principali-aziende-tedesche\\\/#breadcrumb\",\"itemListElement\":[{\"@type\":\"ListItem\",\"position\":1,\"name\":\"Home\",\"item\":\"https:\\\/\\\/www.abmnews.com\\\/blog\\\/\"},{\"@type\":\"ListItem\",\"position\":2,\"name\":\"Il Gruppo Volkswagen ha la migliore immagine sui media tra le principali Aziende tedesche\"}]},{\"@type\":\"WebSite\",\"@id\":\"https:\\\/\\\/www.abmnews.com\\\/blog\\\/#website\",\"url\":\"https:\\\/\\\/www.abmnews.com\\\/blog\\\/\",\"name\":\"AbmNews\",\"description\":\"\",\"publisher\":{\"@id\":\"https:\\\/\\\/www.abmnews.com\\\/blog\\\/#organization\"},\"potentialAction\":[{\"@type\":\"SearchAction\",\"target\":{\"@type\":\"EntryPoint\",\"urlTemplate\":\"https:\\\/\\\/www.abmnews.com\\\/blog\\\/?s={search_term_string}\"},\"query-input\":{\"@type\":\"PropertyValueSpecification\",\"valueRequired\":true,\"valueName\":\"search_term_string\"}}],\"inLanguage\":\"it-IT\"},{\"@type\":\"Organization\",\"@id\":\"https:\\\/\\\/www.abmnews.com\\\/blog\\\/#organization\",\"name\":\"AbmNews\",\"url\":\"https:\\\/\\\/www.abmnews.com\\\/blog\\\/\",\"logo\":{\"@type\":\"ImageObject\",\"inLanguage\":\"it-IT\",\"@id\":\"https:\\\/\\\/www.abmnews.com\\\/blog\\\/#\\\/schema\\\/logo\\\/image\\\/\",\"url\":\"http:\\\/\\\/www.abmnews.com\\\/blog\\\/wp-content\\\/uploads\\\/2026\\\/01\\\/logoabmnews544x180.png\",\"contentUrl\":\"http:\\\/\\\/www.abmnews.com\\\/blog\\\/wp-content\\\/uploads\\\/2026\\\/01\\\/logoabmnews544x180.png\",\"width\":544,\"height\":180,\"caption\":\"AbmNews\"},\"image\":{\"@id\":\"https:\\\/\\\/www.abmnews.com\\\/blog\\\/#\\\/schema\\\/logo\\\/image\\\/\"},\"sameAs\":[\"https:\\\/\\\/www.facebook.com\\\/ABMnews\",\"https:\\\/\\\/x.com\\\/ABMnewscom\",\"https:\\\/\\\/www.instagram.com\\\/abmnewsblog\"]},{\"@type\":\"Person\",\"@id\":\"https:\\\/\\\/www.abmnews.com\\\/blog\\\/#\\\/schema\\\/person\\\/2da21c254d26591b7993648c954826a2\",\"name\":\"Redazione\",\"image\":{\"@type\":\"ImageObject\",\"inLanguage\":\"it-IT\",\"@id\":\"https:\\\/\\\/secure.gravatar.com\\\/avatar\\\/888b71ec1a1241930daa72f4c66b40f2390ac7ac3003b2cea4bbb235380b9dc2?s=96&d=mm&r=g\",\"url\":\"https:\\\/\\\/secure.gravatar.com\\\/avatar\\\/888b71ec1a1241930daa72f4c66b40f2390ac7ac3003b2cea4bbb235380b9dc2?s=96&d=mm&r=g\",\"contentUrl\":\"https:\\\/\\\/secure.gravatar.com\\\/avatar\\\/888b71ec1a1241930daa72f4c66b40f2390ac7ac3003b2cea4bbb235380b9dc2?s=96&d=mm&r=g\",\"caption\":\"Redazione\"},\"url\":\"https:\\\/\\\/www.abmnews.com\\\/blog\\\/author\\\/redazione\\\/\"}]}<\/script>\n<!-- \/ Yoast SEO plugin. -->","yoast_head_json":{"title":"Il Gruppo Volkswagen ha la migliore immagine sui media tra le principali Aziende tedesche - AbmNews","robots":{"index":"index","follow":"follow","max-snippet":"max-snippet:-1","max-image-preview":"max-image-preview:large","max-video-preview":"max-video-preview:-1"},"canonical":"http:\/\/www.abmnews.com\/blog\/il-gruppo-volkswagen-ha-la-migliore-immagine-sui-media-tra-le-principali-aziende-tedesche\/","og_locale":"it_IT","og_type":"article","og_title":"Il Gruppo Volkswagen ha la migliore immagine sui media tra le principali Aziende tedesche - AbmNews","og_description":"Tra le principali Aziende tedesche quotate in borsa, il Gruppo Volkswagen ha la migliore immagine sui media. Questo \u00e8 il risultato di un\u2019indagine svolta dall\u2019Istituto di ricerca Media Tenor International, che ha assegnato il Dax 30 Reputation Award. L\u2019analisi, condotta nell\u2019arco di 12 mesi, ha preso in esame circa 87.000 servizi pubblicati su 50 testate [&hellip;]","og_url":"http:\/\/www.abmnews.com\/blog\/il-gruppo-volkswagen-ha-la-migliore-immagine-sui-media-tra-le-principali-aziende-tedesche\/","og_site_name":"AbmNews","article_publisher":"https:\/\/www.facebook.com\/ABMnews","article_published_time":"2015-02-25T03:41:29+00:00","og_image":[{"url":"http:\/\/www.abmnews.com\/blog\/wp-content\/uploads\/ShowPhoto2-199x300.jpg","type":"","width":"","height":""}],"author":"Redazione","twitter_card":"summary_large_image","twitter_creator":"@ABMnewscom","twitter_site":"@ABMnewscom","twitter_misc":{"Scritto da":"Redazione","Tempo di lettura stimato":"2 minuti"},"schema":{"@context":"https:\/\/schema.org","@graph":[{"@type":"Article","@id":"http:\/\/www.abmnews.com\/blog\/il-gruppo-volkswagen-ha-la-migliore-immagine-sui-media-tra-le-principali-aziende-tedesche\/#article","isPartOf":{"@id":"http:\/\/www.abmnews.com\/blog\/il-gruppo-volkswagen-ha-la-migliore-immagine-sui-media-tra-le-principali-aziende-tedesche\/"},"author":{"name":"Redazione","@id":"https:\/\/www.abmnews.com\/blog\/#\/schema\/person\/2da21c254d26591b7993648c954826a2"},"headline":"Il Gruppo Volkswagen ha la migliore immagine sui media tra le principali Aziende tedesche","datePublished":"2015-02-25T03:41:29+00:00","mainEntityOfPage":{"@id":"http:\/\/www.abmnews.com\/blog\/il-gruppo-volkswagen-ha-la-migliore-immagine-sui-media-tra-le-principali-aziende-tedesche\/"},"wordCount":339,"publisher":{"@id":"https:\/\/www.abmnews.com\/blog\/#organization"},"image":{"@id":"http:\/\/www.abmnews.com\/blog\/il-gruppo-volkswagen-ha-la-migliore-immagine-sui-media-tra-le-principali-aziende-tedesche\/#primaryimage"},"thumbnailUrl":"http:\/\/www.abmnews.com\/blog\/wp-content\/uploads\/ShowPhoto2-199x300.jpg","articleSection":["MARCHE AUTO","Volkswagen"],"inLanguage":"it-IT"},{"@type":"WebPage","@id":"http:\/\/www.abmnews.com\/blog\/il-gruppo-volkswagen-ha-la-migliore-immagine-sui-media-tra-le-principali-aziende-tedesche\/","url":"http:\/\/www.abmnews.com\/blog\/il-gruppo-volkswagen-ha-la-migliore-immagine-sui-media-tra-le-principali-aziende-tedesche\/","name":"Il Gruppo Volkswagen ha la migliore immagine sui media tra le principali Aziende tedesche - AbmNews","isPartOf":{"@id":"https:\/\/www.abmnews.com\/blog\/#website"},"primaryImageOfPage":{"@id":"http:\/\/www.abmnews.com\/blog\/il-gruppo-volkswagen-ha-la-migliore-immagine-sui-media-tra-le-principali-aziende-tedesche\/#primaryimage"},"image":{"@id":"http:\/\/www.abmnews.com\/blog\/il-gruppo-volkswagen-ha-la-migliore-immagine-sui-media-tra-le-principali-aziende-tedesche\/#primaryimage"},"thumbnailUrl":"http:\/\/www.abmnews.com\/blog\/wp-content\/uploads\/ShowPhoto2-199x300.jpg","datePublished":"2015-02-25T03:41:29+00:00","breadcrumb":{"@id":"http:\/\/www.abmnews.com\/blog\/il-gruppo-volkswagen-ha-la-migliore-immagine-sui-media-tra-le-principali-aziende-tedesche\/#breadcrumb"},"inLanguage":"it-IT","potentialAction":[{"@type":"ReadAction","target":["http:\/\/www.abmnews.com\/blog\/il-gruppo-volkswagen-ha-la-migliore-immagine-sui-media-tra-le-principali-aziende-tedesche\/"]}]},{"@type":"ImageObject","inLanguage":"it-IT","@id":"http:\/\/www.abmnews.com\/blog\/il-gruppo-volkswagen-ha-la-migliore-immagine-sui-media-tra-le-principali-aziende-tedesche\/#primaryimage","url":"https:\/\/www.abmnews.com\/blog\/wp-content\/uploads\/2015\/02\/ShowPhoto2.jpg","contentUrl":"https:\/\/www.abmnews.com\/blog\/wp-content\/uploads\/2015\/02\/ShowPhoto2.jpg","width":680,"height":1024},{"@type":"BreadcrumbList","@id":"http:\/\/www.abmnews.com\/blog\/il-gruppo-volkswagen-ha-la-migliore-immagine-sui-media-tra-le-principali-aziende-tedesche\/#breadcrumb","itemListElement":[{"@type":"ListItem","position":1,"name":"Home","item":"https:\/\/www.abmnews.com\/blog\/"},{"@type":"ListItem","position":2,"name":"Il Gruppo Volkswagen ha la migliore immagine sui media tra le principali Aziende tedesche"}]},{"@type":"WebSite","@id":"https:\/\/www.abmnews.com\/blog\/#website","url":"https:\/\/www.abmnews.com\/blog\/","name":"AbmNews","description":"","publisher":{"@id":"https:\/\/www.abmnews.com\/blog\/#organization"},"potentialAction":[{"@type":"SearchAction","target":{"@type":"EntryPoint","urlTemplate":"https:\/\/www.abmnews.com\/blog\/?s={search_term_string}"},"query-input":{"@type":"PropertyValueSpecification","valueRequired":true,"valueName":"search_term_string"}}],"inLanguage":"it-IT"},{"@type":"Organization","@id":"https:\/\/www.abmnews.com\/blog\/#organization","name":"AbmNews","url":"https:\/\/www.abmnews.com\/blog\/","logo":{"@type":"ImageObject","inLanguage":"it-IT","@id":"https:\/\/www.abmnews.com\/blog\/#\/schema\/logo\/image\/","url":"http:\/\/www.abmnews.com\/blog\/wp-content\/uploads\/2026\/01\/logoabmnews544x180.png","contentUrl":"http:\/\/www.abmnews.com\/blog\/wp-content\/uploads\/2026\/01\/logoabmnews544x180.png","width":544,"height":180,"caption":"AbmNews"},"image":{"@id":"https:\/\/www.abmnews.com\/blog\/#\/schema\/logo\/image\/"},"sameAs":["https:\/\/www.facebook.com\/ABMnews","https:\/\/x.com\/ABMnewscom","https:\/\/www.instagram.com\/abmnewsblog"]},{"@type":"Person","@id":"https:\/\/www.abmnews.com\/blog\/#\/schema\/person\/2da21c254d26591b7993648c954826a2","name":"Redazione","image":{"@type":"ImageObject","inLanguage":"it-IT","@id":"https:\/\/secure.gravatar.com\/avatar\/888b71ec1a1241930daa72f4c66b40f2390ac7ac3003b2cea4bbb235380b9dc2?s=96&d=mm&r=g","url":"https:\/\/secure.gravatar.com\/avatar\/888b71ec1a1241930daa72f4c66b40f2390ac7ac3003b2cea4bbb235380b9dc2?s=96&d=mm&r=g","contentUrl":"https:\/\/secure.gravatar.com\/avatar\/888b71ec1a1241930daa72f4c66b40f2390ac7ac3003b2cea4bbb235380b9dc2?s=96&d=mm&r=g","caption":"Redazione"},"url":"https:\/\/www.abmnews.com\/blog\/author\/redazione\/"}]}},"_links":{"self":[{"href":"https:\/\/www.abmnews.com\/blog\/wp-json\/wp\/v2\/posts\/15666","targetHints":{"allow":["GET"]}}],"collection":[{"href":"https:\/\/www.abmnews.com\/blog\/wp-json\/wp\/v2\/posts"}],"about":[{"href":"https:\/\/www.abmnews.com\/blog\/wp-json\/wp\/v2\/types\/post"}],"author":[{"embeddable":true,"href":"https:\/\/www.abmnews.com\/blog\/wp-json\/wp\/v2\/users\/2"}],"replies":[{"embeddable":true,"href":"https:\/\/www.abmnews.com\/blog\/wp-json\/wp\/v2\/comments?post=15666"}],"version-history":[{"count":0,"href":"https:\/\/www.abmnews.com\/blog\/wp-json\/wp\/v2\/posts\/15666\/revisions"}],"wp:attachment":[{"href":"https:\/\/www.abmnews.com\/blog\/wp-json\/wp\/v2\/media?parent=15666"}],"wp:term":[{"taxonomy":"category","embeddable":true,"href":"https:\/\/www.abmnews.com\/blog\/wp-json\/wp\/v2\/categories?post=15666"},{"taxonomy":"post_tag","embeddable":true,"href":"https:\/\/www.abmnews.com\/blog\/wp-json\/wp\/v2\/tags?post=15666"}],"curies":[{"name":"wp","href":"https:\/\/api.w.org\/{rel}","templated":true}]}}