{"id":23180,"date":"2016-02-03T17:52:01","date_gmt":"2016-02-03T16:52:01","guid":{"rendered":"http:\/\/abmnews.com\/blog\/?p=23180"},"modified":"2016-02-03T17:52:01","modified_gmt":"2016-02-03T16:52:01","slug":"toyota-e-anci-lazio-insieme-per-promuovere-la-mobilita-sostenibile","status":"publish","type":"post","link":"https:\/\/www.abmnews.com\/blog\/toyota-e-anci-lazio-insieme-per-promuovere-la-mobilita-sostenibile\/","title":{"rendered":"TOYOTA E ANCI LAZIO INSIEME PER PROMUOVERE LA MOBILITA\u2019 SOSTENIBILE"},"content":{"rendered":"<p>L\u2019emergenza smog e l\u2019impatto sulla salute dei cittadini, a cui segue il continuo blocco auto nelle principali citt\u00e0 italiane, evidenziano la necessit\u00e0 di introdurre validi provvedimenti per diffondere un nuovo concetto di mobilit\u00e0 sostenibile, ridurre il livello dell\u2019inquinamento e cambiare radicalmente una situazione diventata sempre pi\u00f9 problematica per la qualit\u00e0 di vita della popolazione.<\/p>\n<p>Questi i temi discussi durante la conferenza organizzata da Anci Lazio e Toyota Motor Italia, mercoled\u00ec 3 febbraio presso la sede di Anci Lazio a Roma. Tanti gli interventi e gli spunti utili per discutere di nuove metodologie e linee guida adatte a trovare una soluzione nell\u2019interesse dei Comuni associati, per intraprendere un nuovo percorso verso modelli di sviluppo urbano sostenibile anche dal punto di vista energetico e ambientale.<\/p>\n<p>\u201cLa tutela dell\u2019ambiente e lo sviluppo della mobilit\u00e0 sostenibile sono temi fondamentali ai quali ogni Comune italiano deve far fronte \u2013 dichiara Fausto Servadio, Presidente Anci Lazio e Sindaco di Velletri &#8211; Gli attuali livelli di smog, ci hanno obbligato a rimodulare gli stili di vita adottati e a riflettere su soluzioni reali per il miglioramento della qualit\u00e0 dell\u2019aria delle nostre citt\u00e0. Toyota \u2013 prosegue il Sindaco &#8211; si \u00e8 da sempre impegnata in tal senso e, grazie alla tecnologia ibrida, \u00e8 riuscita a ottenere un importante risultato per la mobilit\u00e0 cittadina. Un impegno, quello volto alla tutela dell\u2019ambiente e allo sviluppo sostenibile, che deve vedere tutti gli amministratori dalla stessa parte, uniti dal senso di responsabilit\u00e0 verso le future generazioni. In questo senso, ad esempio, un primo passo potrebbe essere quello che ha visto anche il mio Comune, Velletri, approvare il parcheggio gratuito nelle strisce blu per le auto ibride, per facilitare i nostri cittadini e continuare il cammino intrapreso a favore di una mobilit\u00e0 urbana sempre pi\u00f9 sostenibile e a basso impatto ambientale\u201d.<\/p>\n<p>Il Comune di Velletri si unisce all\u2019innovazione di Toyota garantendo il parcheggio gratuito per tutte le auto ibride elettriche di nuova immatricolazione (2014), con emissioni di CO2 uguali o minori di 120 g\/Km.<\/p>\n<p>La tecnologia Hybrid \u2013 dichiara Patrizia Brunetti, Senior Manager Communication &amp; External Affairs &#8211; rappresenta per Toyota la soluzione pi\u00f9 concreta, tra le tecnologie alternative attualmente praticabili, in grado di assicurare una mobilit\u00e0 sostenibile. Accogliamo con favore la decisione del comune di Velletri, che segue quanto gi\u00e0 fatto a Roma, perch\u00e9 conferma la volont\u00e0 di avviare un processo virtuoso di miglioramento della qualit\u00e0 dell\u2019aria, senza per questo penalizzare i cittadini in termini di mobilit\u00e0 e, anzi, premiandone le scelte.<br \/>\nOltre alle agevolazioni appena citate, infatti, ricordiamo che la regione Lazio prevede l\u2019esenzione del bollo per tre anni per tutte le vetture ibride.<\/p>\n<p>L\u2019attivit\u00e0 del nostro brand in tale direzione non si \u00e8 mai fermata e, dal lancio della prima Prius avvenuto nel 2000, si \u00e8 trasformata oggi in un importante traguardo: un milione di vetture Hybrid vendute in Europa. Lo scorso anno Toyota e Lexus hanno immatricolato ben 25.000 vetture ibride, ed \u00e8 di un paio di giorni fa la notizia che le vendite di tali vetture a gennaio hanno segnato un nuovo record storico in Italia, ben il 2,1% di quota di mercato.<\/p>\n<p>In termini ambientali \u2013 prosegue Patrizia Brunetti &#8211; tutto ci\u00f2 si sostanzia in una riduzione estremamente significativa di CO2, soprattutto se si considera che le nostre analisi mostrano come una vettura ibrida sia in grado di funzionare in sola modalit\u00e0 elettrica per almeno il 57% del tempo.<br \/>\nDal 1997 ad oggi sono stati risparmiati nel mondo ben 58 milioni di tonnellate di CO2 ed un nostro recente calcolo stima che se le vendite annuali di auto in Italia, relativamente ai segmenti generalisti in cui Toyota \u00e8 presente con una vettura Full Hybrid, fossero completamente ibride, si avrebbe una riduzione nelle emissioni di CO2 di circa il 25%.<\/p>\n<p>Dal punto di vista ambientale, l&#8217;obiettivo di Toyota \u2013 prosegue Patrizia Brunetti &#8211; \u00e8 quello di diminuire di oltre il 22% la media delle emissioni di CO2 dei nuovi modelli entro il 2020. Per il 2050 vogliamo ridurre la media globale delle emissioni di anidride carbonica del 90%, rispetto alla media Toyota del 2010, azzerare le emissioni di CO2 che derivano dal ciclo di vita della vettura e raggiungere impianti di produzione a zero emissioni.\u201d<\/p>\n<p>Toyota continua a lavorare con le amministrazioni locali per estendere i benefici dell\u2019ibrido sul territorio Italiano, contribuendo cos\u00ec alla realizzazione di una piena mobilit\u00e0 sostenibile.<\/p>\n","protected":false},"excerpt":{"rendered":"<p>L\u2019emergenza smog e l\u2019impatto sulla salute dei cittadini, a cui segue il continuo blocco auto nelle principali citt\u00e0 italiane, evidenziano la necessit\u00e0 di introdurre validi provvedimenti per diffondere un nuovo concetto di mobilit\u00e0 sostenibile, ridurre il livello dell\u2019inquinamento e cambiare radicalmente una situazione diventata sempre pi\u00f9 problematica per la qualit\u00e0 di vita della popolazione. Questi [&hellip;]<\/p>\n","protected":false},"author":2,"featured_media":23181,"comment_status":"closed","ping_status":"open","sticky":false,"template":"","format":"standard","meta":{"tdm_status":"","tdm_grid_status":"","footnotes":""},"categories":[335],"tags":[],"class_list":["post-23180","post","type-post","status-publish","format-standard","has-post-thumbnail","category-toyota"],"yoast_head":"<!-- This site is optimized with the Yoast SEO plugin v28.0 - https:\/\/yoast.com\/product\/yoast-seo-wordpress\/ -->\n<title>TOYOTA E ANCI LAZIO INSIEME PER PROMUOVERE LA MOBILITA\u2019 SOSTENIBILE - AbmNews<\/title>\n<meta name=\"robots\" content=\"index, follow, max-snippet:-1, max-image-preview:large, max-video-preview:-1\" \/>\n<link rel=\"canonical\" href=\"https:\/\/www.abmnews.com\/blog\/toyota-e-anci-lazio-insieme-per-promuovere-la-mobilita-sostenibile\/\" \/>\n<meta property=\"og:locale\" content=\"it_IT\" \/>\n<meta property=\"og:type\" content=\"article\" \/>\n<meta property=\"og:title\" content=\"TOYOTA E ANCI LAZIO INSIEME PER PROMUOVERE LA MOBILITA\u2019 SOSTENIBILE - AbmNews\" \/>\n<meta property=\"og:description\" content=\"L\u2019emergenza smog e l\u2019impatto sulla salute dei cittadini, a cui segue il continuo blocco auto nelle principali citt\u00e0 italiane, evidenziano la necessit\u00e0 di introdurre validi provvedimenti per diffondere un nuovo concetto di mobilit\u00e0 sostenibile, ridurre il livello dell\u2019inquinamento e cambiare radicalmente una situazione diventata sempre pi\u00f9 problematica per la qualit\u00e0 di vita della popolazione. Questi [&hellip;]\" \/>\n<meta property=\"og:url\" content=\"https:\/\/www.abmnews.com\/blog\/toyota-e-anci-lazio-insieme-per-promuovere-la-mobilita-sostenibile\/\" \/>\n<meta property=\"og:site_name\" content=\"AbmNews\" \/>\n<meta property=\"article:publisher\" content=\"https:\/\/www.facebook.com\/ABMnews\" \/>\n<meta property=\"article:published_time\" content=\"2016-02-03T16:52:01+00:00\" \/>\n<meta property=\"og:image\" content=\"https:\/\/www.abmnews.com\/blog\/wp-content\/uploads\/2016\/02\/unnamed7.jpg\" \/>\n\t<meta property=\"og:image:width\" content=\"128\" \/>\n\t<meta property=\"og:image:height\" content=\"220\" \/>\n\t<meta property=\"og:image:type\" content=\"image\/jpeg\" \/>\n<meta name=\"author\" content=\"Redazione\" \/>\n<meta name=\"twitter:card\" content=\"summary_large_image\" \/>\n<meta name=\"twitter:creator\" content=\"@ABMnewscom\" \/>\n<meta name=\"twitter:site\" content=\"@ABMnewscom\" \/>\n<meta name=\"twitter:label1\" content=\"Scritto da\" \/>\n\t<meta name=\"twitter:data1\" content=\"Redazione\" \/>\n\t<meta name=\"twitter:label2\" content=\"Tempo di lettura stimato\" \/>\n\t<meta name=\"twitter:data2\" content=\"4 minuti\" \/>\n<script type=\"application\/ld+json\" class=\"yoast-schema-graph\">{\"@context\":\"https:\\\/\\\/schema.org\",\"@graph\":[{\"@type\":\"Article\",\"@id\":\"https:\\\/\\\/www.abmnews.com\\\/blog\\\/toyota-e-anci-lazio-insieme-per-promuovere-la-mobilita-sostenibile\\\/#article\",\"isPartOf\":{\"@id\":\"https:\\\/\\\/www.abmnews.com\\\/blog\\\/toyota-e-anci-lazio-insieme-per-promuovere-la-mobilita-sostenibile\\\/\"},\"author\":{\"name\":\"Redazione\",\"@id\":\"https:\\\/\\\/www.abmnews.com\\\/blog\\\/#\\\/schema\\\/person\\\/2da21c254d26591b7993648c954826a2\"},\"headline\":\"TOYOTA E ANCI LAZIO INSIEME PER PROMUOVERE LA MOBILITA\u2019 SOSTENIBILE\",\"datePublished\":\"2016-02-03T16:52:01+00:00\",\"mainEntityOfPage\":{\"@id\":\"https:\\\/\\\/www.abmnews.com\\\/blog\\\/toyota-e-anci-lazio-insieme-per-promuovere-la-mobilita-sostenibile\\\/\"},\"wordCount\":719,\"publisher\":{\"@id\":\"https:\\\/\\\/www.abmnews.com\\\/blog\\\/#organization\"},\"image\":{\"@id\":\"https:\\\/\\\/www.abmnews.com\\\/blog\\\/toyota-e-anci-lazio-insieme-per-promuovere-la-mobilita-sostenibile\\\/#primaryimage\"},\"thumbnailUrl\":\"https:\\\/\\\/www.abmnews.com\\\/blog\\\/wp-content\\\/uploads\\\/2016\\\/02\\\/unnamed7.jpg\",\"articleSection\":[\"Toyota\"],\"inLanguage\":\"it-IT\"},{\"@type\":\"WebPage\",\"@id\":\"https:\\\/\\\/www.abmnews.com\\\/blog\\\/toyota-e-anci-lazio-insieme-per-promuovere-la-mobilita-sostenibile\\\/\",\"url\":\"https:\\\/\\\/www.abmnews.com\\\/blog\\\/toyota-e-anci-lazio-insieme-per-promuovere-la-mobilita-sostenibile\\\/\",\"name\":\"TOYOTA E ANCI LAZIO INSIEME PER PROMUOVERE LA MOBILITA\u2019 SOSTENIBILE - AbmNews\",\"isPartOf\":{\"@id\":\"https:\\\/\\\/www.abmnews.com\\\/blog\\\/#website\"},\"primaryImageOfPage\":{\"@id\":\"https:\\\/\\\/www.abmnews.com\\\/blog\\\/toyota-e-anci-lazio-insieme-per-promuovere-la-mobilita-sostenibile\\\/#primaryimage\"},\"image\":{\"@id\":\"https:\\\/\\\/www.abmnews.com\\\/blog\\\/toyota-e-anci-lazio-insieme-per-promuovere-la-mobilita-sostenibile\\\/#primaryimage\"},\"thumbnailUrl\":\"https:\\\/\\\/www.abmnews.com\\\/blog\\\/wp-content\\\/uploads\\\/2016\\\/02\\\/unnamed7.jpg\",\"datePublished\":\"2016-02-03T16:52:01+00:00\",\"breadcrumb\":{\"@id\":\"https:\\\/\\\/www.abmnews.com\\\/blog\\\/toyota-e-anci-lazio-insieme-per-promuovere-la-mobilita-sostenibile\\\/#breadcrumb\"},\"inLanguage\":\"it-IT\",\"potentialAction\":[{\"@type\":\"ReadAction\",\"target\":[\"https:\\\/\\\/www.abmnews.com\\\/blog\\\/toyota-e-anci-lazio-insieme-per-promuovere-la-mobilita-sostenibile\\\/\"]}]},{\"@type\":\"ImageObject\",\"inLanguage\":\"it-IT\",\"@id\":\"https:\\\/\\\/www.abmnews.com\\\/blog\\\/toyota-e-anci-lazio-insieme-per-promuovere-la-mobilita-sostenibile\\\/#primaryimage\",\"url\":\"https:\\\/\\\/www.abmnews.com\\\/blog\\\/wp-content\\\/uploads\\\/2016\\\/02\\\/unnamed7.jpg\",\"contentUrl\":\"https:\\\/\\\/www.abmnews.com\\\/blog\\\/wp-content\\\/uploads\\\/2016\\\/02\\\/unnamed7.jpg\",\"width\":128,\"height\":220},{\"@type\":\"BreadcrumbList\",\"@id\":\"https:\\\/\\\/www.abmnews.com\\\/blog\\\/toyota-e-anci-lazio-insieme-per-promuovere-la-mobilita-sostenibile\\\/#breadcrumb\",\"itemListElement\":[{\"@type\":\"ListItem\",\"position\":1,\"name\":\"Home\",\"item\":\"https:\\\/\\\/www.abmnews.com\\\/blog\\\/\"},{\"@type\":\"ListItem\",\"position\":2,\"name\":\"TOYOTA E ANCI LAZIO INSIEME PER PROMUOVERE LA MOBILITA\u2019 SOSTENIBILE\"}]},{\"@type\":\"WebSite\",\"@id\":\"https:\\\/\\\/www.abmnews.com\\\/blog\\\/#website\",\"url\":\"https:\\\/\\\/www.abmnews.com\\\/blog\\\/\",\"name\":\"AbmNews\",\"description\":\"\",\"publisher\":{\"@id\":\"https:\\\/\\\/www.abmnews.com\\\/blog\\\/#organization\"},\"potentialAction\":[{\"@type\":\"SearchAction\",\"target\":{\"@type\":\"EntryPoint\",\"urlTemplate\":\"https:\\\/\\\/www.abmnews.com\\\/blog\\\/?s={search_term_string}\"},\"query-input\":{\"@type\":\"PropertyValueSpecification\",\"valueRequired\":true,\"valueName\":\"search_term_string\"}}],\"inLanguage\":\"it-IT\"},{\"@type\":\"Organization\",\"@id\":\"https:\\\/\\\/www.abmnews.com\\\/blog\\\/#organization\",\"name\":\"AbmNews\",\"url\":\"https:\\\/\\\/www.abmnews.com\\\/blog\\\/\",\"logo\":{\"@type\":\"ImageObject\",\"inLanguage\":\"it-IT\",\"@id\":\"https:\\\/\\\/www.abmnews.com\\\/blog\\\/#\\\/schema\\\/logo\\\/image\\\/\",\"url\":\"http:\\\/\\\/www.abmnews.com\\\/blog\\\/wp-content\\\/uploads\\\/2026\\\/01\\\/logoabmnews544x180.png\",\"contentUrl\":\"http:\\\/\\\/www.abmnews.com\\\/blog\\\/wp-content\\\/uploads\\\/2026\\\/01\\\/logoabmnews544x180.png\",\"width\":544,\"height\":180,\"caption\":\"AbmNews\"},\"image\":{\"@id\":\"https:\\\/\\\/www.abmnews.com\\\/blog\\\/#\\\/schema\\\/logo\\\/image\\\/\"},\"sameAs\":[\"https:\\\/\\\/www.facebook.com\\\/ABMnews\",\"https:\\\/\\\/x.com\\\/ABMnewscom\",\"https:\\\/\\\/www.instagram.com\\\/abmnewsblog\"]},{\"@type\":\"Person\",\"@id\":\"https:\\\/\\\/www.abmnews.com\\\/blog\\\/#\\\/schema\\\/person\\\/2da21c254d26591b7993648c954826a2\",\"name\":\"Redazione\",\"image\":{\"@type\":\"ImageObject\",\"inLanguage\":\"it-IT\",\"@id\":\"https:\\\/\\\/secure.gravatar.com\\\/avatar\\\/888b71ec1a1241930daa72f4c66b40f2390ac7ac3003b2cea4bbb235380b9dc2?s=96&d=mm&r=g\",\"url\":\"https:\\\/\\\/secure.gravatar.com\\\/avatar\\\/888b71ec1a1241930daa72f4c66b40f2390ac7ac3003b2cea4bbb235380b9dc2?s=96&d=mm&r=g\",\"contentUrl\":\"https:\\\/\\\/secure.gravatar.com\\\/avatar\\\/888b71ec1a1241930daa72f4c66b40f2390ac7ac3003b2cea4bbb235380b9dc2?s=96&d=mm&r=g\",\"caption\":\"Redazione\"},\"url\":\"https:\\\/\\\/www.abmnews.com\\\/blog\\\/author\\\/redazione\\\/\"}]}<\/script>\n<!-- \/ Yoast SEO plugin. -->","yoast_head_json":{"title":"TOYOTA E ANCI LAZIO INSIEME PER PROMUOVERE LA MOBILITA\u2019 SOSTENIBILE - AbmNews","robots":{"index":"index","follow":"follow","max-snippet":"max-snippet:-1","max-image-preview":"max-image-preview:large","max-video-preview":"max-video-preview:-1"},"canonical":"https:\/\/www.abmnews.com\/blog\/toyota-e-anci-lazio-insieme-per-promuovere-la-mobilita-sostenibile\/","og_locale":"it_IT","og_type":"article","og_title":"TOYOTA E ANCI LAZIO INSIEME PER PROMUOVERE LA MOBILITA\u2019 SOSTENIBILE - AbmNews","og_description":"L\u2019emergenza smog e l\u2019impatto sulla salute dei cittadini, a cui segue il continuo blocco auto nelle principali citt\u00e0 italiane, evidenziano la necessit\u00e0 di introdurre validi provvedimenti per diffondere un nuovo concetto di mobilit\u00e0 sostenibile, ridurre il livello dell\u2019inquinamento e cambiare radicalmente una situazione diventata sempre pi\u00f9 problematica per la qualit\u00e0 di vita della popolazione. Questi [&hellip;]","og_url":"https:\/\/www.abmnews.com\/blog\/toyota-e-anci-lazio-insieme-per-promuovere-la-mobilita-sostenibile\/","og_site_name":"AbmNews","article_publisher":"https:\/\/www.facebook.com\/ABMnews","article_published_time":"2016-02-03T16:52:01+00:00","og_image":[{"width":128,"height":220,"url":"https:\/\/www.abmnews.com\/blog\/wp-content\/uploads\/2016\/02\/unnamed7.jpg","type":"image\/jpeg"}],"author":"Redazione","twitter_card":"summary_large_image","twitter_creator":"@ABMnewscom","twitter_site":"@ABMnewscom","twitter_misc":{"Scritto da":"Redazione","Tempo di lettura stimato":"4 minuti"},"schema":{"@context":"https:\/\/schema.org","@graph":[{"@type":"Article","@id":"https:\/\/www.abmnews.com\/blog\/toyota-e-anci-lazio-insieme-per-promuovere-la-mobilita-sostenibile\/#article","isPartOf":{"@id":"https:\/\/www.abmnews.com\/blog\/toyota-e-anci-lazio-insieme-per-promuovere-la-mobilita-sostenibile\/"},"author":{"name":"Redazione","@id":"https:\/\/www.abmnews.com\/blog\/#\/schema\/person\/2da21c254d26591b7993648c954826a2"},"headline":"TOYOTA E ANCI LAZIO INSIEME PER PROMUOVERE LA MOBILITA\u2019 SOSTENIBILE","datePublished":"2016-02-03T16:52:01+00:00","mainEntityOfPage":{"@id":"https:\/\/www.abmnews.com\/blog\/toyota-e-anci-lazio-insieme-per-promuovere-la-mobilita-sostenibile\/"},"wordCount":719,"publisher":{"@id":"https:\/\/www.abmnews.com\/blog\/#organization"},"image":{"@id":"https:\/\/www.abmnews.com\/blog\/toyota-e-anci-lazio-insieme-per-promuovere-la-mobilita-sostenibile\/#primaryimage"},"thumbnailUrl":"https:\/\/www.abmnews.com\/blog\/wp-content\/uploads\/2016\/02\/unnamed7.jpg","articleSection":["Toyota"],"inLanguage":"it-IT"},{"@type":"WebPage","@id":"https:\/\/www.abmnews.com\/blog\/toyota-e-anci-lazio-insieme-per-promuovere-la-mobilita-sostenibile\/","url":"https:\/\/www.abmnews.com\/blog\/toyota-e-anci-lazio-insieme-per-promuovere-la-mobilita-sostenibile\/","name":"TOYOTA E ANCI LAZIO INSIEME PER PROMUOVERE LA MOBILITA\u2019 SOSTENIBILE - AbmNews","isPartOf":{"@id":"https:\/\/www.abmnews.com\/blog\/#website"},"primaryImageOfPage":{"@id":"https:\/\/www.abmnews.com\/blog\/toyota-e-anci-lazio-insieme-per-promuovere-la-mobilita-sostenibile\/#primaryimage"},"image":{"@id":"https:\/\/www.abmnews.com\/blog\/toyota-e-anci-lazio-insieme-per-promuovere-la-mobilita-sostenibile\/#primaryimage"},"thumbnailUrl":"https:\/\/www.abmnews.com\/blog\/wp-content\/uploads\/2016\/02\/unnamed7.jpg","datePublished":"2016-02-03T16:52:01+00:00","breadcrumb":{"@id":"https:\/\/www.abmnews.com\/blog\/toyota-e-anci-lazio-insieme-per-promuovere-la-mobilita-sostenibile\/#breadcrumb"},"inLanguage":"it-IT","potentialAction":[{"@type":"ReadAction","target":["https:\/\/www.abmnews.com\/blog\/toyota-e-anci-lazio-insieme-per-promuovere-la-mobilita-sostenibile\/"]}]},{"@type":"ImageObject","inLanguage":"it-IT","@id":"https:\/\/www.abmnews.com\/blog\/toyota-e-anci-lazio-insieme-per-promuovere-la-mobilita-sostenibile\/#primaryimage","url":"https:\/\/www.abmnews.com\/blog\/wp-content\/uploads\/2016\/02\/unnamed7.jpg","contentUrl":"https:\/\/www.abmnews.com\/blog\/wp-content\/uploads\/2016\/02\/unnamed7.jpg","width":128,"height":220},{"@type":"BreadcrumbList","@id":"https:\/\/www.abmnews.com\/blog\/toyota-e-anci-lazio-insieme-per-promuovere-la-mobilita-sostenibile\/#breadcrumb","itemListElement":[{"@type":"ListItem","position":1,"name":"Home","item":"https:\/\/www.abmnews.com\/blog\/"},{"@type":"ListItem","position":2,"name":"TOYOTA E ANCI LAZIO INSIEME PER PROMUOVERE LA MOBILITA\u2019 SOSTENIBILE"}]},{"@type":"WebSite","@id":"https:\/\/www.abmnews.com\/blog\/#website","url":"https:\/\/www.abmnews.com\/blog\/","name":"AbmNews","description":"","publisher":{"@id":"https:\/\/www.abmnews.com\/blog\/#organization"},"potentialAction":[{"@type":"SearchAction","target":{"@type":"EntryPoint","urlTemplate":"https:\/\/www.abmnews.com\/blog\/?s={search_term_string}"},"query-input":{"@type":"PropertyValueSpecification","valueRequired":true,"valueName":"search_term_string"}}],"inLanguage":"it-IT"},{"@type":"Organization","@id":"https:\/\/www.abmnews.com\/blog\/#organization","name":"AbmNews","url":"https:\/\/www.abmnews.com\/blog\/","logo":{"@type":"ImageObject","inLanguage":"it-IT","@id":"https:\/\/www.abmnews.com\/blog\/#\/schema\/logo\/image\/","url":"http:\/\/www.abmnews.com\/blog\/wp-content\/uploads\/2026\/01\/logoabmnews544x180.png","contentUrl":"http:\/\/www.abmnews.com\/blog\/wp-content\/uploads\/2026\/01\/logoabmnews544x180.png","width":544,"height":180,"caption":"AbmNews"},"image":{"@id":"https:\/\/www.abmnews.com\/blog\/#\/schema\/logo\/image\/"},"sameAs":["https:\/\/www.facebook.com\/ABMnews","https:\/\/x.com\/ABMnewscom","https:\/\/www.instagram.com\/abmnewsblog"]},{"@type":"Person","@id":"https:\/\/www.abmnews.com\/blog\/#\/schema\/person\/2da21c254d26591b7993648c954826a2","name":"Redazione","image":{"@type":"ImageObject","inLanguage":"it-IT","@id":"https:\/\/secure.gravatar.com\/avatar\/888b71ec1a1241930daa72f4c66b40f2390ac7ac3003b2cea4bbb235380b9dc2?s=96&d=mm&r=g","url":"https:\/\/secure.gravatar.com\/avatar\/888b71ec1a1241930daa72f4c66b40f2390ac7ac3003b2cea4bbb235380b9dc2?s=96&d=mm&r=g","contentUrl":"https:\/\/secure.gravatar.com\/avatar\/888b71ec1a1241930daa72f4c66b40f2390ac7ac3003b2cea4bbb235380b9dc2?s=96&d=mm&r=g","caption":"Redazione"},"url":"https:\/\/www.abmnews.com\/blog\/author\/redazione\/"}]}},"_links":{"self":[{"href":"https:\/\/www.abmnews.com\/blog\/wp-json\/wp\/v2\/posts\/23180","targetHints":{"allow":["GET"]}}],"collection":[{"href":"https:\/\/www.abmnews.com\/blog\/wp-json\/wp\/v2\/posts"}],"about":[{"href":"https:\/\/www.abmnews.com\/blog\/wp-json\/wp\/v2\/types\/post"}],"author":[{"embeddable":true,"href":"https:\/\/www.abmnews.com\/blog\/wp-json\/wp\/v2\/users\/2"}],"replies":[{"embeddable":true,"href":"https:\/\/www.abmnews.com\/blog\/wp-json\/wp\/v2\/comments?post=23180"}],"version-history":[{"count":1,"href":"https:\/\/www.abmnews.com\/blog\/wp-json\/wp\/v2\/posts\/23180\/revisions"}],"predecessor-version":[{"id":23182,"href":"https:\/\/www.abmnews.com\/blog\/wp-json\/wp\/v2\/posts\/23180\/revisions\/23182"}],"wp:featuredmedia":[{"embeddable":true,"href":"https:\/\/www.abmnews.com\/blog\/wp-json\/wp\/v2\/media\/23181"}],"wp:attachment":[{"href":"https:\/\/www.abmnews.com\/blog\/wp-json\/wp\/v2\/media?parent=23180"}],"wp:term":[{"taxonomy":"category","embeddable":true,"href":"https:\/\/www.abmnews.com\/blog\/wp-json\/wp\/v2\/categories?post=23180"},{"taxonomy":"post_tag","embeddable":true,"href":"https:\/\/www.abmnews.com\/blog\/wp-json\/wp\/v2\/tags?post=23180"}],"curies":[{"name":"wp","href":"https:\/\/api.w.org\/{rel}","templated":true}]}}