{"id":30947,"date":"2018-02-20T16:00:23","date_gmt":"2018-02-20T15:00:23","guid":{"rendered":"http:\/\/abmnews.com\/blog\/?p=30947"},"modified":"2018-02-20T08:33:16","modified_gmt":"2018-02-20T07:33:16","slug":"opel-combo-life-dedicato-alle-famiglie","status":"publish","type":"post","link":"https:\/\/www.abmnews.com\/blog\/opel-combo-life-dedicato-alle-famiglie\/","title":{"rendered":"Opel Combo Life: dedicato alle famiglie"},"content":{"rendered":"<p>Non \u00e8 la prima volta che <strong>Opel<\/strong> stupisce con prodotti specifici, fatti ad hoc per un target ben preciso. E\u2019 il caso, per esempio, del <strong>nuovo Combo Life<\/strong> dedicato alle famiglie\u2026<!--more--><\/p>\n<p>Prosegue l&#8217;offensiva di prodotto di Opel che lancia un vero tuttofare, il nuovo Opel Combo Life, una familiare capace di meraviglie e piena di innovazioni, utile per qualsiasi necessit\u00e0. Si tratta di una vettura molto spaziosa, estremamente pratica e versatile, equipaggiata con una o due porte scorrevoli posteriori e disponibile nella versione a <strong>passo corto (4,40 metri) o lungo (4,75\u00a0metri)<\/strong> e con <strong>cinque o sette posti<\/strong>. Grazie al nuovo Opel Combo Life, diventerai l&#8217;eroe della tua squadra sportiva, riuscendo a portare al prossimo incontro tutti i componenti di un team da sette e l&#8217;equipaggiamento necessario.<\/p>\n<p>Le \u201cestensioni\u201d della tua famiglia potranno viaggiare in tutto relax sui tre sedili posteriori, tutti dotati di attacchi Isofix, e si godranno una meravigliosa vista del cielo grazie al tetto panoramico. Anche i tuoi amici adoreranno l&#8217;eccezionale spaziosit\u00e0 del nuovo Opel Combo Life e ti chiederanno di averlo in prestito per andare a fare acquisti presso il pi\u00f9 vicino negozio di mobili svedesi. Ma quello che colpisce di pi\u00f9 \u00e8 che il nuovo Opel Combo Life alza l&#8217;asticella dal punto di vista tecnico nel segmento e porta il livello di sicurezza e comfort a nuove altezze. \u00c8 dotato di tecnologie e sistemi di assistenza alla guida solitamente presenti nel segmento delle compatte o dei SUV come il <strong>Sistema di rilevamento stanchezza Driver Drowsiness Alert,<\/strong> la telecamera posteriore con visione a 180\u00b0, lo head-up-display, l&#8217;IntelliGrip e di funzioni di comfort come i sedili riscaldabili e il volante riscaldabile in pelle. Oltre a tutto questo, il nuovo Opel Combo Life \u00e8 anche molto piacevole da vedere grazie alle proporzioni grintose che lo rendono forte e robusto<\/p>\n<p><strong>\u00a0Tecnologie e sistemi di assistenza alla guida<\/strong>. Il nuovo Opel Combo Life \u00e8 dotato di un numero significativamente superiore di funzioni e tecnologie di sicurezza e comfort, alzando il livello nel segmento. Opel si \u00e8 resa conto che i clienti desiderano che anche le famiglie possano disporre delle soluzioni pi\u00f9 avanzate e lo ha equipaggiato con un gran numero di tecnologie utili nella guida quotidiana.<\/p>\n<p>Tra le <strong>innovative soluzioni hi-tech di Opel Combo Life<\/strong>, fondamentali per la sicurezza, si annoverano le seguenti:<\/p>\n<p><strong>* Lo head-up-display<\/strong> riduce il pericolo di distrazioni e proietta i dati pi\u00f9 importanti nel campo visivo del guidatore, permettendogli cos\u00ec di non distogliere gli occhi dalla strada<\/p>\n<p><strong>* L&#8217;Allerta incidente<\/strong> con Rilevamento pedoni e Frenata automatica di emergenza1 aiuta a evitare gli incidenti. Il sistema attiva un allarme sonoro e visivo e frena in maniera automatica se la distanza rispetto al veicolo che precede diminuisce rapidamente senza che il guidatore reagisca in alcun modo.<\/p>\n<p><strong>* La telecamera anteriore Opel Eye<\/strong>, gi\u00e0 presente su modelli Opel di grandissimo successo come Astra, Corsa e Mokka X, \u00e8 in grado di elaborare grandi quantit\u00e0 di dati e costituisce la base per sistemi di assistenza alla guida come il Riconoscimento limiti di velocit\u00e0 e il Sistema di mantenimento della corsia di marcia Lane Keep Assist.<\/p>\n<p><strong>* Il Cruise Control Automatico<\/strong> adatta la velocit\u00e0 a quella del veicolo che precede, se necessario.<\/p>\n<p><strong>* Il sistema di Adattamento intelligente<\/strong> della velocit\u00e0 comunica al guidatore che il Riconoscimento limiti di velocit\u00e0 ha rilevato un nuovo limite. Se si \u00e8 attivato il cruise control o il limitatore, al centro del cruscotto comparir\u00e0 un messaggio per chiedere al guidatore se intende adattare la velocit\u00e0<\/p>\n<p><strong>* Il Sistema di rilevamento stanchezza<\/strong> Driver Drowsiness Alert valuta il livello di affaticamento in base allo stile di guida e suggerisce al guidatore di prendersi una meritata pausa alla prossima stazione di servizio.<\/p>\n<p><strong>Le manovre di parcheggio diventano pi\u00f9 sicure e semplici grazie ai seguenti sistemi: <\/strong><\/p>\n<p><strong>* Sistema di protezione della fiancata Flank Guard<\/strong> &#8211; una novit\u00e0 nella gamma Opel di sistemi di assistenza alle manovre di parcheggio. Aiuta il guidatore nelle curve a bassa velocit\u00e0, avvisandolo se rischia di toccare un ostacolo (colonnine, barriere, muri o altri veicoli) con la fiancata della vettura. Il sistema Flank Guard \u00e8 composto da dodici sensori che analizzano la zona intorno al veicolo e avvisano attraverso lo schermo del sistema di infotainment se viene rilevato un potenziale pericolo di urto. L&#8217;allarme visivo \u00e8 accompagnato da un suono.<\/p>\n<p><strong>* La telecamera panoramica posteriore,<\/strong> aumenta la visuale sul retro della vettura a 180 gradi in modo che il guidatore sia in grado di vedere altri utenti della strada che si avvicinano da entrambi i lati quando procede in retromarcia.<\/p>\n<p><strong>* Il sistema di assistenza automatica al parcheggio Advanced Park Assist<\/strong> facilita ulteriormente i parcheggi. Il sistema riconosce uno spazio adatto e parcheggia automaticamente la vettura. \u00c8 anche in grado di fare uscire automaticamente la vettura dal parcheggio. In entrambi i casi, il guidatore deve solo azionare i pedali e la leva del cambio.<\/p>\n<p>Le famiglie amanti dell&#8217;avventura che intendono abbandonare la rete stradale normale non dovranno pi\u00f9 preoccuparsi delle condizioni del percorso, grazie a una soluzione intelligente:<\/p>\n<p><strong>* Il controllo della trazione IntelliGrip<\/strong>, a richiesta, gi\u00e0 conosciuto con Opel Grandland X, \u00e8 un differenziale elettronico anteriore in grado di adattare la distribuzione della coppia alle ruote anteriori, di permettere lo slittamento delle ruote quando \u00e8 necessario e, in abbinamento al cambio automatico, di ottimizzare i punti di cambiata e la risposta del pedale dell&#8217;acceleratore. In questo modo la vettura ha sempre trazione e stabilit\u00e0, indipendentemente dal fatto che Combo Life viaggi sul fango, sulla sabbia, sul bagnato o sulla neve.<\/p>\n<p>Le escursioni invernali diventano pi\u00f9 piacevoli grazie alle numerose funzioni di comfort:<\/p>\n<p><strong>* Il volante riscaldabile<\/strong> di pelle \u00e8 unico nel segmento e permette a chi guida Combo Life di non avere pi\u00f9 le mani gelate.<\/p>\n<p><strong>* I sedili anteriori riscaldabili<\/strong> tengono a bada il freddo e aumentano il benessere.<\/p>\n<p><strong>* Il riscaldamento ausiliario<\/strong> funziona indipendentemente dal motore ed \u00e8 in grado di preriscaldare il veicolo prima della partenza. Il riscaldamento ausiliario pu\u00f2 essere attivato con il timer o il telecomando, creando una temperatura piacevole e confortevole.<\/p>\n<p>Nel tipico stile Opel, Combo Life offre inoltre <strong>sistemi di infotainment all&#8217;avanguardia,<\/strong> compatibili con Apple CarPlay e Android Auto e dotati di schermo touch capacitivo a colori di dimensioni fino a otto pollici. Il divertimento dei viaggiatori viene ulteriormente garantito dalle diverse possibilit\u00e0 di ricarica. Le porte USB in prima e in seconda fila consentono di ricaricare tablet e smartphone anche mentre i bambini stanno seguendo lo YouTuber preferito. La presa elettrica da 230V nel vano piedi anteriore consente a un passeggero di alimentare il proprio laptop. Inoltre, gli smartphone compatibili possono essere ricaricati anche in modalit\u00e0 wireless grazie al carica-batterie a induzione posizionato sotto i comandi del climatizzatore.<\/p>\n<p><strong>Sotto il cofano<\/strong>, i clienti di Opel Combo Life troveranno <strong>diversi motori turbo benzina e diesel<\/strong> a iniezione diretta. Tutte le unit\u00e0 uniscono piacere di guida e bassi consumi. I motori sono abbinati a cambi manuali a cinque o sei velocit\u00e0 e per la prima volta nel segmento \u00e8 disponibile anche un cambio automatico a otto velocit\u00e0.<\/p>\n<p><img loading=\"lazy\" decoding=\"async\" class=\"alignnone size-medium wp-image-30949\" src=\"http:\/\/abmnews.com\/blog\/wp-content\/uploads\/2018\/02\/thumbnail-1-6-300x200.jpg\" alt=\"\" width=\"300\" height=\"200\" srcset=\"https:\/\/www.abmnews.com\/blog\/wp-content\/uploads\/2018\/02\/thumbnail-1-6-300x200.jpg 300w, https:\/\/www.abmnews.com\/blog\/wp-content\/uploads\/2018\/02\/thumbnail-1-6.jpg 640w\" sizes=\"auto, (max-width: 300px) 100vw, 300px\" \/> <img loading=\"lazy\" decoding=\"async\" class=\"alignnone size-medium wp-image-30950\" src=\"http:\/\/abmnews.com\/blog\/wp-content\/uploads\/2018\/02\/thumbnail-2-4-300x200.jpg\" alt=\"\" width=\"300\" height=\"200\" srcset=\"https:\/\/www.abmnews.com\/blog\/wp-content\/uploads\/2018\/02\/thumbnail-2-4-300x200.jpg 300w, https:\/\/www.abmnews.com\/blog\/wp-content\/uploads\/2018\/02\/thumbnail-2-4.jpg 640w\" sizes=\"auto, (max-width: 300px) 100vw, 300px\" \/> <img loading=\"lazy\" decoding=\"async\" class=\"alignnone size-medium wp-image-30951\" src=\"http:\/\/abmnews.com\/blog\/wp-content\/uploads\/2018\/02\/thumbnail-4-3-300x200.jpg\" alt=\"\" width=\"300\" height=\"200\" srcset=\"https:\/\/www.abmnews.com\/blog\/wp-content\/uploads\/2018\/02\/thumbnail-4-3-300x200.jpg 300w, https:\/\/www.abmnews.com\/blog\/wp-content\/uploads\/2018\/02\/thumbnail-4-3.jpg 640w\" sizes=\"auto, (max-width: 300px) 100vw, 300px\" \/> <img loading=\"lazy\" decoding=\"async\" class=\"alignnone size-medium wp-image-30952\" src=\"http:\/\/abmnews.com\/blog\/wp-content\/uploads\/2018\/02\/thumbnail-11-300x200.jpg\" alt=\"\" width=\"300\" height=\"200\" srcset=\"https:\/\/www.abmnews.com\/blog\/wp-content\/uploads\/2018\/02\/thumbnail-11-300x200.jpg 300w, https:\/\/www.abmnews.com\/blog\/wp-content\/uploads\/2018\/02\/thumbnail-11.jpg 640w\" sizes=\"auto, (max-width: 300px) 100vw, 300px\" \/><\/p>\n<p>&nbsp;<\/p>\n<p>&nbsp;<\/p>\n<p>&nbsp;<\/p>\n","protected":false},"excerpt":{"rendered":"<p>Non \u00e8 la prima volta che Opel stupisce con prodotti specifici, fatti ad hoc per un target ben preciso. E\u2019 il caso, per esempio, del nuovo Combo Life dedicato alle famiglie\u2026<\/p>\n","protected":false},"author":2,"featured_media":30948,"comment_status":"closed","ping_status":"open","sticky":false,"template":"","format":"standard","meta":{"tdm_status":"","tdm_grid_status":"","footnotes":""},"categories":[295],"tags":[6723,80,6722,6724,6726,6725],"class_list":["post-30947","post","type-post","status-publish","format-standard","has-post-thumbnail","category-opel","tag-auto-familiari","tag-featured","tag-sistema-di-rilevamento-stanchezza-driver-drowsiness-alert","tag-soluzioni-hi-tech","tag-tecnologie-e-sistemi-di-assistenza-alla-guida"],"yoast_head":"<!-- This site is optimized with the Yoast SEO plugin v28.0 - https:\/\/yoast.com\/product\/yoast-seo-wordpress\/ -->\n<title>Opel Combo Life: dedicato alle famiglie - AbmNews<\/title>\n<meta name=\"robots\" content=\"index, follow, max-snippet:-1, max-image-preview:large, max-video-preview:-1\" \/>\n<link rel=\"canonical\" href=\"https:\/\/www.abmnews.com\/blog\/opel-combo-life-dedicato-alle-famiglie\/\" \/>\n<meta property=\"og:locale\" content=\"it_IT\" \/>\n<meta property=\"og:type\" content=\"article\" \/>\n<meta property=\"og:title\" content=\"Opel Combo Life: dedicato alle famiglie - AbmNews\" \/>\n<meta property=\"og:description\" content=\"Non \u00e8 la prima volta che Opel stupisce con prodotti specifici, fatti ad hoc per un target ben preciso. E\u2019 il caso, per esempio, del nuovo Combo Life dedicato alle famiglie\u2026\" \/>\n<meta property=\"og:url\" content=\"https:\/\/www.abmnews.com\/blog\/opel-combo-life-dedicato-alle-famiglie\/\" \/>\n<meta property=\"og:site_name\" content=\"AbmNews\" \/>\n<meta property=\"article:publisher\" content=\"https:\/\/www.facebook.com\/ABMnews\" \/>\n<meta property=\"article:published_time\" content=\"2018-02-20T15:00:23+00:00\" \/>\n<meta property=\"og:image\" content=\"https:\/\/www.abmnews.com\/blog\/wp-content\/uploads\/2018\/02\/thumbnail-5-1.jpg\" \/>\n\t<meta property=\"og:image:width\" content=\"640\" \/>\n\t<meta property=\"og:image:height\" content=\"427\" \/>\n\t<meta property=\"og:image:type\" content=\"image\/jpeg\" \/>\n<meta name=\"author\" content=\"Redazione\" \/>\n<meta name=\"twitter:card\" content=\"summary_large_image\" \/>\n<meta name=\"twitter:creator\" content=\"@ABMnewscom\" \/>\n<meta name=\"twitter:site\" content=\"@ABMnewscom\" \/>\n<meta name=\"twitter:label1\" content=\"Scritto da\" \/>\n\t<meta name=\"twitter:data1\" content=\"Redazione\" \/>\n\t<meta name=\"twitter:label2\" content=\"Tempo di lettura stimato\" \/>\n\t<meta name=\"twitter:data2\" content=\"6 minuti\" \/>\n<script type=\"application\/ld+json\" class=\"yoast-schema-graph\">{\"@context\":\"https:\\\/\\\/schema.org\",\"@graph\":[{\"@type\":\"Article\",\"@id\":\"https:\\\/\\\/www.abmnews.com\\\/blog\\\/opel-combo-life-dedicato-alle-famiglie\\\/#article\",\"isPartOf\":{\"@id\":\"https:\\\/\\\/www.abmnews.com\\\/blog\\\/opel-combo-life-dedicato-alle-famiglie\\\/\"},\"author\":{\"name\":\"Redazione\",\"@id\":\"https:\\\/\\\/www.abmnews.com\\\/blog\\\/#\\\/schema\\\/person\\\/2da21c254d26591b7993648c954826a2\"},\"headline\":\"Opel Combo Life: dedicato alle famiglie\",\"datePublished\":\"2018-02-20T15:00:23+00:00\",\"mainEntityOfPage\":{\"@id\":\"https:\\\/\\\/www.abmnews.com\\\/blog\\\/opel-combo-life-dedicato-alle-famiglie\\\/\"},\"wordCount\":1155,\"publisher\":{\"@id\":\"https:\\\/\\\/www.abmnews.com\\\/blog\\\/#organization\"},\"image\":{\"@id\":\"https:\\\/\\\/www.abmnews.com\\\/blog\\\/opel-combo-life-dedicato-alle-famiglie\\\/#primaryimage\"},\"thumbnailUrl\":\"https:\\\/\\\/www.abmnews.com\\\/blog\\\/wp-content\\\/uploads\\\/2018\\\/02\\\/thumbnail-5-1.jpg\",\"keywords\":[\"auto familiari\",\"Featured\",\"Opel Combo Life\",\"Sistema di rilevamento stanchezza Driver Drowsiness Alert\",\"soluzioni hi-tech\",\"Tecnologie e sistemi di assistenza alla guida\"],\"articleSection\":[\"Opel\"],\"inLanguage\":\"it-IT\"},{\"@type\":\"WebPage\",\"@id\":\"https:\\\/\\\/www.abmnews.com\\\/blog\\\/opel-combo-life-dedicato-alle-famiglie\\\/\",\"url\":\"https:\\\/\\\/www.abmnews.com\\\/blog\\\/opel-combo-life-dedicato-alle-famiglie\\\/\",\"name\":\"Opel Combo Life: dedicato alle famiglie - AbmNews\",\"isPartOf\":{\"@id\":\"https:\\\/\\\/www.abmnews.com\\\/blog\\\/#website\"},\"primaryImageOfPage\":{\"@id\":\"https:\\\/\\\/www.abmnews.com\\\/blog\\\/opel-combo-life-dedicato-alle-famiglie\\\/#primaryimage\"},\"image\":{\"@id\":\"https:\\\/\\\/www.abmnews.com\\\/blog\\\/opel-combo-life-dedicato-alle-famiglie\\\/#primaryimage\"},\"thumbnailUrl\":\"https:\\\/\\\/www.abmnews.com\\\/blog\\\/wp-content\\\/uploads\\\/2018\\\/02\\\/thumbnail-5-1.jpg\",\"datePublished\":\"2018-02-20T15:00:23+00:00\",\"breadcrumb\":{\"@id\":\"https:\\\/\\\/www.abmnews.com\\\/blog\\\/opel-combo-life-dedicato-alle-famiglie\\\/#breadcrumb\"},\"inLanguage\":\"it-IT\",\"potentialAction\":[{\"@type\":\"ReadAction\",\"target\":[\"https:\\\/\\\/www.abmnews.com\\\/blog\\\/opel-combo-life-dedicato-alle-famiglie\\\/\"]}]},{\"@type\":\"ImageObject\",\"inLanguage\":\"it-IT\",\"@id\":\"https:\\\/\\\/www.abmnews.com\\\/blog\\\/opel-combo-life-dedicato-alle-famiglie\\\/#primaryimage\",\"url\":\"https:\\\/\\\/www.abmnews.com\\\/blog\\\/wp-content\\\/uploads\\\/2018\\\/02\\\/thumbnail-5-1.jpg\",\"contentUrl\":\"https:\\\/\\\/www.abmnews.com\\\/blog\\\/wp-content\\\/uploads\\\/2018\\\/02\\\/thumbnail-5-1.jpg\",\"width\":640,\"height\":427},{\"@type\":\"BreadcrumbList\",\"@id\":\"https:\\\/\\\/www.abmnews.com\\\/blog\\\/opel-combo-life-dedicato-alle-famiglie\\\/#breadcrumb\",\"itemListElement\":[{\"@type\":\"ListItem\",\"position\":1,\"name\":\"Home\",\"item\":\"https:\\\/\\\/www.abmnews.com\\\/blog\\\/\"},{\"@type\":\"ListItem\",\"position\":2,\"name\":\"Opel Combo Life: dedicato alle famiglie\"}]},{\"@type\":\"WebSite\",\"@id\":\"https:\\\/\\\/www.abmnews.com\\\/blog\\\/#website\",\"url\":\"https:\\\/\\\/www.abmnews.com\\\/blog\\\/\",\"name\":\"AbmNews\",\"description\":\"\",\"publisher\":{\"@id\":\"https:\\\/\\\/www.abmnews.com\\\/blog\\\/#organization\"},\"potentialAction\":[{\"@type\":\"SearchAction\",\"target\":{\"@type\":\"EntryPoint\",\"urlTemplate\":\"https:\\\/\\\/www.abmnews.com\\\/blog\\\/?s={search_term_string}\"},\"query-input\":{\"@type\":\"PropertyValueSpecification\",\"valueRequired\":true,\"valueName\":\"search_term_string\"}}],\"inLanguage\":\"it-IT\"},{\"@type\":\"Organization\",\"@id\":\"https:\\\/\\\/www.abmnews.com\\\/blog\\\/#organization\",\"name\":\"AbmNews\",\"url\":\"https:\\\/\\\/www.abmnews.com\\\/blog\\\/\",\"logo\":{\"@type\":\"ImageObject\",\"inLanguage\":\"it-IT\",\"@id\":\"https:\\\/\\\/www.abmnews.com\\\/blog\\\/#\\\/schema\\\/logo\\\/image\\\/\",\"url\":\"http:\\\/\\\/www.abmnews.com\\\/blog\\\/wp-content\\\/uploads\\\/2026\\\/01\\\/logoabmnews544x180.png\",\"contentUrl\":\"http:\\\/\\\/www.abmnews.com\\\/blog\\\/wp-content\\\/uploads\\\/2026\\\/01\\\/logoabmnews544x180.png\",\"width\":544,\"height\":180,\"caption\":\"AbmNews\"},\"image\":{\"@id\":\"https:\\\/\\\/www.abmnews.com\\\/blog\\\/#\\\/schema\\\/logo\\\/image\\\/\"},\"sameAs\":[\"https:\\\/\\\/www.facebook.com\\\/ABMnews\",\"https:\\\/\\\/x.com\\\/ABMnewscom\",\"https:\\\/\\\/www.instagram.com\\\/abmnewsblog\"]},{\"@type\":\"Person\",\"@id\":\"https:\\\/\\\/www.abmnews.com\\\/blog\\\/#\\\/schema\\\/person\\\/2da21c254d26591b7993648c954826a2\",\"name\":\"Redazione\",\"image\":{\"@type\":\"ImageObject\",\"inLanguage\":\"it-IT\",\"@id\":\"https:\\\/\\\/secure.gravatar.com\\\/avatar\\\/888b71ec1a1241930daa72f4c66b40f2390ac7ac3003b2cea4bbb235380b9dc2?s=96&d=mm&r=g\",\"url\":\"https:\\\/\\\/secure.gravatar.com\\\/avatar\\\/888b71ec1a1241930daa72f4c66b40f2390ac7ac3003b2cea4bbb235380b9dc2?s=96&d=mm&r=g\",\"contentUrl\":\"https:\\\/\\\/secure.gravatar.com\\\/avatar\\\/888b71ec1a1241930daa72f4c66b40f2390ac7ac3003b2cea4bbb235380b9dc2?s=96&d=mm&r=g\",\"caption\":\"Redazione\"},\"url\":\"https:\\\/\\\/www.abmnews.com\\\/blog\\\/author\\\/redazione\\\/\"}]}<\/script>\n<!-- \/ Yoast SEO plugin. -->","yoast_head_json":{"title":"Opel Combo Life: dedicato alle famiglie - AbmNews","robots":{"index":"index","follow":"follow","max-snippet":"max-snippet:-1","max-image-preview":"max-image-preview:large","max-video-preview":"max-video-preview:-1"},"canonical":"https:\/\/www.abmnews.com\/blog\/opel-combo-life-dedicato-alle-famiglie\/","og_locale":"it_IT","og_type":"article","og_title":"Opel Combo Life: dedicato alle famiglie - AbmNews","og_description":"Non \u00e8 la prima volta che Opel stupisce con prodotti specifici, fatti ad hoc per un target ben preciso. E\u2019 il caso, per esempio, del nuovo Combo Life dedicato alle famiglie\u2026","og_url":"https:\/\/www.abmnews.com\/blog\/opel-combo-life-dedicato-alle-famiglie\/","og_site_name":"AbmNews","article_publisher":"https:\/\/www.facebook.com\/ABMnews","article_published_time":"2018-02-20T15:00:23+00:00","og_image":[{"width":640,"height":427,"url":"https:\/\/www.abmnews.com\/blog\/wp-content\/uploads\/2018\/02\/thumbnail-5-1.jpg","type":"image\/jpeg"}],"author":"Redazione","twitter_card":"summary_large_image","twitter_creator":"@ABMnewscom","twitter_site":"@ABMnewscom","twitter_misc":{"Scritto da":"Redazione","Tempo di lettura stimato":"6 minuti"},"schema":{"@context":"https:\/\/schema.org","@graph":[{"@type":"Article","@id":"https:\/\/www.abmnews.com\/blog\/opel-combo-life-dedicato-alle-famiglie\/#article","isPartOf":{"@id":"https:\/\/www.abmnews.com\/blog\/opel-combo-life-dedicato-alle-famiglie\/"},"author":{"name":"Redazione","@id":"https:\/\/www.abmnews.com\/blog\/#\/schema\/person\/2da21c254d26591b7993648c954826a2"},"headline":"Opel Combo Life: dedicato alle famiglie","datePublished":"2018-02-20T15:00:23+00:00","mainEntityOfPage":{"@id":"https:\/\/www.abmnews.com\/blog\/opel-combo-life-dedicato-alle-famiglie\/"},"wordCount":1155,"publisher":{"@id":"https:\/\/www.abmnews.com\/blog\/#organization"},"image":{"@id":"https:\/\/www.abmnews.com\/blog\/opel-combo-life-dedicato-alle-famiglie\/#primaryimage"},"thumbnailUrl":"https:\/\/www.abmnews.com\/blog\/wp-content\/uploads\/2018\/02\/thumbnail-5-1.jpg","keywords":["auto familiari","Featured","Opel Combo Life","Sistema di rilevamento stanchezza Driver Drowsiness Alert","soluzioni hi-tech","Tecnologie e sistemi di assistenza alla guida"],"articleSection":["Opel"],"inLanguage":"it-IT"},{"@type":"WebPage","@id":"https:\/\/www.abmnews.com\/blog\/opel-combo-life-dedicato-alle-famiglie\/","url":"https:\/\/www.abmnews.com\/blog\/opel-combo-life-dedicato-alle-famiglie\/","name":"Opel Combo Life: dedicato alle famiglie - AbmNews","isPartOf":{"@id":"https:\/\/www.abmnews.com\/blog\/#website"},"primaryImageOfPage":{"@id":"https:\/\/www.abmnews.com\/blog\/opel-combo-life-dedicato-alle-famiglie\/#primaryimage"},"image":{"@id":"https:\/\/www.abmnews.com\/blog\/opel-combo-life-dedicato-alle-famiglie\/#primaryimage"},"thumbnailUrl":"https:\/\/www.abmnews.com\/blog\/wp-content\/uploads\/2018\/02\/thumbnail-5-1.jpg","datePublished":"2018-02-20T15:00:23+00:00","breadcrumb":{"@id":"https:\/\/www.abmnews.com\/blog\/opel-combo-life-dedicato-alle-famiglie\/#breadcrumb"},"inLanguage":"it-IT","potentialAction":[{"@type":"ReadAction","target":["https:\/\/www.abmnews.com\/blog\/opel-combo-life-dedicato-alle-famiglie\/"]}]},{"@type":"ImageObject","inLanguage":"it-IT","@id":"https:\/\/www.abmnews.com\/blog\/opel-combo-life-dedicato-alle-famiglie\/#primaryimage","url":"https:\/\/www.abmnews.com\/blog\/wp-content\/uploads\/2018\/02\/thumbnail-5-1.jpg","contentUrl":"https:\/\/www.abmnews.com\/blog\/wp-content\/uploads\/2018\/02\/thumbnail-5-1.jpg","width":640,"height":427},{"@type":"BreadcrumbList","@id":"https:\/\/www.abmnews.com\/blog\/opel-combo-life-dedicato-alle-famiglie\/#breadcrumb","itemListElement":[{"@type":"ListItem","position":1,"name":"Home","item":"https:\/\/www.abmnews.com\/blog\/"},{"@type":"ListItem","position":2,"name":"Opel Combo Life: dedicato alle famiglie"}]},{"@type":"WebSite","@id":"https:\/\/www.abmnews.com\/blog\/#website","url":"https:\/\/www.abmnews.com\/blog\/","name":"AbmNews","description":"","publisher":{"@id":"https:\/\/www.abmnews.com\/blog\/#organization"},"potentialAction":[{"@type":"SearchAction","target":{"@type":"EntryPoint","urlTemplate":"https:\/\/www.abmnews.com\/blog\/?s={search_term_string}"},"query-input":{"@type":"PropertyValueSpecification","valueRequired":true,"valueName":"search_term_string"}}],"inLanguage":"it-IT"},{"@type":"Organization","@id":"https:\/\/www.abmnews.com\/blog\/#organization","name":"AbmNews","url":"https:\/\/www.abmnews.com\/blog\/","logo":{"@type":"ImageObject","inLanguage":"it-IT","@id":"https:\/\/www.abmnews.com\/blog\/#\/schema\/logo\/image\/","url":"http:\/\/www.abmnews.com\/blog\/wp-content\/uploads\/2026\/01\/logoabmnews544x180.png","contentUrl":"http:\/\/www.abmnews.com\/blog\/wp-content\/uploads\/2026\/01\/logoabmnews544x180.png","width":544,"height":180,"caption":"AbmNews"},"image":{"@id":"https:\/\/www.abmnews.com\/blog\/#\/schema\/logo\/image\/"},"sameAs":["https:\/\/www.facebook.com\/ABMnews","https:\/\/x.com\/ABMnewscom","https:\/\/www.instagram.com\/abmnewsblog"]},{"@type":"Person","@id":"https:\/\/www.abmnews.com\/blog\/#\/schema\/person\/2da21c254d26591b7993648c954826a2","name":"Redazione","image":{"@type":"ImageObject","inLanguage":"it-IT","@id":"https:\/\/secure.gravatar.com\/avatar\/888b71ec1a1241930daa72f4c66b40f2390ac7ac3003b2cea4bbb235380b9dc2?s=96&d=mm&r=g","url":"https:\/\/secure.gravatar.com\/avatar\/888b71ec1a1241930daa72f4c66b40f2390ac7ac3003b2cea4bbb235380b9dc2?s=96&d=mm&r=g","contentUrl":"https:\/\/secure.gravatar.com\/avatar\/888b71ec1a1241930daa72f4c66b40f2390ac7ac3003b2cea4bbb235380b9dc2?s=96&d=mm&r=g","caption":"Redazione"},"url":"https:\/\/www.abmnews.com\/blog\/author\/redazione\/"}]}},"_links":{"self":[{"href":"https:\/\/www.abmnews.com\/blog\/wp-json\/wp\/v2\/posts\/30947","targetHints":{"allow":["GET"]}}],"collection":[{"href":"https:\/\/www.abmnews.com\/blog\/wp-json\/wp\/v2\/posts"}],"about":[{"href":"https:\/\/www.abmnews.com\/blog\/wp-json\/wp\/v2\/types\/post"}],"author":[{"embeddable":true,"href":"https:\/\/www.abmnews.com\/blog\/wp-json\/wp\/v2\/users\/2"}],"replies":[{"embeddable":true,"href":"https:\/\/www.abmnews.com\/blog\/wp-json\/wp\/v2\/comments?post=30947"}],"version-history":[{"count":1,"href":"https:\/\/www.abmnews.com\/blog\/wp-json\/wp\/v2\/posts\/30947\/revisions"}],"predecessor-version":[{"id":30953,"href":"https:\/\/www.abmnews.com\/blog\/wp-json\/wp\/v2\/posts\/30947\/revisions\/30953"}],"wp:featuredmedia":[{"embeddable":true,"href":"https:\/\/www.abmnews.com\/blog\/wp-json\/wp\/v2\/media\/30948"}],"wp:attachment":[{"href":"https:\/\/www.abmnews.com\/blog\/wp-json\/wp\/v2\/media?parent=30947"}],"wp:term":[{"taxonomy":"category","embeddable":true,"href":"https:\/\/www.abmnews.com\/blog\/wp-json\/wp\/v2\/categories?post=30947"},{"taxonomy":"post_tag","embeddable":true,"href":"https:\/\/www.abmnews.com\/blog\/wp-json\/wp\/v2\/tags?post=30947"}],"curies":[{"name":"wp","href":"https:\/\/api.w.org\/{rel}","templated":true}]}}