{"id":44813,"date":"2020-03-15T12:15:03","date_gmt":"2020-03-15T11:15:03","guid":{"rendered":"http:\/\/www.abmnews.com\/blog\/?p=44813"},"modified":"2020-03-15T12:15:06","modified_gmt":"2020-03-15T11:15:06","slug":"wrc-rally-del-messico-la-c3-r5-di-bulacia-vince-tra-le-wrc3-ottavo-assoluto-nella-generale","status":"publish","type":"post","link":"https:\/\/www.abmnews.com\/blog\/wrc-rally-del-messico-la-c3-r5-di-bulacia-vince-tra-le-wrc3-ottavo-assoluto-nella-generale\/","title":{"rendered":"WRC, Rally del Messico, La C3 R5 di Bulacia vince tra le WRC3, ottavo assoluto nella generale"},"content":{"rendered":"\n<p>Avrebbero dovuto esserci altre tre speciali questa domenica ed invece le misure stringenti degli aeroporti di tutto il mondo per rallentare la diffusione COVID-19 hanno costretto gli organizzatori del Rally del Messico ad interrompere la manifestazione al termine della terza tappa.<\/p>\n<p>Ci\u00f2 significa che l\u2019equipaggio <strong>Citroen Racing<\/strong> formato da <strong>Marco Bulacia<\/strong> <strong>e Giovanni Bernacchini<\/strong> si \u00e8 aggiudicato la vittoria tra le WRC3 grazie all\u2019ottava piazza conquistata grazie ad una prestazione costante.<\/p>\n<p>A vincere la gara, invece, \u00e8 stato per la prima volta nel campionato 2020 S\u00e9bastien Ogier. Il francese della Toyota, ha firmato lo scratch nella PS13 e poi si \u00e8 limitato a controllare. Alle sue spalle, staccato di 27\u201d8 l\u2019estone della Hyundai Ott T\u00e4nak, il pi\u00f9 rapido nelle PS 15,17 e 18 e capace, malgrado delle sensazioni non ottimali, di scavalcare in volata la Ford Fiesta di Teemu Suninen, nei guai con freni e gomme.<\/p>\n<p>Appena fuori dal podio a 1\u201913 l\u2019ex leader della generale Elfyn Evans, ora appaiato al sei volte iridato di Gap. Come il finlandese che lo precede, anche il gallese ha patito noie all\u2019impianto frenante.<\/p>\n<p>Quinto un comunque bravo Kalle Rovanper\u00e4 su Yaris, alle prese con intoppi tecnici e uno scarso feeling, a precedere la Skoda Fabia R5 EVO di Pontus Tidemand, al top tra le WRC2.<\/p>\n<p>Dietro allo svedese Nikolay Gryazin su Hyundai i20 R5. Nono a ben 13\u201956 dal trionfatore la Fiesta di Gus Greensmith, deluso da una performance mediocre giustificata da qualche preoccupazione all\u2019acceleratore. Infine decimo posto per il norvegese Ole-Christian Veiby su i20 R5.<\/p>\n<p>Da segnalare la sedicesima posizione di Thierry Neuville. Il belga della Hyundai, giunto a 42\u201938 da Ogier per le problematiche a livello di motore accusate venerd\u00ec, si \u00e8 comunque rivelato il migliore di giornata portandosi a casa le speciali 14,16, 19, 20 e 21.<\/p>\n<p>Con la sospensione a data da destinarsi dell\u2019Argentina, il mondiale riprender\u00e0, forse, dal Portogallo dal 21 al 24 maggio.<\/p>\n<p><strong>Classifica Rally del Messico:<\/strong><\/p>\n<p>1\u00a0\u00a0\u00a0\u00a0\u00a0\u00a0\u00a0\u00a0 Ogier S.\/ Ingrassia J. Toyota Yaris WRC\u00a0\u00a0\u00a0\u00a0\u00a0\u00a0\u00a0\u00a0\u00a0<\/p>\n<p>2\u00a0\u00a0\u00a0\u00a0\u00a0\u00a0\u00a0\u00a0 T\u00e4nak Ott\/ J\u00e4rveoja M. Hyundai i20 Coupe WRC\u00a0\u00a0\u00a0 +00:27.8<\/p>\n<p>3\u00a0\u00a0\u00a0\u00a0\u00a0\u00a0\u00a0\u00a0 Suninen Teemu\/ Lehtinen Jarmo Ford Fiesta WRC +00:37.9<\/p>\n<p>4\u00a0\u00a0\u00a0\u00a0\u00a0\u00a0\u00a0\u00a0 Evans Elfyn\/ Martin Scott Toyota Yaris WRC +01:13.4<\/p>\n<p>5\u00a0\u00a0\u00a0\u00a0\u00a0\u00a0\u00a0\u00a0 Rovanper\u00e4 K.\/ Halttunen Jonne Toyota Yaris WRC +02:20.5<\/p>\n<p>6\u00a0\u00a0\u00a0\u00a0\u00a0\u00a0\u00a0\u00a0 Tidemand Pontus\/ Barth Patrik \u0160koda Fabia R5 Evo\u00a0\u00a0\u00a0\u00a0\u00a0\u00a0\u00a0\u00a0\u00a0 +10:29.3<\/p>\n<p>7\u00a0\u00a0\u00a0\u00a0\u00a0\u00a0\u00a0\u00a0 Gryazin Nikolay\/ Fedorov Y. Hyundai i20 R5 +12:27.0<\/p>\n<p>8\u00a0\u00a0\u00a0\u00a0\u00a0\u00a0\u00a0\u00a0 Bulacia Marco\/ Bernacchini G. Citro\u00ebn C3 R5\u00a0\u00a0\u00a0\u00a0\u00a0\u00a0\u00a0\u00a0\u00a0\u00a0 +13:37.5<\/p>\n<p>9\u00a0\u00a0\u00a0\u00a0\u00a0\u00a0\u00a0\u00a0 Greensmith Gus\/ Edmondson E. Ford Fiesta WRC\u00a0 +13:56.5<\/p>\n<p>10\u00a0\u00a0\u00a0\u00a0\u00a0\u00a0 Veiby O.\/ Andersson Jonas Hyundai i20 R5\u00a0\u00a0 +15:32.2<\/p>\n","protected":false},"excerpt":{"rendered":"","protected":false},"author":2,"featured_media":44814,"comment_status":"closed","ping_status":"open","sticky":false,"template":"","format":"standard","meta":{"tdm_status":"","tdm_grid_status":"","footnotes":""},"categories":[373,7853,262],"tags":[],"class_list":["post-44813","post","type-post","status-publish","format-standard","has-post-thumbnail","category-citroen","category-motorsport","category-novita"],"yoast_head":"<!-- This site is optimized with the Yoast SEO plugin v28.0 - https:\/\/yoast.com\/product\/yoast-seo-wordpress\/ -->\n<title>WRC, Rally del Messico, La C3 R5 di Bulacia vince tra le WRC3, ottavo assoluto nella generale - AbmNews<\/title>\n<meta name=\"robots\" content=\"index, follow, max-snippet:-1, max-image-preview:large, max-video-preview:-1\" \/>\n<link rel=\"canonical\" href=\"https:\/\/www.abmnews.com\/blog\/wrc-rally-del-messico-la-c3-r5-di-bulacia-vince-tra-le-wrc3-ottavo-assoluto-nella-generale\/\" \/>\n<meta property=\"og:locale\" content=\"it_IT\" \/>\n<meta property=\"og:type\" content=\"article\" \/>\n<meta property=\"og:title\" content=\"WRC, Rally del Messico, La C3 R5 di Bulacia vince tra le WRC3, ottavo assoluto nella generale - AbmNews\" \/>\n<meta property=\"og:url\" content=\"https:\/\/www.abmnews.com\/blog\/wrc-rally-del-messico-la-c3-r5-di-bulacia-vince-tra-le-wrc3-ottavo-assoluto-nella-generale\/\" \/>\n<meta property=\"og:site_name\" content=\"AbmNews\" \/>\n<meta property=\"article:publisher\" content=\"https:\/\/www.facebook.com\/ABMnews\" \/>\n<meta property=\"article:published_time\" content=\"2020-03-15T11:15:03+00:00\" \/>\n<meta property=\"article:modified_time\" content=\"2020-03-15T11:15:06+00:00\" \/>\n<meta property=\"og:image\" content=\"https:\/\/www.abmnews.com\/blog\/wp-content\/uploads\/2020\/03\/citroen-37.jpg\" \/>\n\t<meta property=\"og:image:width\" content=\"800\" \/>\n\t<meta property=\"og:image:height\" content=\"533\" \/>\n\t<meta property=\"og:image:type\" content=\"image\/jpeg\" \/>\n<meta name=\"author\" content=\"Redazione\" \/>\n<meta name=\"twitter:card\" content=\"summary_large_image\" \/>\n<meta name=\"twitter:creator\" content=\"@ABMnewscom\" \/>\n<meta name=\"twitter:site\" content=\"@ABMnewscom\" \/>\n<meta name=\"twitter:label1\" content=\"Scritto da\" \/>\n\t<meta name=\"twitter:data1\" content=\"Redazione\" \/>\n\t<meta name=\"twitter:label2\" content=\"Tempo di lettura stimato\" \/>\n\t<meta name=\"twitter:data2\" content=\"2 minuti\" \/>\n<script type=\"application\/ld+json\" class=\"yoast-schema-graph\">{\"@context\":\"https:\\\/\\\/schema.org\",\"@graph\":[{\"@type\":\"Article\",\"@id\":\"https:\\\/\\\/www.abmnews.com\\\/blog\\\/wrc-rally-del-messico-la-c3-r5-di-bulacia-vince-tra-le-wrc3-ottavo-assoluto-nella-generale\\\/#article\",\"isPartOf\":{\"@id\":\"https:\\\/\\\/www.abmnews.com\\\/blog\\\/wrc-rally-del-messico-la-c3-r5-di-bulacia-vince-tra-le-wrc3-ottavo-assoluto-nella-generale\\\/\"},\"author\":{\"name\":\"Redazione\",\"@id\":\"https:\\\/\\\/www.abmnews.com\\\/blog\\\/#\\\/schema\\\/person\\\/2da21c254d26591b7993648c954826a2\"},\"headline\":\"WRC, Rally del Messico, La C3 R5 di Bulacia vince tra le WRC3, ottavo assoluto nella generale\",\"datePublished\":\"2020-03-15T11:15:03+00:00\",\"dateModified\":\"2020-03-15T11:15:06+00:00\",\"mainEntityOfPage\":{\"@id\":\"https:\\\/\\\/www.abmnews.com\\\/blog\\\/wrc-rally-del-messico-la-c3-r5-di-bulacia-vince-tra-le-wrc3-ottavo-assoluto-nella-generale\\\/\"},\"wordCount\":404,\"publisher\":{\"@id\":\"https:\\\/\\\/www.abmnews.com\\\/blog\\\/#organization\"},\"image\":{\"@id\":\"https:\\\/\\\/www.abmnews.com\\\/blog\\\/wrc-rally-del-messico-la-c3-r5-di-bulacia-vince-tra-le-wrc3-ottavo-assoluto-nella-generale\\\/#primaryimage\"},\"thumbnailUrl\":\"https:\\\/\\\/www.abmnews.com\\\/blog\\\/wp-content\\\/uploads\\\/2020\\\/03\\\/citroen-37.jpg\",\"articleSection\":[\"Citroen\",\"Motorsport\",\"Novit\u00e0\"],\"inLanguage\":\"it-IT\"},{\"@type\":\"WebPage\",\"@id\":\"https:\\\/\\\/www.abmnews.com\\\/blog\\\/wrc-rally-del-messico-la-c3-r5-di-bulacia-vince-tra-le-wrc3-ottavo-assoluto-nella-generale\\\/\",\"url\":\"https:\\\/\\\/www.abmnews.com\\\/blog\\\/wrc-rally-del-messico-la-c3-r5-di-bulacia-vince-tra-le-wrc3-ottavo-assoluto-nella-generale\\\/\",\"name\":\"WRC, Rally del Messico, La C3 R5 di Bulacia vince tra le WRC3, ottavo assoluto nella generale - AbmNews\",\"isPartOf\":{\"@id\":\"https:\\\/\\\/www.abmnews.com\\\/blog\\\/#website\"},\"primaryImageOfPage\":{\"@id\":\"https:\\\/\\\/www.abmnews.com\\\/blog\\\/wrc-rally-del-messico-la-c3-r5-di-bulacia-vince-tra-le-wrc3-ottavo-assoluto-nella-generale\\\/#primaryimage\"},\"image\":{\"@id\":\"https:\\\/\\\/www.abmnews.com\\\/blog\\\/wrc-rally-del-messico-la-c3-r5-di-bulacia-vince-tra-le-wrc3-ottavo-assoluto-nella-generale\\\/#primaryimage\"},\"thumbnailUrl\":\"https:\\\/\\\/www.abmnews.com\\\/blog\\\/wp-content\\\/uploads\\\/2020\\\/03\\\/citroen-37.jpg\",\"datePublished\":\"2020-03-15T11:15:03+00:00\",\"dateModified\":\"2020-03-15T11:15:06+00:00\",\"breadcrumb\":{\"@id\":\"https:\\\/\\\/www.abmnews.com\\\/blog\\\/wrc-rally-del-messico-la-c3-r5-di-bulacia-vince-tra-le-wrc3-ottavo-assoluto-nella-generale\\\/#breadcrumb\"},\"inLanguage\":\"it-IT\",\"potentialAction\":[{\"@type\":\"ReadAction\",\"target\":[\"https:\\\/\\\/www.abmnews.com\\\/blog\\\/wrc-rally-del-messico-la-c3-r5-di-bulacia-vince-tra-le-wrc3-ottavo-assoluto-nella-generale\\\/\"]}]},{\"@type\":\"ImageObject\",\"inLanguage\":\"it-IT\",\"@id\":\"https:\\\/\\\/www.abmnews.com\\\/blog\\\/wrc-rally-del-messico-la-c3-r5-di-bulacia-vince-tra-le-wrc3-ottavo-assoluto-nella-generale\\\/#primaryimage\",\"url\":\"https:\\\/\\\/www.abmnews.com\\\/blog\\\/wp-content\\\/uploads\\\/2020\\\/03\\\/citroen-37.jpg\",\"contentUrl\":\"https:\\\/\\\/www.abmnews.com\\\/blog\\\/wp-content\\\/uploads\\\/2020\\\/03\\\/citroen-37.jpg\",\"width\":800,\"height\":533},{\"@type\":\"BreadcrumbList\",\"@id\":\"https:\\\/\\\/www.abmnews.com\\\/blog\\\/wrc-rally-del-messico-la-c3-r5-di-bulacia-vince-tra-le-wrc3-ottavo-assoluto-nella-generale\\\/#breadcrumb\",\"itemListElement\":[{\"@type\":\"ListItem\",\"position\":1,\"name\":\"Home\",\"item\":\"https:\\\/\\\/www.abmnews.com\\\/blog\\\/\"},{\"@type\":\"ListItem\",\"position\":2,\"name\":\"WRC, Rally del Messico, La C3 R5 di Bulacia vince tra le WRC3, ottavo assoluto nella generale\"}]},{\"@type\":\"WebSite\",\"@id\":\"https:\\\/\\\/www.abmnews.com\\\/blog\\\/#website\",\"url\":\"https:\\\/\\\/www.abmnews.com\\\/blog\\\/\",\"name\":\"AbmNews\",\"description\":\"\",\"publisher\":{\"@id\":\"https:\\\/\\\/www.abmnews.com\\\/blog\\\/#organization\"},\"potentialAction\":[{\"@type\":\"SearchAction\",\"target\":{\"@type\":\"EntryPoint\",\"urlTemplate\":\"https:\\\/\\\/www.abmnews.com\\\/blog\\\/?s={search_term_string}\"},\"query-input\":{\"@type\":\"PropertyValueSpecification\",\"valueRequired\":true,\"valueName\":\"search_term_string\"}}],\"inLanguage\":\"it-IT\"},{\"@type\":\"Organization\",\"@id\":\"https:\\\/\\\/www.abmnews.com\\\/blog\\\/#organization\",\"name\":\"AbmNews\",\"url\":\"https:\\\/\\\/www.abmnews.com\\\/blog\\\/\",\"logo\":{\"@type\":\"ImageObject\",\"inLanguage\":\"it-IT\",\"@id\":\"https:\\\/\\\/www.abmnews.com\\\/blog\\\/#\\\/schema\\\/logo\\\/image\\\/\",\"url\":\"http:\\\/\\\/www.abmnews.com\\\/blog\\\/wp-content\\\/uploads\\\/2026\\\/01\\\/logoabmnews544x180.png\",\"contentUrl\":\"http:\\\/\\\/www.abmnews.com\\\/blog\\\/wp-content\\\/uploads\\\/2026\\\/01\\\/logoabmnews544x180.png\",\"width\":544,\"height\":180,\"caption\":\"AbmNews\"},\"image\":{\"@id\":\"https:\\\/\\\/www.abmnews.com\\\/blog\\\/#\\\/schema\\\/logo\\\/image\\\/\"},\"sameAs\":[\"https:\\\/\\\/www.facebook.com\\\/ABMnews\",\"https:\\\/\\\/x.com\\\/ABMnewscom\",\"https:\\\/\\\/www.instagram.com\\\/abmnewsblog\"]},{\"@type\":\"Person\",\"@id\":\"https:\\\/\\\/www.abmnews.com\\\/blog\\\/#\\\/schema\\\/person\\\/2da21c254d26591b7993648c954826a2\",\"name\":\"Redazione\",\"image\":{\"@type\":\"ImageObject\",\"inLanguage\":\"it-IT\",\"@id\":\"https:\\\/\\\/secure.gravatar.com\\\/avatar\\\/888b71ec1a1241930daa72f4c66b40f2390ac7ac3003b2cea4bbb235380b9dc2?s=96&d=mm&r=g\",\"url\":\"https:\\\/\\\/secure.gravatar.com\\\/avatar\\\/888b71ec1a1241930daa72f4c66b40f2390ac7ac3003b2cea4bbb235380b9dc2?s=96&d=mm&r=g\",\"contentUrl\":\"https:\\\/\\\/secure.gravatar.com\\\/avatar\\\/888b71ec1a1241930daa72f4c66b40f2390ac7ac3003b2cea4bbb235380b9dc2?s=96&d=mm&r=g\",\"caption\":\"Redazione\"},\"url\":\"https:\\\/\\\/www.abmnews.com\\\/blog\\\/author\\\/redazione\\\/\"}]}<\/script>\n<!-- \/ Yoast SEO plugin. -->","yoast_head_json":{"title":"WRC, Rally del Messico, La C3 R5 di Bulacia vince tra le WRC3, ottavo assoluto nella generale - AbmNews","robots":{"index":"index","follow":"follow","max-snippet":"max-snippet:-1","max-image-preview":"max-image-preview:large","max-video-preview":"max-video-preview:-1"},"canonical":"https:\/\/www.abmnews.com\/blog\/wrc-rally-del-messico-la-c3-r5-di-bulacia-vince-tra-le-wrc3-ottavo-assoluto-nella-generale\/","og_locale":"it_IT","og_type":"article","og_title":"WRC, Rally del Messico, La C3 R5 di Bulacia vince tra le WRC3, ottavo assoluto nella generale - AbmNews","og_url":"https:\/\/www.abmnews.com\/blog\/wrc-rally-del-messico-la-c3-r5-di-bulacia-vince-tra-le-wrc3-ottavo-assoluto-nella-generale\/","og_site_name":"AbmNews","article_publisher":"https:\/\/www.facebook.com\/ABMnews","article_published_time":"2020-03-15T11:15:03+00:00","article_modified_time":"2020-03-15T11:15:06+00:00","og_image":[{"width":800,"height":533,"url":"https:\/\/www.abmnews.com\/blog\/wp-content\/uploads\/2020\/03\/citroen-37.jpg","type":"image\/jpeg"}],"author":"Redazione","twitter_card":"summary_large_image","twitter_creator":"@ABMnewscom","twitter_site":"@ABMnewscom","twitter_misc":{"Scritto da":"Redazione","Tempo di lettura stimato":"2 minuti"},"schema":{"@context":"https:\/\/schema.org","@graph":[{"@type":"Article","@id":"https:\/\/www.abmnews.com\/blog\/wrc-rally-del-messico-la-c3-r5-di-bulacia-vince-tra-le-wrc3-ottavo-assoluto-nella-generale\/#article","isPartOf":{"@id":"https:\/\/www.abmnews.com\/blog\/wrc-rally-del-messico-la-c3-r5-di-bulacia-vince-tra-le-wrc3-ottavo-assoluto-nella-generale\/"},"author":{"name":"Redazione","@id":"https:\/\/www.abmnews.com\/blog\/#\/schema\/person\/2da21c254d26591b7993648c954826a2"},"headline":"WRC, Rally del Messico, La C3 R5 di Bulacia vince tra le WRC3, ottavo assoluto nella generale","datePublished":"2020-03-15T11:15:03+00:00","dateModified":"2020-03-15T11:15:06+00:00","mainEntityOfPage":{"@id":"https:\/\/www.abmnews.com\/blog\/wrc-rally-del-messico-la-c3-r5-di-bulacia-vince-tra-le-wrc3-ottavo-assoluto-nella-generale\/"},"wordCount":404,"publisher":{"@id":"https:\/\/www.abmnews.com\/blog\/#organization"},"image":{"@id":"https:\/\/www.abmnews.com\/blog\/wrc-rally-del-messico-la-c3-r5-di-bulacia-vince-tra-le-wrc3-ottavo-assoluto-nella-generale\/#primaryimage"},"thumbnailUrl":"https:\/\/www.abmnews.com\/blog\/wp-content\/uploads\/2020\/03\/citroen-37.jpg","articleSection":["Citroen","Motorsport","Novit\u00e0"],"inLanguage":"it-IT"},{"@type":"WebPage","@id":"https:\/\/www.abmnews.com\/blog\/wrc-rally-del-messico-la-c3-r5-di-bulacia-vince-tra-le-wrc3-ottavo-assoluto-nella-generale\/","url":"https:\/\/www.abmnews.com\/blog\/wrc-rally-del-messico-la-c3-r5-di-bulacia-vince-tra-le-wrc3-ottavo-assoluto-nella-generale\/","name":"WRC, Rally del Messico, La C3 R5 di Bulacia vince tra le WRC3, ottavo assoluto nella generale - AbmNews","isPartOf":{"@id":"https:\/\/www.abmnews.com\/blog\/#website"},"primaryImageOfPage":{"@id":"https:\/\/www.abmnews.com\/blog\/wrc-rally-del-messico-la-c3-r5-di-bulacia-vince-tra-le-wrc3-ottavo-assoluto-nella-generale\/#primaryimage"},"image":{"@id":"https:\/\/www.abmnews.com\/blog\/wrc-rally-del-messico-la-c3-r5-di-bulacia-vince-tra-le-wrc3-ottavo-assoluto-nella-generale\/#primaryimage"},"thumbnailUrl":"https:\/\/www.abmnews.com\/blog\/wp-content\/uploads\/2020\/03\/citroen-37.jpg","datePublished":"2020-03-15T11:15:03+00:00","dateModified":"2020-03-15T11:15:06+00:00","breadcrumb":{"@id":"https:\/\/www.abmnews.com\/blog\/wrc-rally-del-messico-la-c3-r5-di-bulacia-vince-tra-le-wrc3-ottavo-assoluto-nella-generale\/#breadcrumb"},"inLanguage":"it-IT","potentialAction":[{"@type":"ReadAction","target":["https:\/\/www.abmnews.com\/blog\/wrc-rally-del-messico-la-c3-r5-di-bulacia-vince-tra-le-wrc3-ottavo-assoluto-nella-generale\/"]}]},{"@type":"ImageObject","inLanguage":"it-IT","@id":"https:\/\/www.abmnews.com\/blog\/wrc-rally-del-messico-la-c3-r5-di-bulacia-vince-tra-le-wrc3-ottavo-assoluto-nella-generale\/#primaryimage","url":"https:\/\/www.abmnews.com\/blog\/wp-content\/uploads\/2020\/03\/citroen-37.jpg","contentUrl":"https:\/\/www.abmnews.com\/blog\/wp-content\/uploads\/2020\/03\/citroen-37.jpg","width":800,"height":533},{"@type":"BreadcrumbList","@id":"https:\/\/www.abmnews.com\/blog\/wrc-rally-del-messico-la-c3-r5-di-bulacia-vince-tra-le-wrc3-ottavo-assoluto-nella-generale\/#breadcrumb","itemListElement":[{"@type":"ListItem","position":1,"name":"Home","item":"https:\/\/www.abmnews.com\/blog\/"},{"@type":"ListItem","position":2,"name":"WRC, Rally del Messico, La C3 R5 di Bulacia vince tra le WRC3, ottavo assoluto nella generale"}]},{"@type":"WebSite","@id":"https:\/\/www.abmnews.com\/blog\/#website","url":"https:\/\/www.abmnews.com\/blog\/","name":"AbmNews","description":"","publisher":{"@id":"https:\/\/www.abmnews.com\/blog\/#organization"},"potentialAction":[{"@type":"SearchAction","target":{"@type":"EntryPoint","urlTemplate":"https:\/\/www.abmnews.com\/blog\/?s={search_term_string}"},"query-input":{"@type":"PropertyValueSpecification","valueRequired":true,"valueName":"search_term_string"}}],"inLanguage":"it-IT"},{"@type":"Organization","@id":"https:\/\/www.abmnews.com\/blog\/#organization","name":"AbmNews","url":"https:\/\/www.abmnews.com\/blog\/","logo":{"@type":"ImageObject","inLanguage":"it-IT","@id":"https:\/\/www.abmnews.com\/blog\/#\/schema\/logo\/image\/","url":"http:\/\/www.abmnews.com\/blog\/wp-content\/uploads\/2026\/01\/logoabmnews544x180.png","contentUrl":"http:\/\/www.abmnews.com\/blog\/wp-content\/uploads\/2026\/01\/logoabmnews544x180.png","width":544,"height":180,"caption":"AbmNews"},"image":{"@id":"https:\/\/www.abmnews.com\/blog\/#\/schema\/logo\/image\/"},"sameAs":["https:\/\/www.facebook.com\/ABMnews","https:\/\/x.com\/ABMnewscom","https:\/\/www.instagram.com\/abmnewsblog"]},{"@type":"Person","@id":"https:\/\/www.abmnews.com\/blog\/#\/schema\/person\/2da21c254d26591b7993648c954826a2","name":"Redazione","image":{"@type":"ImageObject","inLanguage":"it-IT","@id":"https:\/\/secure.gravatar.com\/avatar\/888b71ec1a1241930daa72f4c66b40f2390ac7ac3003b2cea4bbb235380b9dc2?s=96&d=mm&r=g","url":"https:\/\/secure.gravatar.com\/avatar\/888b71ec1a1241930daa72f4c66b40f2390ac7ac3003b2cea4bbb235380b9dc2?s=96&d=mm&r=g","contentUrl":"https:\/\/secure.gravatar.com\/avatar\/888b71ec1a1241930daa72f4c66b40f2390ac7ac3003b2cea4bbb235380b9dc2?s=96&d=mm&r=g","caption":"Redazione"},"url":"https:\/\/www.abmnews.com\/blog\/author\/redazione\/"}]}},"_links":{"self":[{"href":"https:\/\/www.abmnews.com\/blog\/wp-json\/wp\/v2\/posts\/44813","targetHints":{"allow":["GET"]}}],"collection":[{"href":"https:\/\/www.abmnews.com\/blog\/wp-json\/wp\/v2\/posts"}],"about":[{"href":"https:\/\/www.abmnews.com\/blog\/wp-json\/wp\/v2\/types\/post"}],"author":[{"embeddable":true,"href":"https:\/\/www.abmnews.com\/blog\/wp-json\/wp\/v2\/users\/2"}],"replies":[{"embeddable":true,"href":"https:\/\/www.abmnews.com\/blog\/wp-json\/wp\/v2\/comments?post=44813"}],"version-history":[{"count":1,"href":"https:\/\/www.abmnews.com\/blog\/wp-json\/wp\/v2\/posts\/44813\/revisions"}],"predecessor-version":[{"id":44815,"href":"https:\/\/www.abmnews.com\/blog\/wp-json\/wp\/v2\/posts\/44813\/revisions\/44815"}],"wp:featuredmedia":[{"embeddable":true,"href":"https:\/\/www.abmnews.com\/blog\/wp-json\/wp\/v2\/media\/44814"}],"wp:attachment":[{"href":"https:\/\/www.abmnews.com\/blog\/wp-json\/wp\/v2\/media?parent=44813"}],"wp:term":[{"taxonomy":"category","embeddable":true,"href":"https:\/\/www.abmnews.com\/blog\/wp-json\/wp\/v2\/categories?post=44813"},{"taxonomy":"post_tag","embeddable":true,"href":"https:\/\/www.abmnews.com\/blog\/wp-json\/wp\/v2\/tags?post=44813"}],"curies":[{"name":"wp","href":"https:\/\/api.w.org\/{rel}","templated":true}]}}