{"id":52985,"date":"2021-01-04T10:54:33","date_gmt":"2021-01-04T09:54:33","guid":{"rendered":"http:\/\/www.abmnews.com\/blog\/?p=52985"},"modified":"2021-01-04T10:54:35","modified_gmt":"2021-01-04T09:54:35","slug":"tuttaltro-che-ordinario-il-video-che-riassume-il-2020-di-opel","status":"publish","type":"post","link":"https:\/\/www.abmnews.com\/blog\/tuttaltro-che-ordinario-il-video-che-riassume-il-2020-di-opel\/","title":{"rendered":"Tutt\u2019altro che ordinario: il video che riassume il 2020 di Opel"},"content":{"rendered":"\n<p>Il 2020 \u00e8 stato un anno impegnativo, insolito sotto ogni aspetto. Anche Opel si \u00e8 presentata come tutt&#8217;altro che ordinaria negli ultimi mesi, il video <strong><a href=\"https:\/\/www.youtube.com\/watch?v=KccTkchPWpU&amp;feature=youtu.be\" target=\"_blank\" rel=\"noopener noreferrer\">&#8220;Best of Opel 2020&#8221;<\/a><\/strong> riassume velocemente il viaggio nel tempo in soli 60 secondi. A met\u00e0 anno il costruttore si \u00e8 diretto con coraggio e chiarezza verso il futuro con il nuovo Opel Mokka. Il nuovo arrivato \u00e8 stato il primo modello a mostrare il design innovativo del nuovo volto del marchio con l\u2019Opel Vizor e il cockpit digitale Pure Panel alla sua anteprima mondiale e a incarnare il nuovo look fresco del marchio fino al pi\u00f9 piccolo dettaglio.<\/p>\n<p>Opel rimane fedele alla sua filosofia: design chiaro, senza fronzoli, con le migliori tecnologie e ingegneria tedesca. Un primo esempio di queste qualit\u00e0 \u00e8 anche la nuova Opel Insignia, che ha debuttato all&#8217;inizio dell&#8217;anno. E i progressi rimangono elettrizzanti: l\u2019arrivo di Opel Vivaro-e, Opel Zafira-e Life e del primo veicolo da rally elettrico a batteria sviluppato dal costruttore, la Opel Corsa-e Rally, dimostrano che Opel \u00e8 elettrica e in pista per proseguire la sua strada verso il successo. L&#8217;esempio migliore: la Opel Corsa-e ha vinto anche il &#8220;Volante d\u2019Oro&#8221; dopo essersi aggiudicata il premio AUTOBEST. E Opel sta entrando nel nuovo anno con la stessa marcia decisa.<\/p>\n<p><strong>Inizio 2020: Intellilux LED<sup>\u00ae<\/sup> Pixel Light con la nuova Opel Insignia<\/strong><\/p>\n<p>Veloce, fresco, eccezionale: Opel iniziava gi\u00e0 cos\u00ec il 2020, come dimostrato dalla prima mondiale della nuova <strong><a href=\"https:\/\/it-media.opel.com\/it\/modelli\/vetture\/insignia-country-tourer\" target=\"_blank\" rel=\"noopener noreferrer\">Opel Insignia<\/a><\/strong> a Bruxelles a gennaio. Oltre alla berlina Grand Sport e alla station wagon Sports Tourer, era stato presentato anche il nuovo design della sportiva <strong><a href=\"https:\/\/it-media.opel.com\/it\/modelli\/vetture\/insignia-gsi\" target=\"_blank\" rel=\"noopener noreferrer\">GSi<\/a><\/strong>. L&#8217;atleta di punta della famiglia Opel Insignia \u00e8 dotata di un motore turbo benzina da 169 kW\/230 cv, cambio automatico da nove marce e trazione integrale Twinster con torque vectoring (consumo di carburante NEDC<sup>1<\/sup>: ciclo urbano 8,8 l\/100 km, extraurbano 6,0-5,9 l\/100 km, combinato 7,0 l\/100 km, 161-159 g\/km CO<sub>2<\/sub>). I nuovi proiettori adattivi <strong>Intellilux LED<sup>\u00ae<\/sup> Pixel Light<\/strong>, alloggiati in fari ultra-sottili, che ora dispongono di un totale di 168 elementi LED, 84 per proiettore. Un vero e proprio punto di forza!<\/p>\n<p><strong>Fissare nuovi standard: Opel Corsa e Corsa-e bestseller nel segmento delle piccole<\/strong><\/p>\n<p>Opel ha anche raggiunto risultati pionieristici in un segmento di veicoli completamente diverso, con la <strong><a href=\"https:\/\/it-media.opel.com\/it\/taxonomy\/term\/7288\" target=\"_blank\" rel=\"noopener noreferrer\">Opel Corsa<\/a><\/strong>.<\/p>\n<p>La piccola auto pi\u00f9 venduta, votata <strong>&#8220;Best Buy Car of Europe 2020&#8221;<\/strong> da AUTOBEST, non solo \u00e8 diventata la <strong>piccola auto pi\u00f9 venduta in Germania<\/strong> nel corso dei mesi; circa una Opel Corsa su tre \u00e8 uscita dalla linea di produzione in versione <strong>Corsa-e<\/strong> elettrica a batteria. L&#8217;entusiasmo degli esperti e dei clienti \u00e8 stato cos\u00ec grande che la piccola auto elettrica Opel ha vinto il <strong><a href=\"https:\/\/it-media.opel.com\/it\/opel-italie\/modelli\/awards\" target=\"_blank\" rel=\"noopener noreferrer\">&#8220;Volante d\u2019Oro 2020&#8221;<\/a><\/strong> nel suo segmento. Opel dimostra anche come la mobilit\u00e0 elettrica possa ispirare ed elettrizzare nel motorsport. Con la <strong><a href=\"https:\/\/it-media.opel.com\/it\/modelli\/motorsport\/corsa-e-rally\" target=\"_blank\" rel=\"noopener noreferrer\">Opel Corsa-e Rally<\/a><\/strong>, l&#8217;azienda con sede a R\u00fcsselsheim \u00e8 il primo costruttore a sviluppare un veicolo da rally elettrico a batteria. Opel e l&#8217;ADAC lanceranno la prima coppa rally monomarca completamente elettrica dalla stagione 2021: la <strong>ADAC Opel e-Rally Cup<\/strong>. Il marchio del Blitz porta cos\u00ec il suo tradizionale impegno per il motorsport nel futuro e dimostra che Opel \u00e8 elettrico gi\u00e0 oggi.<\/p>\n<p>Questo \u00e8 sostenuto da altri modelli di tutte le taglie, come la nuova <strong><a href=\"https:\/\/it-media.opel.com\/it\/modelli\/vetture\/zafira-life\" target=\"_blank\" rel=\"noopener noreferrer\">Opel Zafira-e Life<\/a><\/strong> e <strong><a href=\"https:\/\/it-media.opel.com\/it\/modelli\/veicoli-commerciali\/vivaro\" target=\"_blank\" rel=\"noopener noreferrer\">Opel Vivaro-e<\/a><\/strong>, anch\u2019essi disponibili per la prima volta nel 2020. Il premio <strong><a href=\"https:\/\/it-media.opel.com\/it\/12-17-ivoty-vivaro-e?idtok=0e2bfbbb4895\" target=\"_blank\" rel=\"noopener noreferrer\">&#8220;International Van of the Year&#8221;<\/a><\/strong> per Opel Vivaro-e dimostra quanto sia ben percepita l&#8217;elettrificazione della gamma Opel. E Opel dimostra che la tecnologia di alto livello, le prestazioni e l&#8217;efficienza non sono monopolio delle marche premium.<\/p>\n<p><strong>Audace, puro, elettrizzante: nuovo Opel Mokka ha lasciato il segno nel 2020<\/strong><\/p>\n<p><strong><a href=\"https:\/\/it-media.opel.com\/it\/modelli\/vetture\/mokka\" target=\"_blank\" rel=\"noopener noreferrer\">Nuovo Opel Mokka<\/a><\/strong> \u00e8 stato un momento chiave del 2020, annunciato in primavera come un vero leader dell&#8217;innovazione per il marchio. Alla sua prima mondiale a settembre, il nuovo arrivato \u00e8 stato il primo a presentare il nuovo linguaggio del design Opel, con il nuovo volto del marchio, l\u2019 <strong><a href=\"https:\/\/it-media.opel.com\/it\/06-09-mokka-vizor?idtok=6f944bbb8121\" target=\"_blank\" rel=\"noopener noreferrer\">Opel Vizor<\/a><\/strong>, cos\u00ec come il <strong><a href=\"https:\/\/it-media.opel.com\/it\/12-01-new-opel-corporate-identity\" target=\"_blank\" rel=\"noopener noreferrer\">nuovo emblema Opel<\/a><\/strong><strong>, <\/strong>il fulmine Blitz, e il nome del modello allineato centralmente sul posteriore. Nuovo Opel Mokka, vincitore del <strong><a href=\"https:\/\/it-media.opel.com\/it\/12-17-connected-car-award?idtok=9d986bbb4895\" target=\"_blank\" rel=\"noopener noreferrer\">&#8220;Connected Car Award&#8221;<\/a><\/strong><strong>,<\/strong> \u00e8 anche la prima Opel con il <strong><a href=\"https:\/\/it-media.opel.com\/it\/06-03-mokka-pure-panel?idtok=4e9bfbbb8121\" target=\"_blank\" rel=\"noopener noreferrer\">Pure Panel<\/a><\/strong> e un cockpit completamente digitale. Ed \u00e8 disponibile dall&#8217;inizio delle vendite sia in versione elettrica, come Opel Mokka-e, che con motori a combustione altamente efficienti. Nuovo Opel Mokka \u00e8 stato progettato e sviluppato da zero a R\u00fcsselsheim ed \u00e8 pensato per essere audace e puro. E questo \u00e8 esattamente ci\u00f2 che riflette nel suo design e nell&#8217;aspetto: forme chiare e tecnologia avanzata che focalizza l&#8217;attenzione sull&#8217;essenziale, dal visore tecnologico nella parte anteriore del veicolo ai comandi all\u2019interno. Il nuovissimo Opel Mokka \u00e8 un&#8217;auto che accende le emozioni e mostra il futuro del marchio. Una vettura con la quale Opel si reinventa virtualmente e dimostra: Opel e il nuovo Mokka sono tutto fuorch\u00e9 ordinari.<\/p>\n<p>Sul finire dell&#8217;anno, Opel porta in primo piano la sua nuova immagine e il suo sguardo audace e puro con parole e immagini: il logo del marchio ora \u00e8 disegnato pi\u00f9 finemente, il nuovo font &#8220;Opel Next&#8221; e il brillante giallo Opel segnalano la forza innovativa del marchio. L&#8217;obiettivo \u00e8 quello di essere ancora pi\u00f9 moderni e coraggiosi nell&#8217;aspetto. Opel ha sempre sostenuto la democratizzazione dell&#8217;innovazione e della mobilit\u00e0. &#8220;New Opel&#8221; ora esprime questo spirito con la sua <strong>fresca corporate identity<\/strong>. L&#8217;anno prossimo sar\u00e0 altrettanto elettrizzante, con ulteriori modelli dal nuovo look Opel e l&#8217;elettrificazione completa della gamma di modelli Opel. Gi\u00e0 nel 2021, tutta la gamma di veicoli commerciali composta da Opel Vivaro, Movano e Combo sar\u00e0 elettrica.<\/p>\n","protected":false},"excerpt":{"rendered":"","protected":false},"author":2,"featured_media":52986,"comment_status":"closed","ping_status":"open","sticky":false,"template":"","format":"standard","meta":{"tdm_status":"","tdm_grid_status":"","footnotes":""},"categories":[262,295],"tags":[],"class_list":["post-52985","post","type-post","status-publish","format-standard","has-post-thumbnail","category-novita","category-opel"],"yoast_head":"<!-- This site is optimized with the Yoast SEO plugin v28.0 - https:\/\/yoast.com\/product\/yoast-seo-wordpress\/ -->\n<title>Tutt\u2019altro che ordinario: il video che riassume il 2020 di Opel - AbmNews<\/title>\n<meta name=\"robots\" content=\"index, follow, max-snippet:-1, max-image-preview:large, max-video-preview:-1\" \/>\n<link rel=\"canonical\" href=\"https:\/\/www.abmnews.com\/blog\/tuttaltro-che-ordinario-il-video-che-riassume-il-2020-di-opel\/\" \/>\n<meta property=\"og:locale\" content=\"it_IT\" \/>\n<meta property=\"og:type\" content=\"article\" \/>\n<meta property=\"og:title\" content=\"Tutt\u2019altro che ordinario: il video che riassume il 2020 di Opel - AbmNews\" \/>\n<meta property=\"og:url\" content=\"https:\/\/www.abmnews.com\/blog\/tuttaltro-che-ordinario-il-video-che-riassume-il-2020-di-opel\/\" \/>\n<meta property=\"og:site_name\" content=\"AbmNews\" \/>\n<meta property=\"article:publisher\" content=\"https:\/\/www.facebook.com\/ABMnews\" \/>\n<meta property=\"article:published_time\" content=\"2021-01-04T09:54:33+00:00\" \/>\n<meta property=\"article:modified_time\" content=\"2021-01-04T09:54:35+00:00\" \/>\n<meta property=\"og:image\" content=\"https:\/\/www.abmnews.com\/blog\/wp-content\/uploads\/2021\/01\/Opel-513943.jpg\" \/>\n\t<meta property=\"og:image:width\" content=\"800\" \/>\n\t<meta property=\"og:image:height\" content=\"450\" \/>\n\t<meta property=\"og:image:type\" content=\"image\/jpeg\" \/>\n<meta name=\"author\" content=\"Redazione\" \/>\n<meta name=\"twitter:card\" content=\"summary_large_image\" \/>\n<meta name=\"twitter:creator\" content=\"@ABMnewscom\" \/>\n<meta name=\"twitter:site\" content=\"@ABMnewscom\" \/>\n<meta name=\"twitter:label1\" content=\"Scritto da\" \/>\n\t<meta name=\"twitter:data1\" content=\"Redazione\" \/>\n\t<meta name=\"twitter:label2\" content=\"Tempo di lettura stimato\" \/>\n\t<meta name=\"twitter:data2\" content=\"4 minuti\" \/>\n<script type=\"application\/ld+json\" class=\"yoast-schema-graph\">{\"@context\":\"https:\\\/\\\/schema.org\",\"@graph\":[{\"@type\":\"Article\",\"@id\":\"https:\\\/\\\/www.abmnews.com\\\/blog\\\/tuttaltro-che-ordinario-il-video-che-riassume-il-2020-di-opel\\\/#article\",\"isPartOf\":{\"@id\":\"https:\\\/\\\/www.abmnews.com\\\/blog\\\/tuttaltro-che-ordinario-il-video-che-riassume-il-2020-di-opel\\\/\"},\"author\":{\"name\":\"Redazione\",\"@id\":\"https:\\\/\\\/www.abmnews.com\\\/blog\\\/#\\\/schema\\\/person\\\/2da21c254d26591b7993648c954826a2\"},\"headline\":\"Tutt\u2019altro che ordinario: il video che riassume il 2020 di Opel\",\"datePublished\":\"2021-01-04T09:54:33+00:00\",\"dateModified\":\"2021-01-04T09:54:35+00:00\",\"mainEntityOfPage\":{\"@id\":\"https:\\\/\\\/www.abmnews.com\\\/blog\\\/tuttaltro-che-ordinario-il-video-che-riassume-il-2020-di-opel\\\/\"},\"wordCount\":923,\"publisher\":{\"@id\":\"https:\\\/\\\/www.abmnews.com\\\/blog\\\/#organization\"},\"image\":{\"@id\":\"https:\\\/\\\/www.abmnews.com\\\/blog\\\/tuttaltro-che-ordinario-il-video-che-riassume-il-2020-di-opel\\\/#primaryimage\"},\"thumbnailUrl\":\"https:\\\/\\\/www.abmnews.com\\\/blog\\\/wp-content\\\/uploads\\\/2021\\\/01\\\/Opel-513943.jpg\",\"articleSection\":[\"Novit\u00e0\",\"Opel\"],\"inLanguage\":\"it-IT\"},{\"@type\":\"WebPage\",\"@id\":\"https:\\\/\\\/www.abmnews.com\\\/blog\\\/tuttaltro-che-ordinario-il-video-che-riassume-il-2020-di-opel\\\/\",\"url\":\"https:\\\/\\\/www.abmnews.com\\\/blog\\\/tuttaltro-che-ordinario-il-video-che-riassume-il-2020-di-opel\\\/\",\"name\":\"Tutt\u2019altro che ordinario: il video che riassume il 2020 di Opel - AbmNews\",\"isPartOf\":{\"@id\":\"https:\\\/\\\/www.abmnews.com\\\/blog\\\/#website\"},\"primaryImageOfPage\":{\"@id\":\"https:\\\/\\\/www.abmnews.com\\\/blog\\\/tuttaltro-che-ordinario-il-video-che-riassume-il-2020-di-opel\\\/#primaryimage\"},\"image\":{\"@id\":\"https:\\\/\\\/www.abmnews.com\\\/blog\\\/tuttaltro-che-ordinario-il-video-che-riassume-il-2020-di-opel\\\/#primaryimage\"},\"thumbnailUrl\":\"https:\\\/\\\/www.abmnews.com\\\/blog\\\/wp-content\\\/uploads\\\/2021\\\/01\\\/Opel-513943.jpg\",\"datePublished\":\"2021-01-04T09:54:33+00:00\",\"dateModified\":\"2021-01-04T09:54:35+00:00\",\"breadcrumb\":{\"@id\":\"https:\\\/\\\/www.abmnews.com\\\/blog\\\/tuttaltro-che-ordinario-il-video-che-riassume-il-2020-di-opel\\\/#breadcrumb\"},\"inLanguage\":\"it-IT\",\"potentialAction\":[{\"@type\":\"ReadAction\",\"target\":[\"https:\\\/\\\/www.abmnews.com\\\/blog\\\/tuttaltro-che-ordinario-il-video-che-riassume-il-2020-di-opel\\\/\"]}]},{\"@type\":\"ImageObject\",\"inLanguage\":\"it-IT\",\"@id\":\"https:\\\/\\\/www.abmnews.com\\\/blog\\\/tuttaltro-che-ordinario-il-video-che-riassume-il-2020-di-opel\\\/#primaryimage\",\"url\":\"https:\\\/\\\/www.abmnews.com\\\/blog\\\/wp-content\\\/uploads\\\/2021\\\/01\\\/Opel-513943.jpg\",\"contentUrl\":\"https:\\\/\\\/www.abmnews.com\\\/blog\\\/wp-content\\\/uploads\\\/2021\\\/01\\\/Opel-513943.jpg\",\"width\":800,\"height\":450},{\"@type\":\"BreadcrumbList\",\"@id\":\"https:\\\/\\\/www.abmnews.com\\\/blog\\\/tuttaltro-che-ordinario-il-video-che-riassume-il-2020-di-opel\\\/#breadcrumb\",\"itemListElement\":[{\"@type\":\"ListItem\",\"position\":1,\"name\":\"Home\",\"item\":\"https:\\\/\\\/www.abmnews.com\\\/blog\\\/\"},{\"@type\":\"ListItem\",\"position\":2,\"name\":\"Tutt\u2019altro che ordinario: il video che riassume il 2020 di Opel\"}]},{\"@type\":\"WebSite\",\"@id\":\"https:\\\/\\\/www.abmnews.com\\\/blog\\\/#website\",\"url\":\"https:\\\/\\\/www.abmnews.com\\\/blog\\\/\",\"name\":\"AbmNews\",\"description\":\"\",\"publisher\":{\"@id\":\"https:\\\/\\\/www.abmnews.com\\\/blog\\\/#organization\"},\"potentialAction\":[{\"@type\":\"SearchAction\",\"target\":{\"@type\":\"EntryPoint\",\"urlTemplate\":\"https:\\\/\\\/www.abmnews.com\\\/blog\\\/?s={search_term_string}\"},\"query-input\":{\"@type\":\"PropertyValueSpecification\",\"valueRequired\":true,\"valueName\":\"search_term_string\"}}],\"inLanguage\":\"it-IT\"},{\"@type\":\"Organization\",\"@id\":\"https:\\\/\\\/www.abmnews.com\\\/blog\\\/#organization\",\"name\":\"AbmNews\",\"url\":\"https:\\\/\\\/www.abmnews.com\\\/blog\\\/\",\"logo\":{\"@type\":\"ImageObject\",\"inLanguage\":\"it-IT\",\"@id\":\"https:\\\/\\\/www.abmnews.com\\\/blog\\\/#\\\/schema\\\/logo\\\/image\\\/\",\"url\":\"http:\\\/\\\/www.abmnews.com\\\/blog\\\/wp-content\\\/uploads\\\/2026\\\/01\\\/logoabmnews544x180.png\",\"contentUrl\":\"http:\\\/\\\/www.abmnews.com\\\/blog\\\/wp-content\\\/uploads\\\/2026\\\/01\\\/logoabmnews544x180.png\",\"width\":544,\"height\":180,\"caption\":\"AbmNews\"},\"image\":{\"@id\":\"https:\\\/\\\/www.abmnews.com\\\/blog\\\/#\\\/schema\\\/logo\\\/image\\\/\"},\"sameAs\":[\"https:\\\/\\\/www.facebook.com\\\/ABMnews\",\"https:\\\/\\\/x.com\\\/ABMnewscom\",\"https:\\\/\\\/www.instagram.com\\\/abmnewsblog\"]},{\"@type\":\"Person\",\"@id\":\"https:\\\/\\\/www.abmnews.com\\\/blog\\\/#\\\/schema\\\/person\\\/2da21c254d26591b7993648c954826a2\",\"name\":\"Redazione\",\"image\":{\"@type\":\"ImageObject\",\"inLanguage\":\"it-IT\",\"@id\":\"https:\\\/\\\/secure.gravatar.com\\\/avatar\\\/888b71ec1a1241930daa72f4c66b40f2390ac7ac3003b2cea4bbb235380b9dc2?s=96&d=mm&r=g\",\"url\":\"https:\\\/\\\/secure.gravatar.com\\\/avatar\\\/888b71ec1a1241930daa72f4c66b40f2390ac7ac3003b2cea4bbb235380b9dc2?s=96&d=mm&r=g\",\"contentUrl\":\"https:\\\/\\\/secure.gravatar.com\\\/avatar\\\/888b71ec1a1241930daa72f4c66b40f2390ac7ac3003b2cea4bbb235380b9dc2?s=96&d=mm&r=g\",\"caption\":\"Redazione\"},\"url\":\"https:\\\/\\\/www.abmnews.com\\\/blog\\\/author\\\/redazione\\\/\"}]}<\/script>\n<!-- \/ Yoast SEO plugin. -->","yoast_head_json":{"title":"Tutt\u2019altro che ordinario: il video che riassume il 2020 di Opel - AbmNews","robots":{"index":"index","follow":"follow","max-snippet":"max-snippet:-1","max-image-preview":"max-image-preview:large","max-video-preview":"max-video-preview:-1"},"canonical":"https:\/\/www.abmnews.com\/blog\/tuttaltro-che-ordinario-il-video-che-riassume-il-2020-di-opel\/","og_locale":"it_IT","og_type":"article","og_title":"Tutt\u2019altro che ordinario: il video che riassume il 2020 di Opel - AbmNews","og_url":"https:\/\/www.abmnews.com\/blog\/tuttaltro-che-ordinario-il-video-che-riassume-il-2020-di-opel\/","og_site_name":"AbmNews","article_publisher":"https:\/\/www.facebook.com\/ABMnews","article_published_time":"2021-01-04T09:54:33+00:00","article_modified_time":"2021-01-04T09:54:35+00:00","og_image":[{"width":800,"height":450,"url":"https:\/\/www.abmnews.com\/blog\/wp-content\/uploads\/2021\/01\/Opel-513943.jpg","type":"image\/jpeg"}],"author":"Redazione","twitter_card":"summary_large_image","twitter_creator":"@ABMnewscom","twitter_site":"@ABMnewscom","twitter_misc":{"Scritto da":"Redazione","Tempo di lettura stimato":"4 minuti"},"schema":{"@context":"https:\/\/schema.org","@graph":[{"@type":"Article","@id":"https:\/\/www.abmnews.com\/blog\/tuttaltro-che-ordinario-il-video-che-riassume-il-2020-di-opel\/#article","isPartOf":{"@id":"https:\/\/www.abmnews.com\/blog\/tuttaltro-che-ordinario-il-video-che-riassume-il-2020-di-opel\/"},"author":{"name":"Redazione","@id":"https:\/\/www.abmnews.com\/blog\/#\/schema\/person\/2da21c254d26591b7993648c954826a2"},"headline":"Tutt\u2019altro che ordinario: il video che riassume il 2020 di Opel","datePublished":"2021-01-04T09:54:33+00:00","dateModified":"2021-01-04T09:54:35+00:00","mainEntityOfPage":{"@id":"https:\/\/www.abmnews.com\/blog\/tuttaltro-che-ordinario-il-video-che-riassume-il-2020-di-opel\/"},"wordCount":923,"publisher":{"@id":"https:\/\/www.abmnews.com\/blog\/#organization"},"image":{"@id":"https:\/\/www.abmnews.com\/blog\/tuttaltro-che-ordinario-il-video-che-riassume-il-2020-di-opel\/#primaryimage"},"thumbnailUrl":"https:\/\/www.abmnews.com\/blog\/wp-content\/uploads\/2021\/01\/Opel-513943.jpg","articleSection":["Novit\u00e0","Opel"],"inLanguage":"it-IT"},{"@type":"WebPage","@id":"https:\/\/www.abmnews.com\/blog\/tuttaltro-che-ordinario-il-video-che-riassume-il-2020-di-opel\/","url":"https:\/\/www.abmnews.com\/blog\/tuttaltro-che-ordinario-il-video-che-riassume-il-2020-di-opel\/","name":"Tutt\u2019altro che ordinario: il video che riassume il 2020 di Opel - AbmNews","isPartOf":{"@id":"https:\/\/www.abmnews.com\/blog\/#website"},"primaryImageOfPage":{"@id":"https:\/\/www.abmnews.com\/blog\/tuttaltro-che-ordinario-il-video-che-riassume-il-2020-di-opel\/#primaryimage"},"image":{"@id":"https:\/\/www.abmnews.com\/blog\/tuttaltro-che-ordinario-il-video-che-riassume-il-2020-di-opel\/#primaryimage"},"thumbnailUrl":"https:\/\/www.abmnews.com\/blog\/wp-content\/uploads\/2021\/01\/Opel-513943.jpg","datePublished":"2021-01-04T09:54:33+00:00","dateModified":"2021-01-04T09:54:35+00:00","breadcrumb":{"@id":"https:\/\/www.abmnews.com\/blog\/tuttaltro-che-ordinario-il-video-che-riassume-il-2020-di-opel\/#breadcrumb"},"inLanguage":"it-IT","potentialAction":[{"@type":"ReadAction","target":["https:\/\/www.abmnews.com\/blog\/tuttaltro-che-ordinario-il-video-che-riassume-il-2020-di-opel\/"]}]},{"@type":"ImageObject","inLanguage":"it-IT","@id":"https:\/\/www.abmnews.com\/blog\/tuttaltro-che-ordinario-il-video-che-riassume-il-2020-di-opel\/#primaryimage","url":"https:\/\/www.abmnews.com\/blog\/wp-content\/uploads\/2021\/01\/Opel-513943.jpg","contentUrl":"https:\/\/www.abmnews.com\/blog\/wp-content\/uploads\/2021\/01\/Opel-513943.jpg","width":800,"height":450},{"@type":"BreadcrumbList","@id":"https:\/\/www.abmnews.com\/blog\/tuttaltro-che-ordinario-il-video-che-riassume-il-2020-di-opel\/#breadcrumb","itemListElement":[{"@type":"ListItem","position":1,"name":"Home","item":"https:\/\/www.abmnews.com\/blog\/"},{"@type":"ListItem","position":2,"name":"Tutt\u2019altro che ordinario: il video che riassume il 2020 di Opel"}]},{"@type":"WebSite","@id":"https:\/\/www.abmnews.com\/blog\/#website","url":"https:\/\/www.abmnews.com\/blog\/","name":"AbmNews","description":"","publisher":{"@id":"https:\/\/www.abmnews.com\/blog\/#organization"},"potentialAction":[{"@type":"SearchAction","target":{"@type":"EntryPoint","urlTemplate":"https:\/\/www.abmnews.com\/blog\/?s={search_term_string}"},"query-input":{"@type":"PropertyValueSpecification","valueRequired":true,"valueName":"search_term_string"}}],"inLanguage":"it-IT"},{"@type":"Organization","@id":"https:\/\/www.abmnews.com\/blog\/#organization","name":"AbmNews","url":"https:\/\/www.abmnews.com\/blog\/","logo":{"@type":"ImageObject","inLanguage":"it-IT","@id":"https:\/\/www.abmnews.com\/blog\/#\/schema\/logo\/image\/","url":"http:\/\/www.abmnews.com\/blog\/wp-content\/uploads\/2026\/01\/logoabmnews544x180.png","contentUrl":"http:\/\/www.abmnews.com\/blog\/wp-content\/uploads\/2026\/01\/logoabmnews544x180.png","width":544,"height":180,"caption":"AbmNews"},"image":{"@id":"https:\/\/www.abmnews.com\/blog\/#\/schema\/logo\/image\/"},"sameAs":["https:\/\/www.facebook.com\/ABMnews","https:\/\/x.com\/ABMnewscom","https:\/\/www.instagram.com\/abmnewsblog"]},{"@type":"Person","@id":"https:\/\/www.abmnews.com\/blog\/#\/schema\/person\/2da21c254d26591b7993648c954826a2","name":"Redazione","image":{"@type":"ImageObject","inLanguage":"it-IT","@id":"https:\/\/secure.gravatar.com\/avatar\/888b71ec1a1241930daa72f4c66b40f2390ac7ac3003b2cea4bbb235380b9dc2?s=96&d=mm&r=g","url":"https:\/\/secure.gravatar.com\/avatar\/888b71ec1a1241930daa72f4c66b40f2390ac7ac3003b2cea4bbb235380b9dc2?s=96&d=mm&r=g","contentUrl":"https:\/\/secure.gravatar.com\/avatar\/888b71ec1a1241930daa72f4c66b40f2390ac7ac3003b2cea4bbb235380b9dc2?s=96&d=mm&r=g","caption":"Redazione"},"url":"https:\/\/www.abmnews.com\/blog\/author\/redazione\/"}]}},"_links":{"self":[{"href":"https:\/\/www.abmnews.com\/blog\/wp-json\/wp\/v2\/posts\/52985","targetHints":{"allow":["GET"]}}],"collection":[{"href":"https:\/\/www.abmnews.com\/blog\/wp-json\/wp\/v2\/posts"}],"about":[{"href":"https:\/\/www.abmnews.com\/blog\/wp-json\/wp\/v2\/types\/post"}],"author":[{"embeddable":true,"href":"https:\/\/www.abmnews.com\/blog\/wp-json\/wp\/v2\/users\/2"}],"replies":[{"embeddable":true,"href":"https:\/\/www.abmnews.com\/blog\/wp-json\/wp\/v2\/comments?post=52985"}],"version-history":[{"count":1,"href":"https:\/\/www.abmnews.com\/blog\/wp-json\/wp\/v2\/posts\/52985\/revisions"}],"predecessor-version":[{"id":52987,"href":"https:\/\/www.abmnews.com\/blog\/wp-json\/wp\/v2\/posts\/52985\/revisions\/52987"}],"wp:featuredmedia":[{"embeddable":true,"href":"https:\/\/www.abmnews.com\/blog\/wp-json\/wp\/v2\/media\/52986"}],"wp:attachment":[{"href":"https:\/\/www.abmnews.com\/blog\/wp-json\/wp\/v2\/media?parent=52985"}],"wp:term":[{"taxonomy":"category","embeddable":true,"href":"https:\/\/www.abmnews.com\/blog\/wp-json\/wp\/v2\/categories?post=52985"},{"taxonomy":"post_tag","embeddable":true,"href":"https:\/\/www.abmnews.com\/blog\/wp-json\/wp\/v2\/tags?post=52985"}],"curies":[{"name":"wp","href":"https:\/\/api.w.org\/{rel}","templated":true}]}}